{"id":12640,"date":"2021-11-24T15:19:20","date_gmt":"2021-11-24T15:19:20","guid":{"rendered":"http:\/\/www.pasadenahoy.com\/primero\/?p=12640"},"modified":"2021-11-24T15:19:23","modified_gmt":"2021-11-24T15:19:23","slug":"asi-es-como-puede-informar-de-forma-anonima-informacion-sobre-el-tiroteo-de-moreno-balvaneda","status":"publish","type":"post","link":"http:\/\/www.pasadenahoy.com\/primero\/la-comunidad\/asi-es-como-puede-informar-de-forma-anonima-informacion-sobre-el-tiroteo-de-moreno-balvaneda\/","title":{"rendered":"As\u00ed es como puede informar de forma an\u00f3nima informaci\u00f3n sobre el tiroteo de Moreno-Balvaneda"},"content":{"rendered":"\n<figure class=\"wp-block-image alignnone size-large\"><figure class=\"alignnone\"><img loading=\"lazy\" width=\"700\" height=\"378\" src=\"http:\/\/www.pasadenahoy.com\/primero\/wp-content\/uploads\/2021\/11\/pic-3-4.png\" alt=\"\" class=\"wp-image-12641\" srcset=\"http:\/\/www.pasadenahoy.com\/primero\/wp-content\/uploads\/2021\/11\/pic-3-4.png 700w, http:\/\/www.pasadenahoy.com\/primero\/wp-content\/uploads\/2021\/11\/pic-3-4-300x162.png 300w, http:\/\/www.pasadenahoy.com\/primero\/wp-content\/uploads\/2021\/11\/pic-3-4-241x130.png 241w, http:\/\/www.pasadenahoy.com\/primero\/wp-content\/uploads\/2021\/11\/pic-3-4-333x180.png 333w, http:\/\/www.pasadenahoy.com\/primero\/wp-content\/uploads\/2021\/11\/pic-3-4-360x194.png 360w\" sizes=\"100vw\" \/><figcaption><span class=\"caption-text\">Ir\u00e1n Moreno-Balvaneda. [Imagen cortes\u00eda de GoFundMe]<\/span><\/figcaption><\/figure><\/figure>\n\n\n\n<p><br>Si tiene informaci\u00f3n sobre el tiroteo del Ir\u00e1n Moreno-Balvaneda durante 13 a\u00f1os, o cualquier otro tiroteo local, puede denunciarlo de forma an\u00f3nima.<br>Moreno Balvaneda fue herido de muerte poco despu\u00e9s de las 6 p.m. el s\u00e1bado por la noche despu\u00e9s de que sonaron disparos en North Raymond Avenue, donde estaba jugando videojuegos en su casa.<\/p>\n\n\n\n<p>La polic\u00eda dice que \u00e9l no era el objetivo previsto del tiroteo.<\/p>\n\n\n\n<p>Para reportar informaci\u00f3n sobre el tiroteo de forma an\u00f3nima, llame a Crime Stoppers (800) 222-TIPS (8477), use su tel\u00e9fono inteligente descargando la APLICACI\u00d3N m\u00f3vil \u201cP3 Tips\u201d en Google Play o Apple App Store o usando el sitio web http: \/\/ lacrimestoppers.org.<\/p>\n\n\n\n<p>En una conferencia de prensa el lunes, los funcionarios locales pidieron ayuda al p\u00fablico para resolver el asesinato del ni\u00f1o y frenar la violencia con armas de fuego.<\/p>\n\n\n\n<p>\u201cNadie en esta ciudad tiene derecho a decirles a los j\u00f3venes de nuestra comunidad que tienen que quedarse en casa, que no pueden salir al parque y a la comunidad\u201d, dijo el alcalde V\u00edctor Gordo. \u201cTodas esas personas deber\u00edan enfrentar las consecuencias de la ley. Todas esas personas deber\u00edan enfrentar las consecuencias de estar fuera de la ley &#8220;.<\/p>\n\n\n\n<p>A la conferencia de prensa del lunes asistieron Gordo, el vicealcalde Andy Wilson, la jefa de polic\u00eda adjunta Cheryl Moody y los concejales John Kennedy, Felicia Williams y Jess Rivas.<\/p>\n\n\n\n<p>\u201cEntr\u00e9guese\u201d, dijo el concejal John Kennedy. \u201cA cualquiera que estuvo con \u00e9l, entr\u00e9guese. A cualquiera que sepa qui\u00e9n es, entr\u00e9guelo. No importa si este hombre, presumiblemente un hombre, es negro, moreno o blanco. No importa si est\u00e1 en una pandilla o es un lobo solitario. No importa si es joven o viejo, entr\u00e9guelo. Como pueblos diversos en comunidades diversas, debemos levantarnos y unirnos. Debe hacerse justicia. Depende de nosotros hablar y no guardar silencio. Si sabe algo, diga algo. Entregarlo y acabar con esta locura &#8220;.<\/p>\n\n\n\n<p>Rivas calific\u00f3 la situaci\u00f3n como &#8220;la pesadilla de todos los padres&#8221;.<\/p>\n\n\n\n<p>\u201cLos involucrados tienen que hablar y entregar a los responsables\u201d, dijo Rivas.<\/p>\n\n\n\n<p>Seg\u00fan Moody, la polic\u00eda est\u00e1 recopilando informaci\u00f3n sobre el tiroteo.<\/p>\n\n\n\n<p>\u201cEstamos trabajando con diferentes miembros de diferentes entidades para recopilar m\u00e1s informaci\u00f3n sobre pandillas, para ver qu\u00e9 est\u00e1 sucediendo espec\u00edficamente. Pero nuevamente, necesitamos la ayuda de la comunidad. Necesitamos que se presenten. Aquellos que saben algo, se acercan y nos ayudan a descubrir qu\u00e9 est\u00e1 pasando &#8220;.<\/p>\n\n\n\n<p>Tambi\u00e9n se ha establecido una cuenta de GoFundMe en:<br><a href=\"https:\/\/www.gofundme.com\/f\/92v748-heaven-has-gained-an-angel?\">https:\/\/www.gofundme.com\/f\/92v748-heaven-has-gained-an-angel?<\/a><\/p>\n","protected":false},"excerpt":{"rendered":"<p>Si tiene informaci\u00f3n sobre el tiroteo del Ir\u00e1n Moreno-Balvaneda durante 13 a\u00f1os, o cualquier otro tiroteo local, puede denunciarlo de forma an\u00f3nima.Moreno Balvaneda fue herido de muerte poco despu\u00e9s de las 6 p.m. el s\u00e1bado por la noche despu\u00e9s de que sonaron disparos en North Raymond Avenue, donde estaba jugando videojuegos en su casa. La polic\u00eda dice que \u00e9l no era el objetivo previsto del tiroteo. Para reportar informaci\u00f3n sobre el tiroteo de forma an\u00f3nima, llame a Crime Stoppers (800) [&hellip;]<\/p>\n","protected":false},"author":4,"featured_media":12641,"comment_status":"open","ping_status":"closed","sticky":false,"template":"","format":"standard","meta":[],"categories":[4],"tags":[],"acf":[],"_links":{"self":[{"href":"http:\/\/www.pasadenahoy.com\/primero\/wp-json\/wp\/v2\/posts\/12640"}],"collection":[{"href":"http:\/\/www.pasadenahoy.com\/primero\/wp-json\/wp\/v2\/posts"}],"about":[{"href":"http:\/\/www.pasadenahoy.com\/primero\/wp-json\/wp\/v2\/types\/post"}],"author":[{"embeddable":true,"href":"http:\/\/www.pasadenahoy.com\/primero\/wp-json\/wp\/v2\/users\/4"}],"replies":[{"embeddable":true,"href":"http:\/\/www.pasadenahoy.com\/primero\/wp-json\/wp\/v2\/comments?post=12640"}],"version-history":[{"count":2,"href":"http:\/\/www.pasadenahoy.com\/primero\/wp-json\/wp\/v2\/posts\/12640\/revisions"}],"predecessor-version":[{"id":12643,"href":"http:\/\/www.pasadenahoy.com\/primero\/wp-json\/wp\/v2\/posts\/12640\/revisions\/12643"}],"wp:featuredmedia":[{"embeddable":true,"href":"http:\/\/www.pasadenahoy.com\/primero\/wp-json\/wp\/v2\/media\/12641"}],"wp:attachment":[{"href":"http:\/\/www.pasadenahoy.com\/primero\/wp-json\/wp\/v2\/media?parent=12640"}],"wp:term":[{"taxonomy":"category","embeddable":true,"href":"http:\/\/www.pasadenahoy.com\/primero\/wp-json\/wp\/v2\/categories?post=12640"},{"taxonomy":"post_tag","embeddable":true,"href":"http:\/\/www.pasadenahoy.com\/primero\/wp-json\/wp\/v2\/tags?post=12640"}],"curies":[{"name":"wp","href":"https:\/\/api.w.org\/{rel}","templated":true}]}}