{"id":12644,"date":"2021-11-24T15:23:26","date_gmt":"2021-11-24T15:23:26","guid":{"rendered":"http:\/\/www.pasadenahoy.com\/primero\/?p=12644"},"modified":"2021-11-24T15:23:28","modified_gmt":"2021-11-24T15:23:28","slug":"la-comision-de-diseno-aprueba-el-diseno-final-para-un-nuevo-desarrollo-residencial-familiar-de-13-unidades-a-lo-largo-de-north-hill-avenue","status":"publish","type":"post","link":"http:\/\/www.pasadenahoy.com\/primero\/la-comunidad\/la-comision-de-diseno-aprueba-el-diseno-final-para-un-nuevo-desarrollo-residencial-familiar-de-13-unidades-a-lo-largo-de-north-hill-avenue\/","title":{"rendered":"La Comisi\u00f3n de Dise\u00f1o aprueba el dise\u00f1o final para un nuevo desarrollo residencial familiar de 13 unidades a lo largo de North Hill Avenue"},"content":{"rendered":"\n<figure class=\"wp-block-image alignnone size-large\"><figure class=\"alignnone\"><img loading=\"lazy\" width=\"700\" height=\"378\" src=\"http:\/\/www.pasadenahoy.com\/primero\/wp-content\/uploads\/2021\/11\/pic-4-3.png\" alt=\"\" class=\"wp-image-12645\" srcset=\"http:\/\/www.pasadenahoy.com\/primero\/wp-content\/uploads\/2021\/11\/pic-4-3.png 700w, http:\/\/www.pasadenahoy.com\/primero\/wp-content\/uploads\/2021\/11\/pic-4-3-300x162.png 300w, http:\/\/www.pasadenahoy.com\/primero\/wp-content\/uploads\/2021\/11\/pic-4-3-241x130.png 241w, http:\/\/www.pasadenahoy.com\/primero\/wp-content\/uploads\/2021\/11\/pic-4-3-333x180.png 333w, http:\/\/www.pasadenahoy.com\/primero\/wp-content\/uploads\/2021\/11\/pic-4-3-360x194.png 360w\" sizes=\"100vw\" \/><\/figure><\/figure>\n\n\n\n<p>Los comisionados de dise\u00f1o de Pasadena aprobaron el martes la solicitud de revisi\u00f3n de dise\u00f1o final para un desarrollo multifamiliar de 11,580 pies cuadrados en Hill Avenue por un voto de 6-1.<\/p>\n\n\n\n<p>El desarrollo est\u00e1 planeado para 439 North Hill Avenue.<\/p>\n\n\n\n<p>Los comisionados Christopher Hawthrone y Timothy Sales estuvieron ausentes durante la reuni\u00f3n. El comisionado Stephen Lapira vot\u00f3 en contra del dise\u00f1o propuesto.<\/p>\n\n\n\n<p>El estilo arquitect\u00f3nico que se utilizar\u00e1 para el desarrollo multifamiliar propuesto de dos a tres pisos y 13 unidades con estacionamiento a nivel es &#8220;Craftsman contempor\u00e1neo&#8221;.<\/p>\n\n\n\n<p>El distrito hist\u00f3rico de Holliston Avenue, que consiste principalmente en casas unifamiliares de estilo Craftsman, est\u00e1 ubicado a solo dos cuadras al noroeste del sitio del proyecto.<\/p>\n\n\n\n<p>El edificio presenta una masa c\u00fabica con techos a dos aguas que var\u00edan en altura de dos a tres pisos y se grad\u00faan de este a oeste.<\/p>\n\n\n\n<p>La parte delantera del edificio consta de un volumen de dos pisos con pisos en cada piso. La parte trasera del edificio consta de dos pisos de apartamentos encima de un estacionamiento en la superficie.<\/p>\n\n\n\n<p>Se requiere una aprobaci\u00f3n de revisi\u00f3n de dise\u00f1o final antes de presentar un edificio o un permiso de desarrollo del sitio para un proyecto.<\/p>\n\n\n\n<p>Durante la reuni\u00f3n, los comisionados coincidieron con las condiciones establecidas por el personal de la ciudad, que ser\u00e1n revisadas antes de la emisi\u00f3n de un permiso de construcci\u00f3n para el proyecto.<\/p>\n\n\n\n<p>Bajo estas condiciones, las nuevas unidades residenciales incorporar\u00e1n en su dise\u00f1o sistemas de filtraci\u00f3n de aire con una calificaci\u00f3n m\u00ednima de Valor de Informe de Eficiencia M\u00ednima (MERV) 13.<\/p>\n\n\n\n<p>El proyecto deber\u00e1 cumplir con la Ordenanza Modelo de Paisajismo Eficiente en Agua y cualquier cambio al dise\u00f1o del paisaje propuesto que pueda ser requerido deber\u00e1 ser revisado y aprobado por el personal antes de la emisi\u00f3n del permiso de construcci\u00f3n.<\/p>\n\n\n\n<p>El desarrollo tambi\u00e9n debe demostrar coherencia con el Plan de Acci\u00f3n Clim\u00e1tica de la ciudad.<\/p>\n\n\n\n<p>\u201cTodo este proceso, la forma en que ha evolucionado este proyecto, felicito al solicitante. Ha sido una gran mejora. Es un proyecto mucho mejor &#8220;, dijo el presidente de la Comisi\u00f3n, Srinivas Rao, durante la audiencia p\u00fablica de la Comisi\u00f3n.<\/p>\n\n\n\n<p>La Comisi\u00f3n de Dise\u00f1o aprob\u00f3 la solicitud de Revisi\u00f3n de Dise\u00f1o de Concepto para el proyecto propuesto el 13 de julio pasado.<\/p>\n","protected":false},"excerpt":{"rendered":"<p>Los comisionados de dise\u00f1o de Pasadena aprobaron el martes la solicitud de revisi\u00f3n de dise\u00f1o final para un desarrollo multifamiliar de 11,580 pies cuadrados en Hill Avenue por un voto de 6-1. El desarrollo est\u00e1 planeado para 439 North Hill Avenue. Los comisionados Christopher Hawthrone y Timothy Sales estuvieron ausentes durante la reuni\u00f3n. El comisionado Stephen Lapira vot\u00f3 en contra del dise\u00f1o propuesto. El estilo arquitect\u00f3nico que se utilizar\u00e1 para el desarrollo multifamiliar propuesto de dos a tres pisos y [&hellip;]<\/p>\n","protected":false},"author":4,"featured_media":0,"comment_status":"open","ping_status":"closed","sticky":false,"template":"","format":"standard","meta":[],"categories":[4],"tags":[],"acf":[],"_links":{"self":[{"href":"http:\/\/www.pasadenahoy.com\/primero\/wp-json\/wp\/v2\/posts\/12644"}],"collection":[{"href":"http:\/\/www.pasadenahoy.com\/primero\/wp-json\/wp\/v2\/posts"}],"about":[{"href":"http:\/\/www.pasadenahoy.com\/primero\/wp-json\/wp\/v2\/types\/post"}],"author":[{"embeddable":true,"href":"http:\/\/www.pasadenahoy.com\/primero\/wp-json\/wp\/v2\/users\/4"}],"replies":[{"embeddable":true,"href":"http:\/\/www.pasadenahoy.com\/primero\/wp-json\/wp\/v2\/comments?post=12644"}],"version-history":[{"count":2,"href":"http:\/\/www.pasadenahoy.com\/primero\/wp-json\/wp\/v2\/posts\/12644\/revisions"}],"predecessor-version":[{"id":12647,"href":"http:\/\/www.pasadenahoy.com\/primero\/wp-json\/wp\/v2\/posts\/12644\/revisions\/12647"}],"wp:attachment":[{"href":"http:\/\/www.pasadenahoy.com\/primero\/wp-json\/wp\/v2\/media?parent=12644"}],"wp:term":[{"taxonomy":"category","embeddable":true,"href":"http:\/\/www.pasadenahoy.com\/primero\/wp-json\/wp\/v2\/categories?post=12644"},{"taxonomy":"post_tag","embeddable":true,"href":"http:\/\/www.pasadenahoy.com\/primero\/wp-json\/wp\/v2\/tags?post=12644"}],"curies":[{"name":"wp","href":"https:\/\/api.w.org\/{rel}","templated":true}]}}