{"id":12671,"date":"2021-11-25T15:25:29","date_gmt":"2021-11-25T15:25:29","guid":{"rendered":"http:\/\/www.pasadenahoy.com\/primero\/?p=12671"},"modified":"2021-11-25T15:25:31","modified_gmt":"2021-11-25T15:25:31","slug":"ayuntamiento-la-mayoria-de-los-servicios-de-la-ciudad-estan-cerrados-hoy-y-viernes","status":"publish","type":"post","link":"http:\/\/www.pasadenahoy.com\/primero\/la-comunidad\/ayuntamiento-la-mayoria-de-los-servicios-de-la-ciudad-estan-cerrados-hoy-y-viernes\/","title":{"rendered":"Ayuntamiento, la mayor\u00eda de los servicios de la ciudad est\u00e1n cerrados hoy y viernes"},"content":{"rendered":"\n<figure class=\"wp-block-image alignnone size-large\"><figure class=\"alignnone\"><img loading=\"lazy\" width=\"700\" height=\"378\" src=\"http:\/\/www.pasadenahoy.com\/primero\/wp-content\/uploads\/2021\/11\/pic-3-11.jpg\" alt=\"\" class=\"wp-image-12672\" srcset=\"http:\/\/www.pasadenahoy.com\/primero\/wp-content\/uploads\/2021\/11\/pic-3-11.jpg 700w, http:\/\/www.pasadenahoy.com\/primero\/wp-content\/uploads\/2021\/11\/pic-3-11-300x162.jpg 300w, http:\/\/www.pasadenahoy.com\/primero\/wp-content\/uploads\/2021\/11\/pic-3-11-241x130.jpg 241w, http:\/\/www.pasadenahoy.com\/primero\/wp-content\/uploads\/2021\/11\/pic-3-11-333x180.jpg 333w, http:\/\/www.pasadenahoy.com\/primero\/wp-content\/uploads\/2021\/11\/pic-3-11-360x194.jpg 360w\" sizes=\"100vw\" \/><\/figure><\/figure>\n\n\n\n<p>Se recuerda a los residentes y negocios de Pasadena que el Ayuntamiento y la mayor\u00eda de los servicios de la Ciudad estar\u00e1n cerrados el jueves 25 de noviembre y el viernes 26 de noviembre en observancia del feriado del D\u00eda de Acci\u00f3n de Gracias. A continuaci\u00f3n se indican cierres, excepciones y recordatorios espec\u00edficos.<\/p>\n\n\n\n<p>Los Departamentos de Polic\u00eda y Bomberos de Pasadena seguir\u00e1n contando con personal para todos los servicios de patrulla, c\u00e1rcel, bomberos, param\u00e9dicos y otros servicios de emergencia. Siempre llame al 9-1-1 en caso de emergencias potencialmente mortales. Para casos que no sean de emergencia, llame al (626) 744-4241. Si ves algo, di algo.&#8221; Reporte cualquier actividad sospechosa al Departamento de Polic\u00eda de Pasadena al (626) 744-4241.<\/p>\n\n\n\n<p>Los residentes y negocios de Pasadena con emergencias de energ\u00eda deben llamar al Departamento de Agua y Energ\u00eda (PWP) de Pasadena al (626) 744-4673. Para emergencias relacionadas con el agua, llame al (626) 744-4138. El Centro de llamadas de servicio al cliente de PWP estar\u00e1 cerrado durante las vacaciones, pero los clientes pueden acceder a sus cuentas y realizar pagos a trav\u00e9s del sistema telef\u00f3nico automatizado al (626) 744-4005 o en l\u00ednea en <a href=\"https:\/\/gcc02.safelinks.protection.outlook.com\/?url=http%3A%2F%2Fwww.pwpweb.com%2F&amp;data=04%7C01%7Ctwright%40cityofpasadena.net%7Cca5edb48d935487b666f08d9a9640a95%7C82d9fc002c664402a28fc6bcdc32e491%7C1%7C0%7C637727069412829364%7CUnknown%7CTWFpbGZsb3d8eyJWIjoiMC4wLjAwMDAiLCJQIjoiV2luMzIiLCJBTiI6Ik1haWwiLCJXVCI6Mn0%3D%7C3000&amp;sdata=RncZHT5ouE8Qz1w8Oj0gvuk9o4TdlJKhDIsxDUUJfY8%3D&amp;reserved=0\">www.PWPweb.com.<\/a><\/p>\n\n\n\n<p>El <a href=\"https:\/\/www.cityofpasadena.net\/citizen-service-center\/\">Centro de Servicio al Ciudadano<\/a> de la Ciudad (CSC) estar\u00e1 cerrado el D\u00eda de Acci\u00f3n de Gracias y reabrir\u00e1 el viernes 26 de noviembre de 8 a.m. a mediod\u00eda. Puede comunicarse con el CSC a trav\u00e9s de <a href=\"https:\/\/www.cityofpasadena.net\/citizen-service-center\/\">la web<\/a> o llamando al (626) 744-7311. La recolecci\u00f3n regular de basura y reciclaje para el jueves (D\u00eda de Acci\u00f3n de Gracias) se llevar\u00e1 a cabo el viernes 26 de noviembre y la recolecci\u00f3n del viernes se realizar\u00e1 el s\u00e1bado 27 de noviembre.<\/p>\n\n\n\n<p>Los programas de transporte Pasadena Transit y Dial-A-Ride no operar\u00e1n el jueves 25 de noviembre, pero reanudar\u00e1n el servicio regular el viernes 26 de noviembre. Todos los parqu\u00edmetros son gratuitos y los l\u00edmites de tiempo de estacionamiento no se aplicar\u00e1n el D\u00eda de Acci\u00f3n de Gracias, pero Se advierte a los compradores que toda la aplicaci\u00f3n regular de los medidores se reanudar\u00e1 el viernes 26 de noviembre. Las infracciones por restricciones de estacionamiento durante la noche, estacionamiento en la acera roja y bloqueo de bocas de incendio continuar\u00e1n emiti\u00e9ndose en ambos d\u00edas.<\/p>\n\n\n\n<p>Todos los sitios de la Biblioteca P\u00fablica de Pasadena cerrar\u00e1n a las 5 p.m. el mi\u00e9rcoles 24 de noviembre y permanecer\u00e1 cerrado los dos d\u00edas siguientes. El Centro de Permisos y los Centros de Pago de la Ciudad tambi\u00e9n estar\u00e1n cerrados el jueves 25 de noviembre y el viernes 26 de noviembre. Los servicios de permisos en l\u00ednea est\u00e1n disponibles las 24 horas del d\u00eda, los 7 d\u00edas de la semana en <a href=\"http:\/\/www.cityofpasadena.net\/PermitCenterOnline\">www.cityofpasadena.net\/PermitCenterOnline<\/a>.<\/p>\n\n\n\n<p>Todos los centros de recreaci\u00f3n y comunitarios operados por el Departamento de Parques, Recreaci\u00f3n y Servicios Comunitarios de la Ciudad estar\u00e1n cerrados el jueves 25 de noviembre y el viernes 26 de noviembre, pero todos los parques estar\u00e1n abiertos para picnics, diversi\u00f3n y juego. No se aceptan reservas de sitios para las vacaciones.<\/p>\n\n\n\n<p>\u00bfQuiere hacer algunas compras navide\u00f1as? El personal de desarrollo econ\u00f3mico de la Ciudad y la Oficina de Convenciones y Visitantes han lanzado la<a href=\"https:\/\/www.cityofpasadena.net\/city-manager\/news-releases\/from-pasadena-with-love-holiday-shop-local-campaign-launched-by-city-of-pasadena-visit-pasadena\/\"> campa\u00f1a &#8220;Desde Pasadena, con amor&#8221;<\/a> para apoyar a las empresas de Pasadena y alentar a los miembros de la comunidad a comprar y cenar localmente en esta temporada navide\u00f1a. A partir del s\u00e1bado de la peque\u00f1a empresa (27 de noviembre), los clientes que visiten cualquiera de las <a href=\"https:\/\/www.cityofpasadena.net\/economicdevelopment\/shop-pasadena\/\">estaciones de bienvenida oficiales de la campa\u00f1a, <\/a>ubicadas en varias empresas peque\u00f1as e independientes en toda la ciudad, tendr\u00e1n la oportunidad de ganar botines y experiencias con la marca Pasadena. Los obsequios se distribuir\u00e1n por orden de llegada y van desde alfileres y bolsas de esmalte personalizados hasta entradas a museos, pases para festivales de m\u00fasica y entradas para el Rose Parade. Para obtener m\u00e1s informaci\u00f3n, visite <a href=\"https:\/\/cityofpasadena.us19.list-manage.com\/track\/click?u=196c49ab6af4f4ea7306fddbb&amp;id=23cca914c0&amp;e=ff9dda29be\">www.cityofpasadena.net\/shoppasadena.<\/a><\/p>\n\n\n\n<p>La Ciudad les desea a todos unas felices y seguras vacaciones. Celebre de manera responsable y siempre designe a un conductor sobrio.<\/p>\n","protected":false},"excerpt":{"rendered":"<p>Se recuerda a los residentes y negocios de Pasadena que el Ayuntamiento y la mayor\u00eda de los servicios de la Ciudad estar\u00e1n cerrados el jueves 25 de noviembre y el viernes 26 de noviembre en observancia del feriado del D\u00eda de Acci\u00f3n de Gracias. A continuaci\u00f3n se indican cierres, excepciones y recordatorios espec\u00edficos. Los Departamentos de Polic\u00eda y Bomberos de Pasadena seguir\u00e1n contando con personal para todos los servicios de patrulla, c\u00e1rcel, bomberos, param\u00e9dicos y otros servicios de emergencia. Siempre [&hellip;]<\/p>\n","protected":false},"author":4,"featured_media":12673,"comment_status":"open","ping_status":"closed","sticky":false,"template":"","format":"standard","meta":[],"categories":[4],"tags":[],"acf":[],"_links":{"self":[{"href":"http:\/\/www.pasadenahoy.com\/primero\/wp-json\/wp\/v2\/posts\/12671"}],"collection":[{"href":"http:\/\/www.pasadenahoy.com\/primero\/wp-json\/wp\/v2\/posts"}],"about":[{"href":"http:\/\/www.pasadenahoy.com\/primero\/wp-json\/wp\/v2\/types\/post"}],"author":[{"embeddable":true,"href":"http:\/\/www.pasadenahoy.com\/primero\/wp-json\/wp\/v2\/users\/4"}],"replies":[{"embeddable":true,"href":"http:\/\/www.pasadenahoy.com\/primero\/wp-json\/wp\/v2\/comments?post=12671"}],"version-history":[{"count":2,"href":"http:\/\/www.pasadenahoy.com\/primero\/wp-json\/wp\/v2\/posts\/12671\/revisions"}],"predecessor-version":[{"id":12675,"href":"http:\/\/www.pasadenahoy.com\/primero\/wp-json\/wp\/v2\/posts\/12671\/revisions\/12675"}],"wp:featuredmedia":[{"embeddable":true,"href":"http:\/\/www.pasadenahoy.com\/primero\/wp-json\/wp\/v2\/media\/12673"}],"wp:attachment":[{"href":"http:\/\/www.pasadenahoy.com\/primero\/wp-json\/wp\/v2\/media?parent=12671"}],"wp:term":[{"taxonomy":"category","embeddable":true,"href":"http:\/\/www.pasadenahoy.com\/primero\/wp-json\/wp\/v2\/categories?post=12671"},{"taxonomy":"post_tag","embeddable":true,"href":"http:\/\/www.pasadenahoy.com\/primero\/wp-json\/wp\/v2\/tags?post=12671"}],"curies":[{"name":"wp","href":"https:\/\/api.w.org\/{rel}","templated":true}]}}