{"id":12676,"date":"2021-11-25T15:29:03","date_gmt":"2021-11-25T15:29:03","guid":{"rendered":"http:\/\/www.pasadenahoy.com\/primero\/?p=12676"},"modified":"2021-11-25T15:29:31","modified_gmt":"2021-11-25T15:29:31","slug":"el-alcalde-victor-gordo-emite-un-mensaje-a-la-ciudad","status":"publish","type":"post","link":"http:\/\/www.pasadenahoy.com\/primero\/el-gobierno-local\/el-alcalde-victor-gordo-emite-un-mensaje-a-la-ciudad\/","title":{"rendered":"El alcalde V\u00edctor Gordo emite un mensaje a la ciudad"},"content":{"rendered":"\n<figure class=\"wp-block-image alignnone size-large\"><figure class=\"alignnone\"><img loading=\"lazy\" width=\"700\" height=\"378\" src=\"http:\/\/www.pasadenahoy.com\/primero\/wp-content\/uploads\/2021\/11\/pic-4-14.jpg\" alt=\"\" class=\"wp-image-12677\" srcset=\"http:\/\/www.pasadenahoy.com\/primero\/wp-content\/uploads\/2021\/11\/pic-4-14.jpg 700w, http:\/\/www.pasadenahoy.com\/primero\/wp-content\/uploads\/2021\/11\/pic-4-14-300x162.jpg 300w, http:\/\/www.pasadenahoy.com\/primero\/wp-content\/uploads\/2021\/11\/pic-4-14-241x130.jpg 241w, http:\/\/www.pasadenahoy.com\/primero\/wp-content\/uploads\/2021\/11\/pic-4-14-333x180.jpg 333w, http:\/\/www.pasadenahoy.com\/primero\/wp-content\/uploads\/2021\/11\/pic-4-14-360x194.jpg 360w\" sizes=\"100vw\" \/><figcaption><span class=\"caption-text\">Alcalde de Pasadena, V\u00edctor Gordo<\/span><\/figcaption><\/figure><\/figure>\n\n\n\n<p>Estoy desconsolado de que una vez m\u00e1s nuestra Ciudad haya tenido otro incidente de violencia con armas de fuego en tan poco tiempo. Ayer, 23 de noviembre, en East Pasadena, dos personas murieron y otras dos v\u00edctimas inocentes estuvieron involucradas, pero afortunadamente resultaron ilesas.<\/p>\n\n\n\n<p>Es importante se\u00f1alar que este no fue un incidente relacionado con pandillas y, seg\u00fan nuestra informaci\u00f3n preliminar, los agentes de polic\u00eda llegaron al lugar y localizaron a una v\u00edctima masculina, que hab\u00eda sido alcanzada varias veces por disparos. En su intento de escapar, el sospechoso, armado con un arma de fuego, rob\u00f3 un veh\u00edculo, pero finalmente huy\u00f3 a pie una vez que llegaron los oficiales. Los agentes lo persiguieron, se pusieron en contacto con el sospechoso y se produjo un tiroteo entre agentes implicados (OIS). En un momento durante el incidente, el sospechoso tom\u00f3 como reh\u00e9n a una segunda mujer a punta de pistola. El reh\u00e9n finalmente fue rescatado, ileso. Felicito a nuestros oficiales por su tiempo de respuesta r\u00e1pido y su acci\u00f3n r\u00e1pida para prevenir m\u00e1s p\u00e9rdidas de vidas.<\/p>\n\n\n\n<p>Mientras estamos en medio del luto por Ir\u00e1n, de 13 a\u00f1os, que fue asesinado por un disparo de bala en su casa el s\u00e1bado por la noche, este nuevo incidente de violencia con armas de fuego es perturbador e inquietante para toda nuestra comunidad.<\/p>\n\n\n\n<p>Como su alcalde, quiero que sepa que la seguridad de nuestra ciudad es mi m\u00e1xima prioridad. Estoy trabajando con mis colegas del Concejo Municipal, nuestro administrador municipal, jefe de polic\u00eda, jefe de bomberos, personal de la ciudad y l\u00edderes comunitarios para abordar esta violencia y ayudar con las necesidades inmediatas de los miembros de nuestra comunidad que est\u00e1n profundamente afectados. Les pido a todos que mantengan a nuestras v\u00edctimas en sus oraciones mientras trabajamos para detener esta violencia.<\/p>\n\n\n\n<p>Estamos reuniendo todos los recursos de nuestra Ciudad y enfoc\u00e1ndonos en los esfuerzos de prevenci\u00f3n e intervenci\u00f3n como fue necesario en este \u00faltimo incidente, y enfatizo la importancia de que todos trabajemos juntos como vecinos y amigos, para abordar el problema de la violencia en nuestra comunidad. Hoy anunciamos una recompensa de $ 10,000 por informaci\u00f3n que conduzca al arresto y condena del sospechoso (s) responsable (s) del tr\u00e1gico asesinato de Ir\u00e1n de 13 a\u00f1os el 20 de noviembre. Se recomienda a cualquier persona que tenga informaci\u00f3n sobre este caso que llame a la Polic\u00eda de Pasadena al (626) 744-4241 o puede reportar informaci\u00f3n de forma an\u00f3nima llamando a \u201cCrime Stoppers\u201d marcando (800) 222-TIPS (8477).<\/p>\n\n\n\n<p>Por m\u00e1s dif\u00edciles que hayan sido estos \u00faltimos d\u00edas para nuestra comunidad, en este feriado de Acci\u00f3n de Gracias, mantengamos a las v\u00edctimas de estos y todos los incidentes de violencia en nuestro coraz\u00f3n, y estemos presentes en el momento con nuestra familia y seres queridos.<\/p>\n","protected":false},"excerpt":{"rendered":"<p>Estoy desconsolado de que una vez m\u00e1s nuestra Ciudad haya tenido otro incidente de violencia con armas de fuego en tan poco tiempo. Ayer, 23 de noviembre, en East Pasadena, dos personas murieron y otras dos v\u00edctimas inocentes estuvieron involucradas, pero afortunadamente resultaron ilesas. Es importante se\u00f1alar que este no fue un incidente relacionado con pandillas y, seg\u00fan nuestra informaci\u00f3n preliminar, los agentes de polic\u00eda llegaron al lugar y localizaron a una v\u00edctima masculina, que hab\u00eda sido alcanzada varias veces [&hellip;]<\/p>\n","protected":false},"author":4,"featured_media":0,"comment_status":"open","ping_status":"closed","sticky":false,"template":"","format":"standard","meta":[],"categories":[6],"tags":[],"acf":[],"_links":{"self":[{"href":"http:\/\/www.pasadenahoy.com\/primero\/wp-json\/wp\/v2\/posts\/12676"}],"collection":[{"href":"http:\/\/www.pasadenahoy.com\/primero\/wp-json\/wp\/v2\/posts"}],"about":[{"href":"http:\/\/www.pasadenahoy.com\/primero\/wp-json\/wp\/v2\/types\/post"}],"author":[{"embeddable":true,"href":"http:\/\/www.pasadenahoy.com\/primero\/wp-json\/wp\/v2\/users\/4"}],"replies":[{"embeddable":true,"href":"http:\/\/www.pasadenahoy.com\/primero\/wp-json\/wp\/v2\/comments?post=12676"}],"version-history":[{"count":4,"href":"http:\/\/www.pasadenahoy.com\/primero\/wp-json\/wp\/v2\/posts\/12676\/revisions"}],"predecessor-version":[{"id":12681,"href":"http:\/\/www.pasadenahoy.com\/primero\/wp-json\/wp\/v2\/posts\/12676\/revisions\/12681"}],"wp:attachment":[{"href":"http:\/\/www.pasadenahoy.com\/primero\/wp-json\/wp\/v2\/media?parent=12676"}],"wp:term":[{"taxonomy":"category","embeddable":true,"href":"http:\/\/www.pasadenahoy.com\/primero\/wp-json\/wp\/v2\/categories?post=12676"},{"taxonomy":"post_tag","embeddable":true,"href":"http:\/\/www.pasadenahoy.com\/primero\/wp-json\/wp\/v2\/tags?post=12676"}],"curies":[{"name":"wp","href":"https:\/\/api.w.org\/{rel}","templated":true}]}}