{"id":12726,"date":"2021-11-29T16:05:04","date_gmt":"2021-11-29T16:05:04","guid":{"rendered":"http:\/\/www.pasadenahoy.com\/primero\/?p=12726"},"modified":"2021-11-29T16:05:06","modified_gmt":"2021-11-29T16:05:06","slug":"funcionarios-de-salud-publica-que-estan-atentos-a-la-variante-omicronica-del-coronavirus","status":"publish","type":"post","link":"http:\/\/www.pasadenahoy.com\/primero\/la-comunidad\/funcionarios-de-salud-publica-que-estan-atentos-a-la-variante-omicronica-del-coronavirus\/","title":{"rendered":"Funcionarios de salud p\u00fablica que est\u00e1n atentos a la variante omicr\u00f3nica del coronavirus"},"content":{"rendered":"\n<figure class=\"wp-block-image alignnone size-large\"><figure class=\"alignnone\"><img loading=\"lazy\" width=\"700\" height=\"378\" src=\"http:\/\/www.pasadenahoy.com\/primero\/wp-content\/uploads\/2021\/11\/pic2.jpg\" alt=\"\" class=\"wp-image-12727\" srcset=\"http:\/\/www.pasadenahoy.com\/primero\/wp-content\/uploads\/2021\/11\/pic2.jpg 700w, http:\/\/www.pasadenahoy.com\/primero\/wp-content\/uploads\/2021\/11\/pic2-300x162.jpg 300w, http:\/\/www.pasadenahoy.com\/primero\/wp-content\/uploads\/2021\/11\/pic2-241x130.jpg 241w, http:\/\/www.pasadenahoy.com\/primero\/wp-content\/uploads\/2021\/11\/pic2-333x180.jpg 333w, http:\/\/www.pasadenahoy.com\/primero\/wp-content\/uploads\/2021\/11\/pic2-360x194.jpg 360w\" sizes=\"100vw\" \/><figcaption><span class=\"caption-text\">[Shutterstock]<\/span><\/figcaption><\/figure><\/figure>\n\n\n\n<p>Los funcionarios locales est\u00e1n atentos a la nueva variante de Omicron, que ahora se ha detectado en Canad\u00e1 despu\u00e9s de aparecer por primera vez en \u00c1frica y luego en Europa.<br>\u201cCalifornia est\u00e1 monitoreando de cerca la nueva variante de Omicron, que a\u00fan no ha llegado a California ni a los EE. UU.\u201d, Dijo el director de Salud P\u00fablica del estado, Tomos Aragon.<\/p>\n\n\n\n<p>\u201cLas vacunas contin\u00faan siendo nuestra mejor manera de superar la pandemia al protegernos de manera segura contra enfermedades graves causadas por COVID-19 y sus variantes. Estamos redoblando nuestros esfuerzos de vacunaci\u00f3n y refuerzo para garantizar que todos los californianos tengan acceso a vacunas seguras, efectivas y gratuitas que puedan prevenir enfermedades graves y la muerte \u201d.<\/p>\n\n\n\n<p>El Departamento de Salud P\u00fablica del Condado de Los \u00c1ngeles abord\u00f3 la nueva variante el s\u00e1bado.<\/p>\n\n\n\n<p>\u201cAunque se necesitan m\u00e1s estudios para determinar si la variante Omicron es m\u00e1s contagiosa, m\u00e1s mortal o resistente a la vacuna y los tratamientos que otras cepas de COVID-19, como ocurre con cualquier variante de preocupaci\u00f3n que se encuentre en otros pa\u00edses, hay pasos importantes que todos debemos tomar para protegernos del COVID-19 y de las variantes emergentes de preocupaci\u00f3n \u201d, dijo el departamento.<\/p>\n\n\n\n<p>El n\u00famero de pacientes con coronavirus en los hospitales del condado de Los \u00c1ngeles aument\u00f3 ligeramente, pasando de 565 el s\u00e1bado a 568, seg\u00fan las \u00faltimas cifras estatales. El n\u00famero de esos pacientes en cuidados intensivos aument\u00f3 de 155 a 157.<\/p>\n\n\n\n<p>Esas cifras se produjeron cuando el condado inform\u00f3 575 nuevos casos de COVID-19 y siete muertes adicionales asociadas con el virus, en totales que probablemente reflejen retrasos en los informes durante el fin de semana, seg\u00fan el Departamento de Salud P\u00fablica del Condado de Los \u00c1ngeles.<\/p>\n\n\n\n<p>El condado ha reportado 1,525,486 casos de COVID-19 y 27,128 muertes desde que comenz\u00f3 la pandemia.<\/p>\n\n\n\n<p>De las 9.402.000 personas analizadas hasta la fecha, el 15% dio positivo por el virus, dijo el departamento.<\/p>\n\n\n\n<p>Las autoridades instaron a cualquier persona de al menos 5 a\u00f1os que no haya sido vacunada a hacerlo, y a quienes recibieron su \u00faltima vacuna hace seis meses a recibir una vacuna de refuerzo.<\/p>\n\n\n\n<p>\u201cLas vacunas son efectivas contra la variante Delta y cepas anteriores del virus, lo que nos permite mantener la esperanza de que las vacunas aprobadas tambi\u00e9n brinden cierta protecci\u00f3n contra Omicron\u201d, dice el comunicado.<\/p>\n\n\n\n<p>Los funcionarios tambi\u00e9n recordaron a las personas que deben usar una m\u00e1scara cuando est\u00e9n en interiores o en grandes megaeventos al aire libre, independientemente del estado de vacunaci\u00f3n.<\/p>\n","protected":false},"excerpt":{"rendered":"<p>Los funcionarios locales est\u00e1n atentos a la nueva variante de Omicron, que ahora se ha detectado en Canad\u00e1 despu\u00e9s de aparecer por primera vez en \u00c1frica y luego en Europa.\u201cCalifornia est\u00e1 monitoreando de cerca la nueva variante de Omicron, que a\u00fan no ha llegado a California ni a los EE. UU.\u201d, Dijo el director de Salud P\u00fablica del estado, Tomos Aragon. \u201cLas vacunas contin\u00faan siendo nuestra mejor manera de superar la pandemia al protegernos de manera segura contra enfermedades graves [&hellip;]<\/p>\n","protected":false},"author":4,"featured_media":12727,"comment_status":"open","ping_status":"closed","sticky":false,"template":"","format":"standard","meta":[],"categories":[4],"tags":[],"acf":[],"_links":{"self":[{"href":"http:\/\/www.pasadenahoy.com\/primero\/wp-json\/wp\/v2\/posts\/12726"}],"collection":[{"href":"http:\/\/www.pasadenahoy.com\/primero\/wp-json\/wp\/v2\/posts"}],"about":[{"href":"http:\/\/www.pasadenahoy.com\/primero\/wp-json\/wp\/v2\/types\/post"}],"author":[{"embeddable":true,"href":"http:\/\/www.pasadenahoy.com\/primero\/wp-json\/wp\/v2\/users\/4"}],"replies":[{"embeddable":true,"href":"http:\/\/www.pasadenahoy.com\/primero\/wp-json\/wp\/v2\/comments?post=12726"}],"version-history":[{"count":2,"href":"http:\/\/www.pasadenahoy.com\/primero\/wp-json\/wp\/v2\/posts\/12726\/revisions"}],"predecessor-version":[{"id":12729,"href":"http:\/\/www.pasadenahoy.com\/primero\/wp-json\/wp\/v2\/posts\/12726\/revisions\/12729"}],"wp:featuredmedia":[{"embeddable":true,"href":"http:\/\/www.pasadenahoy.com\/primero\/wp-json\/wp\/v2\/media\/12727"}],"wp:attachment":[{"href":"http:\/\/www.pasadenahoy.com\/primero\/wp-json\/wp\/v2\/media?parent=12726"}],"wp:term":[{"taxonomy":"category","embeddable":true,"href":"http:\/\/www.pasadenahoy.com\/primero\/wp-json\/wp\/v2\/categories?post=12726"},{"taxonomy":"post_tag","embeddable":true,"href":"http:\/\/www.pasadenahoy.com\/primero\/wp-json\/wp\/v2\/tags?post=12726"}],"curies":[{"name":"wp","href":"https:\/\/api.w.org\/{rel}","templated":true}]}}