{"id":12734,"date":"2021-11-29T16:14:14","date_gmt":"2021-11-29T16:14:14","guid":{"rendered":"http:\/\/www.pasadenahoy.com\/primero\/?p=12734"},"modified":"2021-11-29T16:14:16","modified_gmt":"2021-11-29T16:14:16","slug":"audiencia-para-un-posible-nuevo-centro-de-atencion-para-adultos-programada-para-el-miercoles","status":"publish","type":"post","link":"http:\/\/www.pasadenahoy.com\/primero\/la-comunidad\/audiencia-para-un-posible-nuevo-centro-de-atencion-para-adultos-programada-para-el-miercoles\/","title":{"rendered":"Audiencia para un posible nuevo centro de atenci\u00f3n para adultos programada para el mi\u00e9rcoles"},"content":{"rendered":"\n<figure class=\"wp-block-image alignnone size-large\"><figure class=\"alignnone\"><img loading=\"lazy\" width=\"700\" height=\"378\" src=\"http:\/\/www.pasadenahoy.com\/primero\/wp-content\/uploads\/2021\/11\/pic-4-5.png\" alt=\"\" class=\"wp-image-12736\" srcset=\"http:\/\/www.pasadenahoy.com\/primero\/wp-content\/uploads\/2021\/11\/pic-4-5.png 700w, http:\/\/www.pasadenahoy.com\/primero\/wp-content\/uploads\/2021\/11\/pic-4-5-300x162.png 300w, http:\/\/www.pasadenahoy.com\/primero\/wp-content\/uploads\/2021\/11\/pic-4-5-241x130.png 241w, http:\/\/www.pasadenahoy.com\/primero\/wp-content\/uploads\/2021\/11\/pic-4-5-333x180.png 333w, http:\/\/www.pasadenahoy.com\/primero\/wp-content\/uploads\/2021\/11\/pic-4-5-360x194.png 360w\" sizes=\"100vw\" \/><\/figure><\/figure>\n\n\n\n<p>El Funcionario de Audiencias de Pasadena llevar\u00e1 a cabo una audiencia p\u00fablica el mi\u00e9rcoles 1 de diciembre sobre un proyecto para establecer un uso de cuidado diurno para adultos (Cuidado diurno para adultos, uso general de la tierra) dentro de un espacio para inquilinos existente de 5,318 pies cuadrados en un edificio comercial de aproximadamente 11,495 pies cuadrados. en 2180 E. Walnut Street.<\/p>\n\n\n\n<p>El sitio del proyecto de 29,747 pies cuadrados est\u00e1 en la esquina suroeste de E. Walnut Street y N. Grand Oaks Ave. y consta de una parcela, con un edificio de un piso que alberga dos espacios para inquilinos y un estacionamiento en la superficie.<\/p>\n\n\n\n<p>Uno de los espacios para inquilinos est\u00e1 ocupado por un gimnasio existente de 5.697 pies cuadrados, que permanecer\u00e1 en su lugar, seg\u00fan la propuesta.<\/p>\n\n\n\n<p>Se propone que el otro espacio para inquilinos de 5,318 pies cuadrados, anteriormente ocupado por un uso de terreno comercial, sea ocupado por el uso de la Guarder\u00eda para Adultos. El acceso vehicular est\u00e1 disponible desde E. Walnut Street y N. Grand Oaks Ave.<\/p>\n\n\n\n<p>El centro de cuidado diurno propuesto estar\u00eda autorizado por el Departamento de Salud P\u00fablica y el Departamento de Envejecimiento de California y proporcionar\u00eda programas comunitarios diurnos para los ancianos.<\/p>\n\n\n\n<p>Los programas incluir\u00edan juegos, artes y manualidades, ejercicio y comidas. El horario de atenci\u00f3n se limitar\u00e1 a entre las 8 a.m. y las 2:30 p.m., de lunes a viernes. La guarder\u00eda funcionar\u00eda con una capacidad m\u00e1xima de 150 participantes en los niveles m\u00e1ximos.<\/p>\n\n\n\n<p>Los participantes conducir\u00edan hasta las instalaciones o ser\u00edan recogidos por un transbordador y dejados en una zona de carga propuesta en el sitio en la parte trasera del sitio. La entrada y salida de los participantes se realizar\u00eda a trav\u00e9s de la entrada principal del edificio en Grand Oaks Ave.<\/p>\n\n\n\n<p>El sitio del proyecto cuenta actualmente con 36 plazas de aparcamiento. El proyecto incluye la remodelaci\u00f3n del estacionamiento para acomodar 40 espacios de estacionamiento y un nuevo espacio de carga.<\/p>\n\n\n\n<p>La instalaci\u00f3n propuesta no proporcionar\u00eda atenci\u00f3n residencial ni atenci\u00f3n durante la noche.<\/p>\n\n\n\n<p>Seg\u00fan la solicitud, la guarder\u00eda funcionar\u00eda con un promedio de siete empleados a la vez. El n\u00famero de participantes adultos fluctuar\u00eda a lo largo de la semana, con un nivel m\u00e1ximo esperado de 150 participantes, y la mayor\u00eda asistir\u00e1 cinco d\u00edas a la semana.<\/p>\n\n\n\n<p>El solicitante propone rehabilitar el espacio del inquilino existente mediante una remodelaci\u00f3n interior. El espacio para inquilinos de 5,318 pies cuadrados proporcionar\u00eda un \u00e1rea de actividad principal con mesas y sillas, una cocina, una sala de fisioterapia y varias oficinas administrativas. Todas las actividades y servicios asociados con la operaci\u00f3n deben estar contenidos dentro del interior del edificio existente. No habr\u00eda actividades al aire libre. Las actividades generalmente incluir\u00edan juegos, artes y manualidades, ejercicio y comidas.<\/p>\n\n\n\n<p>Se requiere una audiencia p\u00fablica antes de un Permiso de Uso Condicional para establecer una Guarder\u00eda para Adultos. Se puede considerar el uso general de la tierra en el distrito de zonificaci\u00f3n Comercial General.<\/p>\n\n\n\n<p>Actualmente, las audiencias se realizan \u00fanicamente por videoconferencia. Para acceder a la reuni\u00f3n, vaya a <a href=\"https:\/\/us02web.zoom.us\/j\/82908874196\">https:\/\/us02web.zoom.us\/j\/82908874196<\/a> o llame al (669) 900-6833 y utilice el n\u00famero de identificaci\u00f3n del seminario web 829 0887 4196.<\/p>\n\n\n\n<p>Los comentarios p\u00fablicos pueden enviarse por correo electr\u00f3nico a <a href=\"htam@cityofpasadena.net\">htam@cityofpasadena.net.<\/a><\/p>\n","protected":false},"excerpt":{"rendered":"<p>El Funcionario de Audiencias de Pasadena llevar\u00e1 a cabo una audiencia p\u00fablica el mi\u00e9rcoles 1 de diciembre sobre un proyecto para establecer un uso de cuidado diurno para adultos (Cuidado diurno para adultos, uso general de la tierra) dentro de un espacio para inquilinos existente de 5,318 pies cuadrados en un edificio comercial de aproximadamente 11,495 pies cuadrados. en 2180 E. Walnut Street. El sitio del proyecto de 29,747 pies cuadrados est\u00e1 en la esquina suroeste de E. Walnut Street [&hellip;]<\/p>\n","protected":false},"author":4,"featured_media":0,"comment_status":"open","ping_status":"closed","sticky":false,"template":"","format":"standard","meta":[],"categories":[4],"tags":[],"acf":[],"_links":{"self":[{"href":"http:\/\/www.pasadenahoy.com\/primero\/wp-json\/wp\/v2\/posts\/12734"}],"collection":[{"href":"http:\/\/www.pasadenahoy.com\/primero\/wp-json\/wp\/v2\/posts"}],"about":[{"href":"http:\/\/www.pasadenahoy.com\/primero\/wp-json\/wp\/v2\/types\/post"}],"author":[{"embeddable":true,"href":"http:\/\/www.pasadenahoy.com\/primero\/wp-json\/wp\/v2\/users\/4"}],"replies":[{"embeddable":true,"href":"http:\/\/www.pasadenahoy.com\/primero\/wp-json\/wp\/v2\/comments?post=12734"}],"version-history":[{"count":2,"href":"http:\/\/www.pasadenahoy.com\/primero\/wp-json\/wp\/v2\/posts\/12734\/revisions"}],"predecessor-version":[{"id":12738,"href":"http:\/\/www.pasadenahoy.com\/primero\/wp-json\/wp\/v2\/posts\/12734\/revisions\/12738"}],"wp:attachment":[{"href":"http:\/\/www.pasadenahoy.com\/primero\/wp-json\/wp\/v2\/media?parent=12734"}],"wp:term":[{"taxonomy":"category","embeddable":true,"href":"http:\/\/www.pasadenahoy.com\/primero\/wp-json\/wp\/v2\/categories?post=12734"},{"taxonomy":"post_tag","embeddable":true,"href":"http:\/\/www.pasadenahoy.com\/primero\/wp-json\/wp\/v2\/tags?post=12734"}],"curies":[{"name":"wp","href":"https:\/\/api.w.org\/{rel}","templated":true}]}}