{"id":12747,"date":"2021-11-29T16:28:17","date_gmt":"2021-11-29T16:28:17","guid":{"rendered":"http:\/\/www.pasadenahoy.com\/primero\/?p=12747"},"modified":"2021-11-29T16:28:19","modified_gmt":"2021-11-29T16:28:19","slug":"el-consejo-considerara-extender-su-formato-de-reuniones-remotas-durante-los-proximos-30-dias","status":"publish","type":"post","link":"http:\/\/www.pasadenahoy.com\/primero\/el-gobierno-local\/el-consejo-considerara-extender-su-formato-de-reuniones-remotas-durante-los-proximos-30-dias\/","title":{"rendered":"El Consejo considerar\u00e1 extender su formato de reuniones remotas durante los pr\u00f3ximos 30 d\u00edas"},"content":{"rendered":"\n<figure class=\"wp-block-image alignnone size-large\"><figure class=\"alignnone\"><img loading=\"lazy\" width=\"700\" height=\"378\" src=\"http:\/\/www.pasadenahoy.com\/primero\/wp-content\/uploads\/2021\/11\/pic-7-2.jpg\" alt=\"\" class=\"wp-image-12748\" srcset=\"http:\/\/www.pasadenahoy.com\/primero\/wp-content\/uploads\/2021\/11\/pic-7-2.jpg 700w, http:\/\/www.pasadenahoy.com\/primero\/wp-content\/uploads\/2021\/11\/pic-7-2-300x162.jpg 300w, http:\/\/www.pasadenahoy.com\/primero\/wp-content\/uploads\/2021\/11\/pic-7-2-241x130.jpg 241w, http:\/\/www.pasadenahoy.com\/primero\/wp-content\/uploads\/2021\/11\/pic-7-2-333x180.jpg 333w, http:\/\/www.pasadenahoy.com\/primero\/wp-content\/uploads\/2021\/11\/pic-7-2-360x194.jpg 360w\" sizes=\"100vw\" \/><\/figure><\/figure>\n\n\n\n<p>El Ayuntamiento votar\u00e1 para aprobar una resoluci\u00f3n que le permita al consejo y a todas sus comisiones y subcomit\u00e9s relacionados continuar reuni\u00e9ndose de forma remota para mantener el formato actual.<\/p>\n\n\n\n<p>El consejo debe aprobar una resoluci\u00f3n cada 30 d\u00edas para continuar reuni\u00e9ndose en l\u00ednea seg\u00fan los t\u00e9rminos del Proyecto de Ley de la Asamblea 361.<\/p>\n\n\n\n<p>El Concejo Municipal adopt\u00f3 una resoluci\u00f3n sustancialmente similar que autoriza reuniones de teleconferencia remota desde el 1 de noviembre hasta el 30 de noviembre, pero el Concejo Municipal no se re\u00fane exactamente el d\u00eda 30 despu\u00e9s de la expiraci\u00f3n de la resoluci\u00f3n anterior.<\/p>\n\n\n\n<p>Seg\u00fan la ley estatal, los comentarios p\u00fablicos en tiempo real deben estar permitidos por tel\u00e9fono o Internet. Si el sistema falla al permitir los comentarios del p\u00fablico, la reuni\u00f3n debe finalizar, de acuerdo con la ley.<\/p>\n\n\n\n<p>La ciudad ya se est\u00e1 adhiriendo a esas condiciones.<\/p>\n\n\n\n<p>M\u00e1s all\u00e1 de ese per\u00edodo inicial de 30 d\u00edas, debe confirmar las circunstancias del estado de emergencia y realizar las determinaciones requeridas al menos 30 d\u00edas despu\u00e9s de la adopci\u00f3n de la resoluci\u00f3n y cada 30 d\u00edas a partir de entonces.<\/p>\n\n\n\n<p>Una orden ejecutiva firmada por el gobernador Gavin Newsom que permit\u00eda reuniones virtuales y suspend\u00eda partes de la Ley Brown, que rige las reuniones abiertas de los cuerpos legislativos, finaliz\u00f3 el 30 de septiembre.<\/p>\n\n\n\n<p>Todos los elementos del calendario de consentimiento pueden aprobarse colectivamente con un voto mayoritario del Ayuntamiento. Los elementos se pueden extraer para una mayor discusi\u00f3n y votaci\u00f3n por separado.<\/p>\n","protected":false},"excerpt":{"rendered":"<p>El Ayuntamiento votar\u00e1 para aprobar una resoluci\u00f3n que le permita al consejo y a todas sus comisiones y subcomit\u00e9s relacionados continuar reuni\u00e9ndose de forma remota para mantener el formato actual. El consejo debe aprobar una resoluci\u00f3n cada 30 d\u00edas para continuar reuni\u00e9ndose en l\u00ednea seg\u00fan los t\u00e9rminos del Proyecto de Ley de la Asamblea 361. El Concejo Municipal adopt\u00f3 una resoluci\u00f3n sustancialmente similar que autoriza reuniones de teleconferencia remota desde el 1 de noviembre hasta el 30 de noviembre, pero [&hellip;]<\/p>\n","protected":false},"author":4,"featured_media":0,"comment_status":"open","ping_status":"closed","sticky":false,"template":"","format":"standard","meta":[],"categories":[6],"tags":[],"acf":[],"_links":{"self":[{"href":"http:\/\/www.pasadenahoy.com\/primero\/wp-json\/wp\/v2\/posts\/12747"}],"collection":[{"href":"http:\/\/www.pasadenahoy.com\/primero\/wp-json\/wp\/v2\/posts"}],"about":[{"href":"http:\/\/www.pasadenahoy.com\/primero\/wp-json\/wp\/v2\/types\/post"}],"author":[{"embeddable":true,"href":"http:\/\/www.pasadenahoy.com\/primero\/wp-json\/wp\/v2\/users\/4"}],"replies":[{"embeddable":true,"href":"http:\/\/www.pasadenahoy.com\/primero\/wp-json\/wp\/v2\/comments?post=12747"}],"version-history":[{"count":2,"href":"http:\/\/www.pasadenahoy.com\/primero\/wp-json\/wp\/v2\/posts\/12747\/revisions"}],"predecessor-version":[{"id":12750,"href":"http:\/\/www.pasadenahoy.com\/primero\/wp-json\/wp\/v2\/posts\/12747\/revisions\/12750"}],"wp:attachment":[{"href":"http:\/\/www.pasadenahoy.com\/primero\/wp-json\/wp\/v2\/media?parent=12747"}],"wp:term":[{"taxonomy":"category","embeddable":true,"href":"http:\/\/www.pasadenahoy.com\/primero\/wp-json\/wp\/v2\/categories?post=12747"},{"taxonomy":"post_tag","embeddable":true,"href":"http:\/\/www.pasadenahoy.com\/primero\/wp-json\/wp\/v2\/tags?post=12747"}],"curies":[{"name":"wp","href":"https:\/\/api.w.org\/{rel}","templated":true}]}}