{"id":12751,"date":"2021-11-29T16:32:52","date_gmt":"2021-11-29T16:32:52","guid":{"rendered":"http:\/\/www.pasadenahoy.com\/primero\/?p=12751"},"modified":"2021-11-29T16:32:54","modified_gmt":"2021-11-29T16:32:54","slug":"bullpen-del-lunes-por-la-manana-se-necesitan-nuevas-camaras-policiales-desgastadas-por-el-cuerpo","status":"publish","type":"post","link":"http:\/\/www.pasadenahoy.com\/primero\/la-comunidad\/bullpen-del-lunes-por-la-manana-se-necesitan-nuevas-camaras-policiales-desgastadas-por-el-cuerpo\/","title":{"rendered":"Bullpen del lunes por la ma\u00f1ana: se necesitan nuevas c\u00e1maras policiales desgastadas por el cuerpo"},"content":{"rendered":"\n<div class=\"wp-block-image alignright\"><figure class=\"alignright size-large\"><img loading=\"lazy\" width=\"550\" height=\"297\" src=\"http:\/\/www.pasadenahoy.com\/primero\/wp-content\/uploads\/2021\/11\/pic-8-3.jpg\" alt=\"\" class=\"wp-image-12752\" srcset=\"http:\/\/www.pasadenahoy.com\/primero\/wp-content\/uploads\/2021\/11\/pic-8-3.jpg 550w, http:\/\/www.pasadenahoy.com\/primero\/wp-content\/uploads\/2021\/11\/pic-8-3-300x162.jpg 300w, http:\/\/www.pasadenahoy.com\/primero\/wp-content\/uploads\/2021\/11\/pic-8-3-241x130.jpg 241w, http:\/\/www.pasadenahoy.com\/primero\/wp-content\/uploads\/2021\/11\/pic-8-3-333x180.jpg 333w, http:\/\/www.pasadenahoy.com\/primero\/wp-content\/uploads\/2021\/11\/pic-8-3-360x194.jpg 360w\" sizes=\"100vw\" \/><\/figure><\/div>\n\n\n\n<p>El Ayuntamiento regresa el lunes, una noche en la que ten\u00edan programado despegar debido al feriado de Acci\u00f3n de Gracias.<\/p>\n\n\n\n<p>La reuni\u00f3n de recuperaci\u00f3n se lleva a cabo porque no hubo qu\u00f3rum para la reuni\u00f3n del lunes pasado.<\/p>\n\n\n\n<p>El funcionamiento del Ayuntamiento es realmente muy sencillo.<\/p>\n\n\n\n<p>El Ayuntamiento necesita cinco votos afirmativos para aprobar cualquier cosa y, en su mayor parte, no pueden votar sobre nada que no est\u00e9 en la agenda.<\/p>\n\n\n\n<p>Donde se pone dif\u00edcil es que el ayuntamiento debe equilibrar las necesidades de la ciudad con la voluntad de la gente y esas dos cosas no siempre funcionan en conjunto.<\/p>\n\n\n\n<p>Lea la carta, todo est\u00e1 ah\u00ed.<\/p>\n\n\n\n<p>El art\u00edculo de la c\u00e1mara para llevar en el cuerpo en el calendario de consentimiento sigue siendo el tema principal en el consejo.<\/p>\n\n\n\n<p>Cubr\u00ed este tema en la columna de la semana pasada, pero aqu\u00ed hay una revisi\u00f3n r\u00e1pida.<\/p>\n\n\n\n<p>La enmienda del contrato de $ 1,709,591 para el sistema de c\u00e1maras corporales de la ciudad permitir\u00eda c\u00e1maras corporales m\u00e1s nuevas que tienen la capacidad de activarse autom\u00e1ticamente cuando la polic\u00eda saca un arma de fuego de su funda.<\/p>\n\n\n\n<p>Seg\u00fan un informe del personal de la ciudad, el nuevo sistema garantiza que la c\u00e1mara corporal se active durante un incidente cr\u00edtico.<\/p>\n\n\n\n<p>Aqu\u00ed est\u00e1 mi pregunta: \u00bfla c\u00e1mara tambi\u00e9n se activar\u00e1 cuando un oficial saque su dispositivo Taser de su funda?<\/p>\n\n\n\n<p>Espero que ese sea el caso.<\/p>\n\n\n\n<p>Antes de comentar, t\u00f3mese un tiempo para comprender la verdadera naturaleza de las c\u00e1maras corporales, las c\u00e1maras del tablero y las grabaciones de audio. Si se usan correctamente, responsabilizan a la polic\u00eda y al p\u00fablico.<\/p>\n\n\n\n<p>Por eso siempre deben estar activados.<\/p>\n\n\n\n<p>Aqu\u00ed tienes un ejemplo.<\/p>\n\n\n\n<p>En 2016, dos mujeres afirmaron haber sido agredidas sexualmente por dos agentes de polic\u00eda de Pasadena durante una parada de tr\u00e1fico.<\/p>\n\n\n\n<p>En la demanda, la madre afirm\u00f3 que un oficial la oblig\u00f3 a levantar su camisa, exponiendo sus senos al p\u00fablico. Tambi\u00e9n afirm\u00f3 en la demanda que se vio obligada a ver c\u00f3mo otro oficial acariciaba, agred\u00eda sexualmente y abusaba de las partes \u00edntimas de su hija mientras la registraba.<\/p>\n\n\n\n<p>Las im\u00e1genes de video mostraron que se levant\u00f3 la camisa lo suficiente como para exponer su cintura y no hubo caricias.<\/p>\n\n\n\n<p>Por el contrario, en el tiroteo fatal de Anthony McClain por parte de un oficial de polic\u00eda de Pasadena, uno de los polic\u00edas involucrados en ese incidente no encendi\u00f3 su c\u00e1mara hasta despu\u00e9s de ocurrido el incidente, lo que gener\u00f3 algunas preguntas e inquietudes.<\/p>\n\n\n\n<p>Responda la pregunta sobre armas Taser y pase el art\u00edculo.<\/p>\n\n\n\n<p>Con suerte, las nuevas c\u00e1maras funcionan como se anuncia y los incidentes cr\u00edticos se capturan para proteger a todos los involucrados.<\/p>\n\n\n\n<p>El otro que estar\u00e9 observando es la decisi\u00f3n de un oficial de audiencia sobre la revocaci\u00f3n del Permiso de Uso Condicional de Der Wolfskopf, un popular &#8220;restobar&#8221; que se describe a s\u00ed mismo por supuestas violaciones de su permiso de uso y problemas relacionados con la venta de alcohol.<\/p>\n\n\n\n<p>Este a\u00f1o ha habido al menos dos llamadas de servicio a la polic\u00eda para disolver grandes peleas.<\/p>\n\n\n\n<p>Seg\u00fan una historia de Keith Calayag de Pasadena Now, la polic\u00eda y los agentes del c\u00f3digo de la ciudad alegan que la empresa ha violado varios de los t\u00e9rminos establecidos en el Permiso de uso condicional de la ubicaci\u00f3n.<\/p>\n","protected":false},"excerpt":{"rendered":"<p>El Ayuntamiento regresa el lunes, una noche en la que ten\u00edan programado despegar debido al feriado de Acci\u00f3n de Gracias. La reuni\u00f3n de recuperaci\u00f3n se lleva a cabo porque no hubo qu\u00f3rum para la reuni\u00f3n del lunes pasado. El funcionamiento del Ayuntamiento es realmente muy sencillo. El Ayuntamiento necesita cinco votos afirmativos para aprobar cualquier cosa y, en su mayor parte, no pueden votar sobre nada que no est\u00e9 en la agenda. Donde se pone dif\u00edcil es que el ayuntamiento [&hellip;]<\/p>\n","protected":false},"author":4,"featured_media":0,"comment_status":"open","ping_status":"closed","sticky":false,"template":"","format":"standard","meta":[],"categories":[4],"tags":[],"acf":[],"_links":{"self":[{"href":"http:\/\/www.pasadenahoy.com\/primero\/wp-json\/wp\/v2\/posts\/12751"}],"collection":[{"href":"http:\/\/www.pasadenahoy.com\/primero\/wp-json\/wp\/v2\/posts"}],"about":[{"href":"http:\/\/www.pasadenahoy.com\/primero\/wp-json\/wp\/v2\/types\/post"}],"author":[{"embeddable":true,"href":"http:\/\/www.pasadenahoy.com\/primero\/wp-json\/wp\/v2\/users\/4"}],"replies":[{"embeddable":true,"href":"http:\/\/www.pasadenahoy.com\/primero\/wp-json\/wp\/v2\/comments?post=12751"}],"version-history":[{"count":2,"href":"http:\/\/www.pasadenahoy.com\/primero\/wp-json\/wp\/v2\/posts\/12751\/revisions"}],"predecessor-version":[{"id":12754,"href":"http:\/\/www.pasadenahoy.com\/primero\/wp-json\/wp\/v2\/posts\/12751\/revisions\/12754"}],"wp:attachment":[{"href":"http:\/\/www.pasadenahoy.com\/primero\/wp-json\/wp\/v2\/media?parent=12751"}],"wp:term":[{"taxonomy":"category","embeddable":true,"href":"http:\/\/www.pasadenahoy.com\/primero\/wp-json\/wp\/v2\/categories?post=12751"},{"taxonomy":"post_tag","embeddable":true,"href":"http:\/\/www.pasadenahoy.com\/primero\/wp-json\/wp\/v2\/tags?post=12751"}],"curies":[{"name":"wp","href":"https:\/\/api.w.org\/{rel}","templated":true}]}}