{"id":12755,"date":"2021-11-29T16:36:56","date_gmt":"2021-11-29T16:36:56","guid":{"rendered":"http:\/\/www.pasadenahoy.com\/primero\/?p=12755"},"modified":"2021-11-29T16:36:58","modified_gmt":"2021-11-29T16:36:58","slug":"ninguna-orden-de-quema-en-vigor-para-pasadena-por-tercer-dia-consecutivo","status":"publish","type":"post","link":"http:\/\/www.pasadenahoy.com\/primero\/la-comunidad\/ninguna-orden-de-quema-en-vigor-para-pasadena-por-tercer-dia-consecutivo\/","title":{"rendered":"Ninguna orden de quema en vigor para Pasadena por tercer d\u00eda consecutivo"},"content":{"rendered":"\n<figure class=\"wp-block-image alignnone size-large\"><figure class=\"alignnone\"><img loading=\"lazy\" width=\"700\" height=\"379\" src=\"http:\/\/www.pasadenahoy.com\/primero\/wp-content\/uploads\/2021\/11\/pic-9-2.jpg\" alt=\"\" class=\"wp-image-12756\" srcset=\"http:\/\/www.pasadenahoy.com\/primero\/wp-content\/uploads\/2021\/11\/pic-9-2.jpg 700w, http:\/\/www.pasadenahoy.com\/primero\/wp-content\/uploads\/2021\/11\/pic-9-2-300x162.jpg 300w, http:\/\/www.pasadenahoy.com\/primero\/wp-content\/uploads\/2021\/11\/pic-9-2-240x130.jpg 240w, http:\/\/www.pasadenahoy.com\/primero\/wp-content\/uploads\/2021\/11\/pic-9-2-332x180.jpg 332w, http:\/\/www.pasadenahoy.com\/primero\/wp-content\/uploads\/2021\/11\/pic-9-2-360x195.jpg 360w\" sizes=\"100vw\" \/><\/figure><\/figure>\n\n\n\n<p>Los reguladores de la calidad del aire han extendido la prohibici\u00f3n obligatoria de la quema de madera en interiores y exteriores en Pasadena y gran parte de Southland por tercer d\u00eda consecutivo debido a un pron\u00f3stico de alta contaminaci\u00f3n del aire en el \u00e1rea.<\/p>\n\n\n\n<p>La prohibici\u00f3n de quemar le\u00f1a residencial estar\u00e1 vigente hasta las 11:59 p.m. Lunes por la noche para todos aquellos en South Coast Air Basin, South Coast Air Quality Management District.<\/p>\n\n\n\n<p>Los hogares de bajos ingresos y aquellos sin servicio de gas natural tambi\u00e9n est\u00e1n exentos del requisito.<\/p>\n\n\n\n<p>La regla de no quemar proh\u00edbe quemar madera, as\u00ed como troncos de fuego manufacturados, como los hechos de cera o papel.<\/p>\n\n\n\n<p>Las chimeneas de gas y otras que no sean de le\u00f1a no est\u00e1n restringidas, dijo la SCAQMD.<\/p>\n\n\n\n<p>Las part\u00edculas finas del humo de la madera, tambi\u00e9n conocidas como part\u00edculas o PM2.5, pueden penetrar profundamente en los pulmones y causar problemas respiratorios como el asma.<\/p>\n\n\n\n<p>Los residentes pueden recibir notificaciones de d\u00edas sin quema al suscribirse a Air Alerts por correo electr\u00f3nico o mensaje de texto en www.AirAlerts.org.<\/p>\n","protected":false},"excerpt":{"rendered":"<p>Los reguladores de la calidad del aire han extendido la prohibici\u00f3n obligatoria de la quema de madera en interiores y exteriores en Pasadena y gran parte de Southland por tercer d\u00eda consecutivo debido a un pron\u00f3stico de alta contaminaci\u00f3n del aire en el \u00e1rea. La prohibici\u00f3n de quemar le\u00f1a residencial estar\u00e1 vigente hasta las 11:59 p.m. Lunes por la noche para todos aquellos en South Coast Air Basin, South Coast Air Quality Management District. Los hogares de bajos ingresos y [&hellip;]<\/p>\n","protected":false},"author":4,"featured_media":0,"comment_status":"open","ping_status":"closed","sticky":false,"template":"","format":"standard","meta":[],"categories":[4],"tags":[],"acf":[],"_links":{"self":[{"href":"http:\/\/www.pasadenahoy.com\/primero\/wp-json\/wp\/v2\/posts\/12755"}],"collection":[{"href":"http:\/\/www.pasadenahoy.com\/primero\/wp-json\/wp\/v2\/posts"}],"about":[{"href":"http:\/\/www.pasadenahoy.com\/primero\/wp-json\/wp\/v2\/types\/post"}],"author":[{"embeddable":true,"href":"http:\/\/www.pasadenahoy.com\/primero\/wp-json\/wp\/v2\/users\/4"}],"replies":[{"embeddable":true,"href":"http:\/\/www.pasadenahoy.com\/primero\/wp-json\/wp\/v2\/comments?post=12755"}],"version-history":[{"count":2,"href":"http:\/\/www.pasadenahoy.com\/primero\/wp-json\/wp\/v2\/posts\/12755\/revisions"}],"predecessor-version":[{"id":12758,"href":"http:\/\/www.pasadenahoy.com\/primero\/wp-json\/wp\/v2\/posts\/12755\/revisions\/12758"}],"wp:attachment":[{"href":"http:\/\/www.pasadenahoy.com\/primero\/wp-json\/wp\/v2\/media?parent=12755"}],"wp:term":[{"taxonomy":"category","embeddable":true,"href":"http:\/\/www.pasadenahoy.com\/primero\/wp-json\/wp\/v2\/categories?post=12755"},{"taxonomy":"post_tag","embeddable":true,"href":"http:\/\/www.pasadenahoy.com\/primero\/wp-json\/wp\/v2\/tags?post=12755"}],"curies":[{"name":"wp","href":"https:\/\/api.w.org\/{rel}","templated":true}]}}