{"id":12770,"date":"2021-11-30T15:21:43","date_gmt":"2021-11-30T15:21:43","guid":{"rendered":"http:\/\/www.pasadenahoy.com\/primero\/?p=12770"},"modified":"2021-11-30T15:22:41","modified_gmt":"2021-11-30T15:22:41","slug":"el-consejo-se-levanta-en-nombre-de-las-victimas-locales-de-la-violencia-armada-reciente","status":"publish","type":"post","link":"http:\/\/www.pasadenahoy.com\/primero\/la-comunidad\/el-consejo-se-levanta-en-nombre-de-las-victimas-locales-de-la-violencia-armada-reciente\/","title":{"rendered":"El consejo se levanta en nombre de las v\u00edctimas locales de la violencia armada reciente"},"content":{"rendered":"\n<figure class=\"wp-block-image alignnone size-large\"><figure class=\"alignnone\"><img loading=\"lazy\" width=\"740\" height=\"399\" src=\"http:\/\/www.pasadenahoy.com\/primero\/wp-content\/uploads\/2021\/11\/pic-2-18.jpg\" alt=\"\" class=\"wp-image-12771\" srcset=\"http:\/\/www.pasadenahoy.com\/primero\/wp-content\/uploads\/2021\/11\/pic-2-18.jpg 740w, http:\/\/www.pasadenahoy.com\/primero\/wp-content\/uploads\/2021\/11\/pic-2-18-300x162.jpg 300w, http:\/\/www.pasadenahoy.com\/primero\/wp-content\/uploads\/2021\/11\/pic-2-18-241x130.jpg 241w, http:\/\/www.pasadenahoy.com\/primero\/wp-content\/uploads\/2021\/11\/pic-2-18-334x180.jpg 334w, http:\/\/www.pasadenahoy.com\/primero\/wp-content\/uploads\/2021\/11\/pic-2-18-700x377.jpg 700w, http:\/\/www.pasadenahoy.com\/primero\/wp-content\/uploads\/2021\/11\/pic-2-18-360x194.jpg 360w, http:\/\/www.pasadenahoy.com\/primero\/wp-content\/uploads\/2021\/11\/pic-2-18-720x388.jpg 720w\" sizes=\"100vw\" \/><\/figure><\/figure>\n\n\n\n<p>El lunes, el Ayuntamiento suspendi\u00f3 la sesi\u00f3n en nombre de tres personas muertas en incidentes de violencia con armas de fuego y una mujer local muerta cuando un autom\u00f3vil la atropell\u00f3 el viernes pasado.<\/p>\n\n\n\n<p>Al final de la reuni\u00f3n, se guard\u00f3 un minuto de silencio para Iran Moreno, de 13 a\u00f1os, Gevork Minissian, de 70, y Jamal Patterson, de 24.<\/p>\n\n\n\n<p>Moreno fue asesinado a tiros en su casa en North Raymond Avenue el 27 de noviembre por una bala perdida. Hasta ahora, la polic\u00eda no ha realizado arrestos en ese caso.<\/p>\n\n\n\n<p>El lunes, el concejal John Kennedy, que representa al vecindario, renov\u00f3 sus llamados para que el tirador se entregue a las autoridades.<\/p>\n\n\n\n<p>&#8220;\u00bfPodr\u00eda entregarse?&#8221;, Dijo Kennedy en la reuni\u00f3n del lunes. \u201cEso es lo correcto y estoy seguro de que su familia querr\u00e1 que haga lo correcto. Ese no es solo mi pedido, sino el pedido de la comunidad \u201d.<\/p>\n\n\n\n<p>El lunes pasado se realiz\u00f3 una vigilia en honor a Moreno.<\/p>\n\n\n\n<p>Al d\u00eda siguiente, Minissian recibi\u00f3 varios disparos y fue asesinado en East Pasadena.<\/p>\n\n\n\n<p>Se llam\u00f3 a los oficiales alrededor de las 2:35 p.m. a la cuadra 600 de North Sunnyslope Avenue, cerca de Orange Grove Boulevard, despu\u00e9s de que el sospechoso dispar\u00f3 a Minissian.<\/p>\n\n\n\n<p>Seg\u00fan el jefe de polic\u00eda, John P\u00e9rez, ese tiroteo no estaba relacionado con pandillas.<\/p>\n\n\n\n<p>Seg\u00fan la polic\u00eda, el sospechoso del tiroteo intent\u00f3 huir intentando secuestrar a una mujer. Cuando ese esfuerzo fracas\u00f3, el sospechoso intercambi\u00f3 disparos con la polic\u00eda antes de correr e intentar secuestrar a una segunda mujer, pero nuevamente no pudo robar el veh\u00edculo y mantuvo a la mujer a punta de pistola hasta que fue acorralado por la polic\u00eda en el \u00e1rea de East Villa Street y North Sunnyslope. Avenida. Cuando el sospechoso dispar\u00f3 contra los oficiales, la polic\u00eda respondi\u00f3 al fuego y lo mat\u00f3.<\/p>\n\n\n\n<p>La ciudad ha experimentado un aumento de la violencia armada.<\/p>\n\n\n\n<p>Patterson recibi\u00f3 un disparo mortal a fines de octubre en Summit Avenue y muri\u00f3 en el hospital de Huntington despu\u00e9s de que le quitaran el soporte vital.<\/p>\n\n\n\n<p>Patterson result\u00f3 herido junto con otro hombre de 24 a\u00f1os, pero se dispon\u00eda de pocos detalles sobre las circunstancias del ataque.<\/p>\n\n\n\n<p>Se pidi\u00f3 a cualquier persona con informaci\u00f3n sobre cualquiera de estos tiroteos que llamara al Departamento de Polic\u00eda de Pasadena al (626) 744-4241.<\/p>\n\n\n\n<p>Se pueden llamar a <a href=\"http:\/\/lacrimestoppers.org\/\">Crime Stoppers<\/a> al 800-222-8477 o enviar sugerencias an\u00f3nimas en l\u00ednea en lacrimestoppers.org.<\/p>\n\n\n\n<p>La reuni\u00f3n tambi\u00e9n se suspendi\u00f3 en nombre de Yangyang Liu, una mujer de Pasadena de 33 a\u00f1os atropellada por un autom\u00f3vil y muerta en la intersecci\u00f3n de Allen Avenue y San Pasqual Street el viernes por la ma\u00f1ana. La polic\u00eda dijo que la velocidad excesiva del conductor probablemente contribuy\u00f3 al alcance de sus heridas fatales.<\/p>\n","protected":false},"excerpt":{"rendered":"<p>El lunes, el Ayuntamiento suspendi\u00f3 la sesi\u00f3n en nombre de tres personas muertas en incidentes de violencia con armas de fuego y una mujer local muerta cuando un autom\u00f3vil la atropell\u00f3 el viernes pasado. Al final de la reuni\u00f3n, se guard\u00f3 un minuto de silencio para Iran Moreno, de 13 a\u00f1os, Gevork Minissian, de 70, y Jamal Patterson, de 24. Moreno fue asesinado a tiros en su casa en North Raymond Avenue el 27 de noviembre por una bala perdida. [&hellip;]<\/p>\n","protected":false},"author":4,"featured_media":12771,"comment_status":"open","ping_status":"closed","sticky":false,"template":"","format":"standard","meta":[],"categories":[4],"tags":[],"acf":[],"_links":{"self":[{"href":"http:\/\/www.pasadenahoy.com\/primero\/wp-json\/wp\/v2\/posts\/12770"}],"collection":[{"href":"http:\/\/www.pasadenahoy.com\/primero\/wp-json\/wp\/v2\/posts"}],"about":[{"href":"http:\/\/www.pasadenahoy.com\/primero\/wp-json\/wp\/v2\/types\/post"}],"author":[{"embeddable":true,"href":"http:\/\/www.pasadenahoy.com\/primero\/wp-json\/wp\/v2\/users\/4"}],"replies":[{"embeddable":true,"href":"http:\/\/www.pasadenahoy.com\/primero\/wp-json\/wp\/v2\/comments?post=12770"}],"version-history":[{"count":3,"href":"http:\/\/www.pasadenahoy.com\/primero\/wp-json\/wp\/v2\/posts\/12770\/revisions"}],"predecessor-version":[{"id":12775,"href":"http:\/\/www.pasadenahoy.com\/primero\/wp-json\/wp\/v2\/posts\/12770\/revisions\/12775"}],"wp:featuredmedia":[{"embeddable":true,"href":"http:\/\/www.pasadenahoy.com\/primero\/wp-json\/wp\/v2\/media\/12771"}],"wp:attachment":[{"href":"http:\/\/www.pasadenahoy.com\/primero\/wp-json\/wp\/v2\/media?parent=12770"}],"wp:term":[{"taxonomy":"category","embeddable":true,"href":"http:\/\/www.pasadenahoy.com\/primero\/wp-json\/wp\/v2\/categories?post=12770"},{"taxonomy":"post_tag","embeddable":true,"href":"http:\/\/www.pasadenahoy.com\/primero\/wp-json\/wp\/v2\/tags?post=12770"}],"curies":[{"name":"wp","href":"https:\/\/api.w.org\/{rel}","templated":true}]}}