{"id":12784,"date":"2021-11-30T15:34:28","date_gmt":"2021-11-30T15:34:28","guid":{"rendered":"http:\/\/www.pasadenahoy.com\/primero\/?p=12784"},"modified":"2021-11-30T15:34:31","modified_gmt":"2021-11-30T15:34:31","slug":"el-trabajo-sismico-en-la-biblioteca-central-tardara-anos-en-completarse-y-costara-mas-de-100-millones","status":"publish","type":"post","link":"http:\/\/www.pasadenahoy.com\/primero\/la-comunidad\/el-trabajo-sismico-en-la-biblioteca-central-tardara-anos-en-completarse-y-costara-mas-de-100-millones\/","title":{"rendered":"El trabajo s\u00edsmico en la biblioteca central tardar\u00e1 a\u00f1os en completarse y costar\u00e1 m\u00e1s de $ 100 millones"},"content":{"rendered":"\n<figure class=\"wp-block-image alignnone size-large\"><figure class=\"alignnone\"><img loading=\"lazy\" width=\"700\" height=\"378\" src=\"http:\/\/www.pasadenahoy.com\/primero\/wp-content\/uploads\/2021\/11\/pic-5-14.jpg\" alt=\"\" class=\"wp-image-12785\" srcset=\"http:\/\/www.pasadenahoy.com\/primero\/wp-content\/uploads\/2021\/11\/pic-5-14.jpg 700w, http:\/\/www.pasadenahoy.com\/primero\/wp-content\/uploads\/2021\/11\/pic-5-14-300x162.jpg 300w, http:\/\/www.pasadenahoy.com\/primero\/wp-content\/uploads\/2021\/11\/pic-5-14-241x130.jpg 241w, http:\/\/www.pasadenahoy.com\/primero\/wp-content\/uploads\/2021\/11\/pic-5-14-333x180.jpg 333w, http:\/\/www.pasadenahoy.com\/primero\/wp-content\/uploads\/2021\/11\/pic-5-14-360x194.jpg 360w\" sizes=\"100vw\" \/><figcaption><span class=\"caption-text\">(Imagen cortes\u00eda de la ciudad de Pasadena)<\/span><\/figcaption><\/figure><\/figure>\n\n\n\n<p>En un informe sobre las reparaciones a la Biblioteca Central de Pasadena, se le dijo al Ayuntamiento el lunes que el trabajo s\u00edsmico en la Biblioteca Central tardar\u00e1 varios a\u00f1os en completarse.<\/p>\n\n\n\n<p>La actualizaci\u00f3n podr\u00eda costar $ 111 millones, pero esa estimaci\u00f3n es aproximada.<\/p>\n\n\n\n<p>El monto no incluye las proyecciones de inflaci\u00f3n actuales y podr\u00eda cambiar debido al aumento de los costos de construcci\u00f3n y otros factores que podr\u00edan refinarse en el futuro.<\/p>\n\n\n\n<p>El 3 de mayo, los funcionarios de la ciudad se vieron obligados a cerrar la Biblioteca Central para realizar una remodelaci\u00f3n y restauraci\u00f3n s\u00edsmicas necesarias para cumplir con los requisitos de seguridad de la vida. Una evaluaci\u00f3n estructural revel\u00f3 que la mayor parte del edificio consta de mamposter\u00eda no reforzada.<\/p>\n\n\n\n<p>\u201cLa Biblioteca Central es el eje principal de nuestro sistema de bibliotecas\u201d, dijo el administrador de la ciudad Steve Mermell.<\/p>\n\n\n\n<p>Mermell recorri\u00f3 el edificio con la directora de la biblioteca, Michelle Perera.<\/p>\n\n\n\n<p>&#8220;No queremos caminar de regreso al edificio y parece que lo acaban de pintar por dentro&#8221;, dijo Perera al Ayuntamiento. &#8220;Esta es una gran oportunidad&#8221;.<\/p>\n\n\n\n<p>Seg\u00fan Perera, la necesidad de un espacio m\u00e1s flexible ser\u00e1 importante en el futuro y al mismo tiempo preservar la integridad hist\u00f3rica del edificio.<\/p>\n\n\n\n<p>&#8220;Tenemos una oportunidad real de ver esto como una biblioteca del futuro&#8221;.<\/p>\n\n\n\n<p>El lunes, el consejo aprob\u00f3 un art\u00edculo que permite que la biblioteca use la Escuela Primaria Jefferson, que fue clausurada anteriormente por el Distrito Escolar Unificado de Pasadena.<\/p>\n\n\n\n<p>Seg\u00fan un informe del personal de la ciudad, KPFF Consulting Engineers ha realizado una evaluaci\u00f3n del estado del edificio y sus diversos sistemas. El personal de la ciudad dijo que como parte de una posible extensi\u00f3n de un impuesto a las parcelas local, los votantes podr\u00edan considerar apoyar fondos adicionales para rehabilitar la estructura de casi 100 a\u00f1os.<\/p>\n\n\n\n<p>\u201cEstoy muy preocupado por la modernizaci\u00f3n de la biblioteca lo m\u00e1s r\u00e1pido posible\u201d, dijo el concejal John Kennedy.<\/p>\n\n\n\n<p>El impuesto a las parcelas de cinco a\u00f1os se inici\u00f3 por primera vez en 1993 cuando los votantes de Pasadena acordaron gravarse a s\u00ed mismos para evitar reducciones en el servicio a las bibliotecas de la ciudad debido a las condiciones econ\u00f3micas imperantes en ese momento.<\/p>\n\n\n\n<p>Desde entonces, el impuesto a las parcelas se ha renovado dos veces, durante 10 a\u00f1os y luego durante 15 a\u00f1os, en 1997 y 2007 respectivamente, cada vez con enormes niveles de apoyo de los votantes (1993 &#8211; 79,9%, 1997 &#8211; 84% y 2007 &#8211; 80,4%). %).<\/p>\n\n\n\n<p>El personal de KPFF ha emitido una solicitud de propuestas con el fin de seleccionar un equipo de dise\u00f1o calificado, bien versado tanto en reacondicionamiento s\u00edsmico como en preservaci\u00f3n hist\u00f3rica, para perfeccionar a\u00fan m\u00e1s el an\u00e1lisis, preparar el informe ambiental, desarrollar opciones para el reacondicionamiento y perfeccionar las estimaciones presupuestarias.<\/p>\n\n\n\n<p>El 27 de septiembre, el asamble\u00edsta Chris Holden present\u00f3 un cheque por $ 4 millones a la ciudad y la Biblioteca P\u00fablica de Pasadena para ayudar a reparar la Biblioteca Central de casi 100 a\u00f1os.<\/p>\n\n\n\n<p>Aunque la Biblioteca Central de Pasadena est\u00e1 cerrada en este momento, cuenta con el respaldo de nueve sucursales de bibliotecas del vecindario que est\u00e1n abiertas y contin\u00faan ofreciendo acceso en persona o en l\u00ednea a libros y publicaciones peri\u00f3dicas, colecciones, artes del lenguaje, programas de desarrollo profesional y personal, computadoras, e internet.<\/p>\n\n\n\n<p>La Biblioteca Central es uno de los tres edificios principales del Distrito del Centro C\u00edvico de la ciudad como parte del Plan Bennett. Se dedic\u00f3 el d\u00eda del cumplea\u00f1os de Abraham Lincoln, el 12 de febrero de 1927.<\/p>\n\n\n\n<p>El plan, desarrollado por el arquitecto Edward Bennett, coloc\u00f3 las instituciones c\u00edvicas m\u00e1s importantes de la ciudad, incluida la biblioteca y el Ayuntamiento, dentro de un \u00e1rea donde las calles concluyen en los edificios: el Ayuntamiento al este, la biblioteca al norte y el Centro C\u00edvico. al sur.<\/p>\n\n\n\n<p>La biblioteca estuvo cerrada durante un a\u00f1o durante la pandemia.<\/p>\n\n\n\n<p>La Biblioteca Central alberga casi 300.000 art\u00edculos en su colecci\u00f3n. Como tal, no es posible trasladar todos estos materiales a las sucursales.<\/p>\n\n\n\n<p>En consecuencia, el personal ha estado buscando opciones para el funcionamiento continuo de los programas de la Biblioteca y la reubicaci\u00f3n de la colecci\u00f3n, incluido el uso de un edificio modular en el estacionamiento de la Biblioteca Central que actualmente sirve como un lugar de manipulaci\u00f3n de materiales para garantizar que nuevos materiales lleguen a el sistema y circulando.<\/p>\n","protected":false},"excerpt":{"rendered":"<p>En un informe sobre las reparaciones a la Biblioteca Central de Pasadena, se le dijo al Ayuntamiento el lunes que el trabajo s\u00edsmico en la Biblioteca Central tardar\u00e1 varios a\u00f1os en completarse. La actualizaci\u00f3n podr\u00eda costar $ 111 millones, pero esa estimaci\u00f3n es aproximada. El monto no incluye las proyecciones de inflaci\u00f3n actuales y podr\u00eda cambiar debido al aumento de los costos de construcci\u00f3n y otros factores que podr\u00edan refinarse en el futuro. El 3 de mayo, los funcionarios de [&hellip;]<\/p>\n","protected":false},"author":4,"featured_media":0,"comment_status":"open","ping_status":"closed","sticky":false,"template":"","format":"standard","meta":[],"categories":[4],"tags":[],"acf":[],"_links":{"self":[{"href":"http:\/\/www.pasadenahoy.com\/primero\/wp-json\/wp\/v2\/posts\/12784"}],"collection":[{"href":"http:\/\/www.pasadenahoy.com\/primero\/wp-json\/wp\/v2\/posts"}],"about":[{"href":"http:\/\/www.pasadenahoy.com\/primero\/wp-json\/wp\/v2\/types\/post"}],"author":[{"embeddable":true,"href":"http:\/\/www.pasadenahoy.com\/primero\/wp-json\/wp\/v2\/users\/4"}],"replies":[{"embeddable":true,"href":"http:\/\/www.pasadenahoy.com\/primero\/wp-json\/wp\/v2\/comments?post=12784"}],"version-history":[{"count":2,"href":"http:\/\/www.pasadenahoy.com\/primero\/wp-json\/wp\/v2\/posts\/12784\/revisions"}],"predecessor-version":[{"id":12787,"href":"http:\/\/www.pasadenahoy.com\/primero\/wp-json\/wp\/v2\/posts\/12784\/revisions\/12787"}],"wp:attachment":[{"href":"http:\/\/www.pasadenahoy.com\/primero\/wp-json\/wp\/v2\/media?parent=12784"}],"wp:term":[{"taxonomy":"category","embeddable":true,"href":"http:\/\/www.pasadenahoy.com\/primero\/wp-json\/wp\/v2\/categories?post=12784"},{"taxonomy":"post_tag","embeddable":true,"href":"http:\/\/www.pasadenahoy.com\/primero\/wp-json\/wp\/v2\/tags?post=12784"}],"curies":[{"name":"wp","href":"https:\/\/api.w.org\/{rel}","templated":true}]}}