{"id":12788,"date":"2021-11-30T15:37:55","date_gmt":"2021-11-30T15:37:55","guid":{"rendered":"http:\/\/www.pasadenahoy.com\/primero\/?p=12788"},"modified":"2021-11-30T15:37:57","modified_gmt":"2021-11-30T15:37:57","slug":"el-forense-identifica-a-una-mujer-de-pasadena-muerta-en-crossing-street","status":"publish","type":"post","link":"http:\/\/www.pasadenahoy.com\/primero\/la-comunidad\/el-forense-identifica-a-una-mujer-de-pasadena-muerta-en-crossing-street\/","title":{"rendered":"El forense identifica a una mujer de Pasadena muerta en Crossing Street"},"content":{"rendered":"\n<figure class=\"wp-block-image alignnone size-large\"><figure class=\"alignnone\"><img loading=\"lazy\" width=\"700\" height=\"378\" src=\"http:\/\/www.pasadenahoy.com\/primero\/wp-content\/uploads\/2021\/11\/pic-6-3.png\" alt=\"\" class=\"wp-image-12789\" srcset=\"http:\/\/www.pasadenahoy.com\/primero\/wp-content\/uploads\/2021\/11\/pic-6-3.png 700w, http:\/\/www.pasadenahoy.com\/primero\/wp-content\/uploads\/2021\/11\/pic-6-3-300x162.png 300w, http:\/\/www.pasadenahoy.com\/primero\/wp-content\/uploads\/2021\/11\/pic-6-3-241x130.png 241w, http:\/\/www.pasadenahoy.com\/primero\/wp-content\/uploads\/2021\/11\/pic-6-3-333x180.png 333w, http:\/\/www.pasadenahoy.com\/primero\/wp-content\/uploads\/2021\/11\/pic-6-3-360x194.png 360w\" sizes=\"100vw\" \/><figcaption><span class=\"caption-text\">foto cortes\u00eda de mapas de Google<\/span><\/figcaption><\/figure><\/figure>\n\n\n\n<p>Se identific\u00f3 a una mujer local que fue atropellada por un autom\u00f3vil y asesinada cuando cruzaba la calle el viernes pasado por la ma\u00f1ana en la intersecci\u00f3n de la calle San Pasqual y la avenida Allen.<\/p>\n\n\n\n<p>La v\u00edctima era Yangyang Liu, de 33 a\u00f1os, de Pasadena, seg\u00fan la portavoz de L.A. Coroner, Sara Ardalani. Liu muri\u00f3 en la escena de un traumatismo craneal contundente.<\/p>\n\n\n\n<p>Los oficiales respondieron a las 11:19 a.m. y encontraron a la mujer tendida en la calle, seg\u00fan el teniente Anthony Burgess. Ella ya estaba muerta por heridas graves.<\/p>\n\n\n\n<p>El conductor, un vecino de 20 a\u00f1os, permaneci\u00f3 en el lugar y cooper\u00f3 con la polic\u00eda.<\/p>\n\n\n\n<p>Burgess dijo que la velocidad pudo haber sido un factor que contribuy\u00f3 a la colisi\u00f3n. El conductor se dirig\u00eda hacia el sur por Allen Avenue.<\/p>\n\n\n\n<p>Varios residentes cercanos le dijeron a Pasadena Now que acelerar en el tramo de San Pasqual Street y pasar las se\u00f1ales de alto de 4 v\u00edas es algo com\u00fan.<\/p>\n\n\n\n<p>\u201cPuedes ver claramente las cuatro se\u00f1ales de alto en esta intersecci\u00f3n, el problema es que pocas personas se detienen. Grab\u00e9 un clip de pel\u00edcula de personas que pasaban por las se\u00f1ales de alto, muchas de las cuales atravesaban los pasos de peatones a una velocidad de 40 a 30 km \/ h \u201d, dijo una mujer llamada Tracy. &#8220;Gente ego\u00edsta, irreflexiva y est\u00fapida, finalmente hicieron lo inevitable&#8221;.<\/p>\n\n\n\n<p>El Ayuntamiento suspendi\u00f3 su reuni\u00f3n del lunes en nombre de Liu junto con las v\u00edctimas recientes de la violencia con armas de fuego.<\/p>\n","protected":false},"excerpt":{"rendered":"<p>Se identific\u00f3 a una mujer local que fue atropellada por un autom\u00f3vil y asesinada cuando cruzaba la calle el viernes pasado por la ma\u00f1ana en la intersecci\u00f3n de la calle San Pasqual y la avenida Allen. La v\u00edctima era Yangyang Liu, de 33 a\u00f1os, de Pasadena, seg\u00fan la portavoz de L.A. Coroner, Sara Ardalani. Liu muri\u00f3 en la escena de un traumatismo craneal contundente. Los oficiales respondieron a las 11:19 a.m. y encontraron a la mujer tendida en la calle, [&hellip;]<\/p>\n","protected":false},"author":4,"featured_media":0,"comment_status":"open","ping_status":"closed","sticky":false,"template":"","format":"standard","meta":[],"categories":[4],"tags":[],"acf":[],"_links":{"self":[{"href":"http:\/\/www.pasadenahoy.com\/primero\/wp-json\/wp\/v2\/posts\/12788"}],"collection":[{"href":"http:\/\/www.pasadenahoy.com\/primero\/wp-json\/wp\/v2\/posts"}],"about":[{"href":"http:\/\/www.pasadenahoy.com\/primero\/wp-json\/wp\/v2\/types\/post"}],"author":[{"embeddable":true,"href":"http:\/\/www.pasadenahoy.com\/primero\/wp-json\/wp\/v2\/users\/4"}],"replies":[{"embeddable":true,"href":"http:\/\/www.pasadenahoy.com\/primero\/wp-json\/wp\/v2\/comments?post=12788"}],"version-history":[{"count":2,"href":"http:\/\/www.pasadenahoy.com\/primero\/wp-json\/wp\/v2\/posts\/12788\/revisions"}],"predecessor-version":[{"id":12791,"href":"http:\/\/www.pasadenahoy.com\/primero\/wp-json\/wp\/v2\/posts\/12788\/revisions\/12791"}],"wp:attachment":[{"href":"http:\/\/www.pasadenahoy.com\/primero\/wp-json\/wp\/v2\/media?parent=12788"}],"wp:term":[{"taxonomy":"category","embeddable":true,"href":"http:\/\/www.pasadenahoy.com\/primero\/wp-json\/wp\/v2\/categories?post=12788"},{"taxonomy":"post_tag","embeddable":true,"href":"http:\/\/www.pasadenahoy.com\/primero\/wp-json\/wp\/v2\/tags?post=12788"}],"curies":[{"name":"wp","href":"https:\/\/api.w.org\/{rel}","templated":true}]}}