{"id":12796,"date":"2021-12-01T15:09:47","date_gmt":"2021-12-01T15:09:47","guid":{"rendered":"http:\/\/www.pasadenahoy.com\/primero\/?p=12796"},"modified":"2021-12-01T15:09:50","modified_gmt":"2021-12-01T15:09:50","slug":"funcionarios-de-salud-de-pasadena-monitoreando-la-variante-de-covid","status":"publish","type":"post","link":"http:\/\/www.pasadenahoy.com\/primero\/la-comunidad\/funcionarios-de-salud-de-pasadena-monitoreando-la-variante-de-covid\/","title":{"rendered":"Funcionarios de salud de Pasadena monitoreando la variante de COVID"},"content":{"rendered":"\n<figure class=\"wp-block-image alignnone size-large\"><figure class=\"alignnone\"><img loading=\"lazy\" width=\"700\" height=\"378\" src=\"http:\/\/www.pasadenahoy.com\/primero\/wp-content\/uploads\/2021\/12\/262362848_10159668084383252_3355017085441264881_n-700x378-1.jpg\" alt=\"\" class=\"wp-image-12797\" srcset=\"http:\/\/www.pasadenahoy.com\/primero\/wp-content\/uploads\/2021\/12\/262362848_10159668084383252_3355017085441264881_n-700x378-1.jpg 700w, http:\/\/www.pasadenahoy.com\/primero\/wp-content\/uploads\/2021\/12\/262362848_10159668084383252_3355017085441264881_n-700x378-1-300x162.jpg 300w, http:\/\/www.pasadenahoy.com\/primero\/wp-content\/uploads\/2021\/12\/262362848_10159668084383252_3355017085441264881_n-700x378-1-241x130.jpg 241w, http:\/\/www.pasadenahoy.com\/primero\/wp-content\/uploads\/2021\/12\/262362848_10159668084383252_3355017085441264881_n-700x378-1-333x180.jpg 333w, http:\/\/www.pasadenahoy.com\/primero\/wp-content\/uploads\/2021\/12\/262362848_10159668084383252_3355017085441264881_n-700x378-1-360x194.jpg 360w\" sizes=\"100vw\" \/><\/figure><\/figure>\n\n\n\n<p>En un comunicado a Pasadena Now, el director de salud de la ciudad dijo que aunque se sabe poco sobre la variante Omicron de COVID-19, las personas deben continuar vacun\u00e1ndose y recibiendo inyecciones de refuerzo.<\/p>\n\n\n\n<p>Omicron tiene mutaciones similares a la variante Delta, seg\u00fan informes publicados. Algunos cient\u00edficos esperan que sea m\u00e1s transmisible. Hasta el martes por la ma\u00f1ana, 19 pa\u00edses informaban casos de la variante. Hasta el momento no ha habido reportes de la variante en Estados Unidos, pero s\u00ed se ha detectado en Canad\u00e1.<\/p>\n\n\n\n<p>Seg\u00fan el tablero de la ciudad, desde que comenz\u00f3 la pandemia, el Departamento de Salud P\u00fablica de Pasadena ha informado 13,888 casos y 367 muertes.<\/p>\n\n\n\n<p>Actualmente, el Hospital Huntington atiende a 17 personas, dos de ellas en la unidad de cuidados intensivos.<\/p>\n\n\n\n<p>&#8220;Todav\u00eda estamos aprendiendo sobre la nueva variante, incluida la forma en que se propaga e infecta a las personas, as\u00ed como c\u00f3mo responde a las vacunas&#8221;, dijo el director de salud p\u00fablica Ying Ying Goh.<\/p>\n\n\n\n<p>\u201cSeg\u00fan el Departamento de Salud P\u00fablica de California (CDPH), todav\u00eda no se han detectado casos en los Estados Unidos; sin embargo, basado en otras variantes, es solo cuesti\u00f3n de tiempo antes de que Omicron est\u00e9 aqu\u00ed &#8220;.<\/p>\n\n\n\n<p>El domingo, los funcionarios estatales y del condado dijeron a City News Service que tambi\u00e9n estaban monitoreando de cerca la variante.<\/p>\n\n\n\n<p>El Director de Salud P\u00fablica del Estado, Tomos Aragon, dijo: \u201cLas vacunas contin\u00faan siendo nuestra mejor manera de superar la pandemia al protegernos de manera segura contra las enfermedades graves de COVID-19 y sus variantes. Estamos redoblando nuestros esfuerzos de vacunaci\u00f3n y refuerzo para garantizar que todos los californianos tengan acceso a vacunas seguras, efectivas y gratuitas que puedan prevenir enfermedades graves y la muerte &#8220;.<\/p>\n\n\n\n<p>El Departamento de Salud P\u00fablica del Condado de Los \u00c1ngeles abord\u00f3 la nueva variante el s\u00e1bado.<\/p>\n\n\n\n<p>\u201cAunque se necesitan m\u00e1s estudios para determinar si la variante Omicron es m\u00e1s contagiosa, m\u00e1s mortal o resistente a la vacuna y los tratamientos que otras cepas de COVID-19, como ocurre con cualquier variante de preocupaci\u00f3n que se encuentre en otros pa\u00edses, hay pasos importantes que todos debemos tomar para protegernos del COVID-19 y de las variantes emergentes de preocupaci\u00f3n \u201d, dijo el departamento.<\/p>\n\n\n\n<p>Seg\u00fan Goh, las nuevas variantes seguir\u00e1n evolucionando mientras haya una gran proporci\u00f3n de personas no vacunadas.<\/p>\n\n\n\n<p>&#8220;No sabemos en este momento si esta nueva variante causa una enfermedad COVID-19 m\u00e1s grave que otras variantes o c\u00f3mo podr\u00eda afectar la respuesta al tratamiento&#8221;.<\/p>\n\n\n\n<p>Seg\u00fan CNN, Omicron tiene una gran cantidad de mutaciones, m\u00e1s de 30 en la prote\u00edna de pico clave, la estructura que permite que el virus invada las c\u00e9lulas.<\/p>\n\n\n\n<p>\u201cPara protegerse a s\u00ed mismo ya sus seres queridos, todas las personas mayores de 5 a\u00f1os deben vacunarse por completo, incluidas las vacunas de refuerzo para las personas mayores de 18 a\u00f1os\u201d, dijo Goh.<\/p>\n\n\n\n<p>\u201cSi recibi\u00f3 Pfizer o Moderna, todas las personas mayores de 18 a\u00f1os son elegibles al menos 6 meses despu\u00e9s de completar su serie de vacunaci\u00f3n primaria COVID-19. Si recibi\u00f3 Johnson and Johnson, es elegible para un refuerzo al menos 2 meses despu\u00e9s de completar su vacunaci\u00f3n primaria COVID-19 &#8220;.<\/p>\n\n\n\n<p>\u201cLas citas para la vacuna y las vacunas de refuerzo se pueden encontrar en myturn.ca.gov. Use m\u00e1scaras en todos los lugares interiores y exteriores donde no sea posible el distanciamiento f\u00edsico. H\u00e1gase la prueba si tiene alg\u00fan s\u00edntoma (incluso si cree que tiene alergias) y antes y despu\u00e9s de viajar o reunirse con otras personas &#8220;.<\/p>\n\n\n\n<p>Hasta el lunes, el 93,7% de todos los habitantes de Pasadena de 5 a\u00f1os o m\u00e1s han recibido al menos una dosis de la vacuna COVID-19, seg\u00fan el PPHD. El 86,1% de todos los habitantes de Pasadena elegibles hab\u00edan sido completamente vacunados.<\/p>\n\n\n\n<p>\u201cA trav\u00e9s de nuestro rastreo de contactos, estamos preguntando a todos los casos confirmados sobre viajes recientes y exposici\u00f3n a personas que han viajado internacionalmente recientemente\u201d, dijo Goh. \u201cEl CDC recomienda que los viajeros del sur de \u00c1frica, Botswana, Zimbabwe, Namibia, Lesotho, Eswatini, Mozambique y Malawi realicen pruebas dentro de los 3 a 5 d\u00edas posteriores a la llegada, se pongan en cuarentena durante 7 d\u00edas y se a\u00edslen y prueben si se desarrollan s\u00edntomas de COVID-19. Continuamos monitoreando de cerca la propagaci\u00f3n de COVID-19 en Pasadena \u201d.<\/p>\n","protected":false},"excerpt":{"rendered":"<p>En un comunicado a Pasadena Now, el director de salud de la ciudad dijo que aunque se sabe poco sobre la variante Omicron de COVID-19, las personas deben continuar vacun\u00e1ndose y recibiendo inyecciones de refuerzo. Omicron tiene mutaciones similares a la variante Delta, seg\u00fan informes publicados. Algunos cient\u00edficos esperan que sea m\u00e1s transmisible. Hasta el martes por la ma\u00f1ana, 19 pa\u00edses informaban casos de la variante. Hasta el momento no ha habido reportes de la variante en Estados Unidos, pero [&hellip;]<\/p>\n","protected":false},"author":4,"featured_media":12797,"comment_status":"open","ping_status":"closed","sticky":false,"template":"","format":"standard","meta":[],"categories":[4],"tags":[],"acf":[],"_links":{"self":[{"href":"http:\/\/www.pasadenahoy.com\/primero\/wp-json\/wp\/v2\/posts\/12796"}],"collection":[{"href":"http:\/\/www.pasadenahoy.com\/primero\/wp-json\/wp\/v2\/posts"}],"about":[{"href":"http:\/\/www.pasadenahoy.com\/primero\/wp-json\/wp\/v2\/types\/post"}],"author":[{"embeddable":true,"href":"http:\/\/www.pasadenahoy.com\/primero\/wp-json\/wp\/v2\/users\/4"}],"replies":[{"embeddable":true,"href":"http:\/\/www.pasadenahoy.com\/primero\/wp-json\/wp\/v2\/comments?post=12796"}],"version-history":[{"count":2,"href":"http:\/\/www.pasadenahoy.com\/primero\/wp-json\/wp\/v2\/posts\/12796\/revisions"}],"predecessor-version":[{"id":12799,"href":"http:\/\/www.pasadenahoy.com\/primero\/wp-json\/wp\/v2\/posts\/12796\/revisions\/12799"}],"wp:featuredmedia":[{"embeddable":true,"href":"http:\/\/www.pasadenahoy.com\/primero\/wp-json\/wp\/v2\/media\/12797"}],"wp:attachment":[{"href":"http:\/\/www.pasadenahoy.com\/primero\/wp-json\/wp\/v2\/media?parent=12796"}],"wp:term":[{"taxonomy":"category","embeddable":true,"href":"http:\/\/www.pasadenahoy.com\/primero\/wp-json\/wp\/v2\/categories?post=12796"},{"taxonomy":"post_tag","embeddable":true,"href":"http:\/\/www.pasadenahoy.com\/primero\/wp-json\/wp\/v2\/tags?post=12796"}],"curies":[{"name":"wp","href":"https:\/\/api.w.org\/{rel}","templated":true}]}}