{"id":12804,"date":"2021-12-01T15:22:06","date_gmt":"2021-12-01T15:22:06","guid":{"rendered":"http:\/\/www.pasadenahoy.com\/primero\/?p=12804"},"modified":"2021-12-01T15:22:09","modified_gmt":"2021-12-01T15:22:09","slug":"voluntarios-en-busca-de-la-ciudad-para-el-conteo-de-personas-sin-hogar-de-pasadena-2022","status":"publish","type":"post","link":"http:\/\/www.pasadenahoy.com\/primero\/la-comunidad\/voluntarios-en-busca-de-la-ciudad-para-el-conteo-de-personas-sin-hogar-de-pasadena-2022\/","title":{"rendered":"Voluntarios en busca de la ciudad para el conteo de personas sin hogar de Pasadena 2022"},"content":{"rendered":"\n<figure class=\"wp-block-image alignnone size-large\"><figure class=\"alignnone\"><img loading=\"lazy\" width=\"740\" height=\"399\" src=\"http:\/\/www.pasadenahoy.com\/primero\/wp-content\/uploads\/2021\/12\/pic-3.jpg\" alt=\"\" class=\"wp-image-12805\" srcset=\"http:\/\/www.pasadenahoy.com\/primero\/wp-content\/uploads\/2021\/12\/pic-3.jpg 740w, http:\/\/www.pasadenahoy.com\/primero\/wp-content\/uploads\/2021\/12\/pic-3-300x162.jpg 300w, http:\/\/www.pasadenahoy.com\/primero\/wp-content\/uploads\/2021\/12\/pic-3-241x130.jpg 241w, http:\/\/www.pasadenahoy.com\/primero\/wp-content\/uploads\/2021\/12\/pic-3-334x180.jpg 334w, http:\/\/www.pasadenahoy.com\/primero\/wp-content\/uploads\/2021\/12\/pic-3-700x377.jpg 700w, http:\/\/www.pasadenahoy.com\/primero\/wp-content\/uploads\/2021\/12\/pic-3-360x194.jpg 360w, http:\/\/www.pasadenahoy.com\/primero\/wp-content\/uploads\/2021\/12\/pic-3-720x388.jpg 720w\" sizes=\"100vw\" \/><figcaption><span class=\"caption-text\">La imagen de archivo muestra mostradores inspeccionando a un hombre sin hogar cerca del Ayuntamiento de Pasadena. Foto: Oficina del Seminario Fuller para Iniciativas Urbanas<\/span><\/figcaption><\/figure><\/figure>\n\n\n\n<p>La b\u00fasqueda busca voluntarios para ayudar a llevar a cabo el conteo de personas sin hogar de 2022.<\/p>\n\n\n\n<p>El conteo se llevar\u00e1 a cabo la noche del martes 25 de enero y la ma\u00f1ana del mi\u00e9rcoles 26 de enero. El evento pone en marcha un a\u00f1o lleno de educaci\u00f3n, compromiso y acci\u00f3n para la <a href=\"https:\/\/t.sidekickopen90.com\/s3t\/c\/5\/f18dQhb0S7kv8cp85kW21GymG59hl3kW7_k2847sCHKtMtftXPvM6wGW1Hnf132bzNKBf9hCY6701?te=W3R5hFj4cm2zwW45LMyQ3H4S-pW45LMtq41RkmyW3R0K2b43Wg2w0&amp;si=6034060113739776&amp;pi=7062c5b3-a2f8-4d97-a21d-ee692161a7e6\">Asociaci\u00f3n de Pasadena para acabar con las personas sin hogar.<\/a><\/p>\n\n\n\n<p>Cada a\u00f1o, los voluntarios ayudan a contar y encuestar a las personas sin hogar que viven en las calles de Pasadena durante una sola noche la \u00faltima semana de enero. El recuento de personas sin hogar proporciona datos significativos para promover la comprensi\u00f3n de la ciudad sobre nuestra poblaci\u00f3n local de personas sin hogar y para informar la asignaci\u00f3n de recursos para servicios y programas.<\/p>\n\n\n\n<p>Equipos de voluntarios de tres a cuatro personas se dispersar\u00e1n a las zonas asignadas de 8 a 10 p.m. el 25 de enero y de 6 a 8 a.m. el 26 de enero para contar y administrar una encuesta a nuestros vecinos sin hogar. Los voluntarios tambi\u00e9n distribuir\u00e1n kits de higiene mientras realizan la encuesta.<\/p>\n\n\n\n<p>Se requiere que todos los voluntarios participen en ambos turnos, y los mismos equipos saldr\u00e1n juntos por la tarde y por la ma\u00f1ana. Los voluntarios deben tener al menos 18 a\u00f1os de edad y deben mostrar prueba de vacunaci\u00f3n COVID o de una prueba COVID negativa tomada dentro de las 72 horas posteriores al conteo de personas sin hogar.<\/p>\n\n\n\n<p>Se seguir\u00e1n todas las pautas de seguridad locales de COVID-19 para la seguridad de nuestros vecinos y voluntarios sin vivienda. Se requerir\u00e1 que todos los voluntarios asistan a una orientaci\u00f3n en l\u00ednea para prepararse para el conteo el 18 o 19 de enero de 6: 30-8: 30 p.m.<\/p>\n\n\n\n<p>Los voluntarios son la columna vertebral para garantizar que el conteo de personas sin hogar sea un \u00e9xito y se lleve a cabo de manera eficaz y completa. Considere registrarse con sus amigos y vecinos. El registro de voluntarios est\u00e1 abierto desde ahora hasta el 7 de enero en <a href=\"http:\/\/www.pasadenapartnership.org\/\">www.pasadenapartnership.org<\/a>. Si tiene preguntas, comun\u00edquese con <a href=\"dan@rosecitycoffee.org\">dan@rosecitycoffee.org.<\/a><\/p>\n","protected":false},"excerpt":{"rendered":"<p>La b\u00fasqueda busca voluntarios para ayudar a llevar a cabo el conteo de personas sin hogar de 2022. El conteo se llevar\u00e1 a cabo la noche del martes 25 de enero y la ma\u00f1ana del mi\u00e9rcoles 26 de enero. El evento pone en marcha un a\u00f1o lleno de educaci\u00f3n, compromiso y acci\u00f3n para la Asociaci\u00f3n de Pasadena para acabar con las personas sin hogar. Cada a\u00f1o, los voluntarios ayudan a contar y encuestar a las personas sin hogar que viven [&hellip;]<\/p>\n","protected":false},"author":4,"featured_media":12805,"comment_status":"open","ping_status":"closed","sticky":false,"template":"","format":"standard","meta":[],"categories":[4],"tags":[],"acf":[],"_links":{"self":[{"href":"http:\/\/www.pasadenahoy.com\/primero\/wp-json\/wp\/v2\/posts\/12804"}],"collection":[{"href":"http:\/\/www.pasadenahoy.com\/primero\/wp-json\/wp\/v2\/posts"}],"about":[{"href":"http:\/\/www.pasadenahoy.com\/primero\/wp-json\/wp\/v2\/types\/post"}],"author":[{"embeddable":true,"href":"http:\/\/www.pasadenahoy.com\/primero\/wp-json\/wp\/v2\/users\/4"}],"replies":[{"embeddable":true,"href":"http:\/\/www.pasadenahoy.com\/primero\/wp-json\/wp\/v2\/comments?post=12804"}],"version-history":[{"count":2,"href":"http:\/\/www.pasadenahoy.com\/primero\/wp-json\/wp\/v2\/posts\/12804\/revisions"}],"predecessor-version":[{"id":12807,"href":"http:\/\/www.pasadenahoy.com\/primero\/wp-json\/wp\/v2\/posts\/12804\/revisions\/12807"}],"wp:featuredmedia":[{"embeddable":true,"href":"http:\/\/www.pasadenahoy.com\/primero\/wp-json\/wp\/v2\/media\/12805"}],"wp:attachment":[{"href":"http:\/\/www.pasadenahoy.com\/primero\/wp-json\/wp\/v2\/media?parent=12804"}],"wp:term":[{"taxonomy":"category","embeddable":true,"href":"http:\/\/www.pasadenahoy.com\/primero\/wp-json\/wp\/v2\/categories?post=12804"},{"taxonomy":"post_tag","embeddable":true,"href":"http:\/\/www.pasadenahoy.com\/primero\/wp-json\/wp\/v2\/tags?post=12804"}],"curies":[{"name":"wp","href":"https:\/\/api.w.org\/{rel}","templated":true}]}}