{"id":12832,"date":"2021-12-02T15:01:13","date_gmt":"2021-12-02T15:01:13","guid":{"rendered":"http:\/\/www.pasadenahoy.com\/primero\/?p=12832"},"modified":"2021-12-02T15:01:15","modified_gmt":"2021-12-02T15:01:15","slug":"primer-caso-estadounidense-de-covid-omicron-variant-en-san-francisco-no-se-reportaron-casos-en-pasadena","status":"publish","type":"post","link":"http:\/\/www.pasadenahoy.com\/primero\/el-gobierno-local\/primer-caso-estadounidense-de-covid-omicron-variant-en-san-francisco-no-se-reportaron-casos-en-pasadena\/","title":{"rendered":"Primer caso estadounidense de COVID Omicron Variant en San Francisco; No se reportaron casos en Pasadena"},"content":{"rendered":"\n<figure class=\"wp-block-image alignnone size-large\"><figure class=\"alignnone\"><img loading=\"lazy\" width=\"700\" height=\"378\" src=\"http:\/\/www.pasadenahoy.com\/primero\/wp-content\/uploads\/2021\/12\/pic-3-1.jpg\" alt=\"\" class=\"wp-image-12833\" srcset=\"http:\/\/www.pasadenahoy.com\/primero\/wp-content\/uploads\/2021\/12\/pic-3-1.jpg 700w, http:\/\/www.pasadenahoy.com\/primero\/wp-content\/uploads\/2021\/12\/pic-3-1-300x162.jpg 300w, http:\/\/www.pasadenahoy.com\/primero\/wp-content\/uploads\/2021\/12\/pic-3-1-241x130.jpg 241w, http:\/\/www.pasadenahoy.com\/primero\/wp-content\/uploads\/2021\/12\/pic-3-1-333x180.jpg 333w, http:\/\/www.pasadenahoy.com\/primero\/wp-content\/uploads\/2021\/12\/pic-3-1-360x194.jpg 360w\" sizes=\"100vw\" \/><\/figure><\/figure>\n\n\n\n<p>El primer caso estadounidense de la nueva variante Omicron de COVID-19 se confirm\u00f3 en San Francisco, dijeron el mi\u00e9rcoles funcionarios de salud federales y estatales, lo que confirma la creencia de que la nueva &#8220;variante de preocupaci\u00f3n&#8221; identificada por primera vez en Sud\u00e1frica ya era presidente a nivel nacional.<\/p>\n\n\n\n<p>Todav\u00eda no hay casos confirmados de la variante Omicron en el sur de California.<\/p>\n\n\n\n<p>El anuncio se produce un d\u00eda despu\u00e9s de que el Director de Salud de la ciudad le dijera a Pasadena Now que, aunque se sabe poco sobre la variante Omicron de COVID-19, las personas deben continuar vacun\u00e1ndose y recibiendo inyecciones de refuerzo.<\/p>\n\n\n\n<p>\u201cPara protegerse y proteger a sus seres queridos, todas las personas mayores de 5 a\u00f1os deben vacunarse por completo, incluidas las vacunas de refuerzo para las personas mayores de 18 a\u00f1os\u201d, dijo el Dr. Ying-Ying Goh.<\/p>\n\n\n\n<p>\u201cSi recibi\u00f3 Pfizer o Moderna, todas las personas mayores de 18 a\u00f1os son elegibles al menos 6 meses despu\u00e9s de completar su serie de vacunaci\u00f3n primaria COVID-19. Si recibi\u00f3 Johnson and Johnson, es elegible para un refuerzo al menos 2 meses despu\u00e9s de completar su vacunaci\u00f3n primaria COVID-19 &#8220;.<\/p>\n\n\n\n<p>Las citas para las vacunas y las vacunas de refuerzo se pueden encontrar en myturn.ca.gov.<\/p>\n\n\n\n<p>Use m\u00e1scaras en todos los lugares interiores y exteriores donde no sea posible el distanciamiento f\u00edsico. Goh dijo que la gente debe hacerse la prueba si tiene alg\u00fan s\u00edntoma (incluso si cree que tiene alergias) y antes y despu\u00e9s de viajar o reunirse con otras personas.<\/p>\n\n\n\n<p>El Dr. Anthony Fauci, director del Instituto Nacional de Alergias y Enfermedades Infecciosas, dijo a los periodistas en la Casa Blanca el mi\u00e9rcoles que el paciente que dio positivo era un viajero que regres\u00f3 de Sud\u00e1frica el 22 de noviembre y dio positivo el lunes. La persona no identificada estaba completamente vacunada contra COVID y experiment\u00f3 &#8220;s\u00edntomas leves&#8221; que estaban mejorando, dijo Fauci.<\/p>\n\n\n\n<p>La persona estaba en cuarentena, y todos los contactos cercanos fueron contactados y todos dieron negativo, seg\u00fan Fauci.<\/p>\n\n\n\n<p>\u201cSab\u00edamos que era solo cuesti\u00f3n de tiempo antes de que se detectara el primer caso de Omicron en los Estados Unidos\u201d, dijo Fauci.<\/p>\n\n\n\n<p>En Twitter, el gobernador Gavin Newsom dijo que la variante Omicron probablemente est\u00e9 presente en otros estados adem\u00e1s de California.<\/p>\n\n\n\n<p>&#8220;No hay raz\u00f3n para entrar en p\u00e1nico, pero debemos permanecer atentos&#8221;,<\/p>\n\n\n\n<p>Newsom escribi\u00f3. \u201cEso significa vacunarse. Consiga estimulado. Use una m\u00e1scara en el interior &#8220;.<\/p>\n\n\n\n<p>La variante Omicron fue identificada como una &#8220;variante de preocupaci\u00f3n&#8221; por la Organizaci\u00f3n Mundial de la Salud el viernes despu\u00e9s de que fuera identificada como responsable del aumento del n\u00famero de casos de COVID en Sud\u00e1frica. Se cree que la variante se propaga m\u00e1s f\u00e1cilmente debido a su gran cantidad de mutaciones, pero a\u00fan se est\u00e1n realizando investigaciones para determinar si es m\u00e1s resistente a las vacunas existentes y podr\u00eda provocar una enfermedad m\u00e1s grave.<\/p>\n\n\n\n<p>Los departamentos de salud p\u00fablica de California y San Francisco emitieron una declaraci\u00f3n conjunta en respuesta al caso Omicron, diciendo: \u201cDebemos permanecer alerta contra esta variante, pero no es motivo de p\u00e1nico. Para ayudar a detectar y prevenir la propagaci\u00f3n de esta nueva variante, el estado de California est\u00e1 aumentando las pruebas de COVID-19 en nuestros aeropuertos para las llegadas de pa\u00edses identificados por los Centros para el Control y la Prevenci\u00f3n de Enfermedades. Reconocemos que todos est\u00e1n agotados y la noticia de una nueva variante puede resultar abrumadora. Es importante que nos concentremos colectivamente en las cosas que sabemos que previenen la propagaci\u00f3n del COVID-19 y sus variantes. Las personas deben (1) vacunarse y reforzarse; (2) use su m\u00e1scara en ambientes interiores; (3) h\u00e1gase la prueba si tiene s\u00edntomas; y (4) qu\u00e9dese en casa si est\u00e1 enfermo &#8220;.<\/p>\n","protected":false},"excerpt":{"rendered":"<p>El primer caso estadounidense de la nueva variante Omicron de COVID-19 se confirm\u00f3 en San Francisco, dijeron el mi\u00e9rcoles funcionarios de salud federales y estatales, lo que confirma la creencia de que la nueva &#8220;variante de preocupaci\u00f3n&#8221; identificada por primera vez en Sud\u00e1frica ya era presidente a nivel nacional. Todav\u00eda no hay casos confirmados de la variante Omicron en el sur de California. El anuncio se produce un d\u00eda despu\u00e9s de que el Director de Salud de la ciudad le [&hellip;]<\/p>\n","protected":false},"author":4,"featured_media":12833,"comment_status":"open","ping_status":"closed","sticky":false,"template":"","format":"standard","meta":[],"categories":[6],"tags":[],"acf":[],"_links":{"self":[{"href":"http:\/\/www.pasadenahoy.com\/primero\/wp-json\/wp\/v2\/posts\/12832"}],"collection":[{"href":"http:\/\/www.pasadenahoy.com\/primero\/wp-json\/wp\/v2\/posts"}],"about":[{"href":"http:\/\/www.pasadenahoy.com\/primero\/wp-json\/wp\/v2\/types\/post"}],"author":[{"embeddable":true,"href":"http:\/\/www.pasadenahoy.com\/primero\/wp-json\/wp\/v2\/users\/4"}],"replies":[{"embeddable":true,"href":"http:\/\/www.pasadenahoy.com\/primero\/wp-json\/wp\/v2\/comments?post=12832"}],"version-history":[{"count":2,"href":"http:\/\/www.pasadenahoy.com\/primero\/wp-json\/wp\/v2\/posts\/12832\/revisions"}],"predecessor-version":[{"id":12835,"href":"http:\/\/www.pasadenahoy.com\/primero\/wp-json\/wp\/v2\/posts\/12832\/revisions\/12835"}],"wp:featuredmedia":[{"embeddable":true,"href":"http:\/\/www.pasadenahoy.com\/primero\/wp-json\/wp\/v2\/media\/12833"}],"wp:attachment":[{"href":"http:\/\/www.pasadenahoy.com\/primero\/wp-json\/wp\/v2\/media?parent=12832"}],"wp:term":[{"taxonomy":"category","embeddable":true,"href":"http:\/\/www.pasadenahoy.com\/primero\/wp-json\/wp\/v2\/categories?post=12832"},{"taxonomy":"post_tag","embeddable":true,"href":"http:\/\/www.pasadenahoy.com\/primero\/wp-json\/wp\/v2\/tags?post=12832"}],"curies":[{"name":"wp","href":"https:\/\/api.w.org\/{rel}","templated":true}]}}