{"id":12860,"date":"2021-12-03T15:08:14","date_gmt":"2021-12-03T15:08:14","guid":{"rendered":"http:\/\/www.pasadenahoy.com\/primero\/?p=12860"},"modified":"2021-12-03T15:08:16","modified_gmt":"2021-12-03T15:08:16","slug":"la-comision-de-supervision-de-la-policia-comunitaria-denuncia-violencia-con-armas-de-fuego-luego-de-dos-muertes-recientes-por-disparos","status":"publish","type":"post","link":"http:\/\/www.pasadenahoy.com\/primero\/la-comunidad\/la-comision-de-supervision-de-la-policia-comunitaria-denuncia-violencia-con-armas-de-fuego-luego-de-dos-muertes-recientes-por-disparos\/","title":{"rendered":"La Comisi\u00f3n de Supervisi\u00f3n de la Polic\u00eda Comunitaria denuncia violencia con armas de fuego luego de dos muertes recientes por disparos"},"content":{"rendered":"\n<figure class=\"wp-block-image alignnone size-large\"><figure class=\"alignnone\"><img loading=\"lazy\" width=\"700\" height=\"378\" src=\"http:\/\/www.pasadenahoy.com\/primero\/wp-content\/uploads\/2021\/12\/pic3.png\" alt=\"\" class=\"wp-image-12861\" srcset=\"http:\/\/www.pasadenahoy.com\/primero\/wp-content\/uploads\/2021\/12\/pic3.png 700w, http:\/\/www.pasadenahoy.com\/primero\/wp-content\/uploads\/2021\/12\/pic3-300x162.png 300w, http:\/\/www.pasadenahoy.com\/primero\/wp-content\/uploads\/2021\/12\/pic3-241x130.png 241w, http:\/\/www.pasadenahoy.com\/primero\/wp-content\/uploads\/2021\/12\/pic3-333x180.png 333w, http:\/\/www.pasadenahoy.com\/primero\/wp-content\/uploads\/2021\/12\/pic3-360x194.png 360w\" sizes=\"100vw\" \/><\/figure><\/figure>\n\n\n\n<p>Los comisionados de la Comisi\u00f3n de Supervisi\u00f3n de la Polic\u00eda Comunitaria (CPOC) denunciaron la violencia con armas de fuego al expresar sus condolencias a las familias de Jamal Dion Patterson, de 24 a\u00f1os, e Iran Moreno-Balvaneda, de 13, quienes recientemente perdieron la vida a causa de los disparos en Pasadena. .<\/p>\n\n\n\n<p>Durante su reuni\u00f3n del jueves por la noche, al menos cuatro miembros de la comisi\u00f3n, que fue creada para fortalecer las relaciones entre la comunidad y la polic\u00eda y hacer recomendaciones sobre las operaciones en curso del departamento de polic\u00eda, ofrecieron condolencias a los familiares y amigos de Patterson y Moreno-Balvaneda.<\/p>\n\n\n\n<p>Patterson muri\u00f3 el pasado 28 de octubre en un hospital donde fue trasladado luego de ser herido de muerte en un tiroteo ocurrido en la cuadra 1000 de Summit Avenue el 25 de octubre.<\/p>\n\n\n\n<p>Moreno-Balvaneda fue alcanzado por una bala perdida mientras jugaba un videojuego en su habitaci\u00f3n de su casa en la cuadra 900 de North Raymond Avenue el 20 de noviembre.<\/p>\n\n\n\n<p>El alcalde V\u00edctor Gordo pidi\u00f3 una mayor presencia policial luego de los incidentes de tiroteo. Tambi\u00e9n pidi\u00f3 m\u00e1s recursos para el departamento de polic\u00eda.<\/p>\n\n\n\n<p>\u201cEste \u00faltimo par de semanas en nuestra comunidad ha sido realmente doloroso. Desde Jamal hasta Ir\u00e1n y otros miembros de nuestra comunidad, heridos y heridos \u201d, dijo la comisionada Florence Annang durante la reuni\u00f3n del CPOC.<\/p>\n\n\n\n<p>Si bien Annang denunci\u00f3 los incidentes de disparos que cobraron la vida de los dos, tambi\u00e9n expres\u00f3 su desaprobaci\u00f3n por el aumento de la presencia policial y la presunta discriminaci\u00f3n racial que, seg\u00fan dijo, est\u00e1n teniendo lugar despu\u00e9s de los incidentes.<\/p>\n\n\n\n<p>Ella pidi\u00f3 un enfoque diferente para abordar la violencia armada.<\/p>\n\n\n\n<p>&#8220;S\u00ed. Necesitamos que la polic\u00eda averig\u00fce qui\u00e9n hizo esto. Si. Necesitamos que la polic\u00eda haga su trabajo. Pero tampoco nosotros, como comunidad, necesitamos un aumento de la polic\u00eda, un aumento de los perfiles raciales para aumentar los ni\u00f1os y ni\u00f1as negros y morenos que son detenidos en la calle debido a esto \u201d, dijo Annang.<\/p>\n\n\n\n<p>&#8220;Necesitamos algo m\u00e1s y vamos a necesitar algo fuera de la caja&#8221;, agreg\u00f3 sin dar m\u00e1s detalles.<\/p>\n\n\n\n<p>Annang tambi\u00e9n defendi\u00f3 a Patterson tras las acusaciones de que la v\u00edctima era miembro de una pandilla.<\/p>\n\n\n\n<p>\u201cJamal no era pandillero. El era un ser humano. Era padre de dos ni\u00f1os, de dos ni\u00f1os autistas que \u00e9l mismo estaba criando. Se ha difundido la narrativa de que \u00e9l era y no lo era &#8220;, dijo.<\/p>\n\n\n\n<p>El presidente de la Comisi\u00f3n, Ra\u00fal Ib\u00e1\u00f1ez, tambi\u00e9n habl\u00f3 sobre los recientes incidentes relacionados con armas.<\/p>\n\n\n\n<p>\u201cInsto a nuestra comunidad a que d\u00e9 prioridad a la vida sobre la muerte. Insto a nuestra comunidad a priorizar el amor sobre el miedo y comprometerse a unirnos sin importar nuestro origen cultural, para detener el da\u00f1o que se est\u00e1 causando a nuestra comunidad porque honestamente nos merecemos algo mejor que esto \u201d, dijo.<\/p>\n\n\n\n<p>Los comisionados Alexis Abernethy y Phillip Argento tambi\u00e9n expresaron sus condolencias a las familias en duelo durante la reuni\u00f3n p\u00fablica de la comisi\u00f3n.<\/p>\n\n\n\n<p>La polic\u00eda contin\u00faa investigando los recientes tiroteos que provocaron indignaci\u00f3n p\u00fablica. Mientras tanto, los l\u00edderes de la ciudad en concierto con los supervisores del condado de Los \u00c1ngeles tienen recompensas por un total de $ 30,000 por informaci\u00f3n clave que conduzca a la identificaci\u00f3n del pistolero en el asesinato de Moreno-Balvaneda.<\/p>\n","protected":false},"excerpt":{"rendered":"<p>Los comisionados de la Comisi\u00f3n de Supervisi\u00f3n de la Polic\u00eda Comunitaria (CPOC) denunciaron la violencia con armas de fuego al expresar sus condolencias a las familias de Jamal Dion Patterson, de 24 a\u00f1os, e Iran Moreno-Balvaneda, de 13, quienes recientemente perdieron la vida a causa de los disparos en Pasadena. . Durante su reuni\u00f3n del jueves por la noche, al menos cuatro miembros de la comisi\u00f3n, que fue creada para fortalecer las relaciones entre la comunidad y la polic\u00eda y [&hellip;]<\/p>\n","protected":false},"author":4,"featured_media":12861,"comment_status":"open","ping_status":"closed","sticky":false,"template":"","format":"standard","meta":[],"categories":[4],"tags":[],"acf":[],"_links":{"self":[{"href":"http:\/\/www.pasadenahoy.com\/primero\/wp-json\/wp\/v2\/posts\/12860"}],"collection":[{"href":"http:\/\/www.pasadenahoy.com\/primero\/wp-json\/wp\/v2\/posts"}],"about":[{"href":"http:\/\/www.pasadenahoy.com\/primero\/wp-json\/wp\/v2\/types\/post"}],"author":[{"embeddable":true,"href":"http:\/\/www.pasadenahoy.com\/primero\/wp-json\/wp\/v2\/users\/4"}],"replies":[{"embeddable":true,"href":"http:\/\/www.pasadenahoy.com\/primero\/wp-json\/wp\/v2\/comments?post=12860"}],"version-history":[{"count":2,"href":"http:\/\/www.pasadenahoy.com\/primero\/wp-json\/wp\/v2\/posts\/12860\/revisions"}],"predecessor-version":[{"id":12863,"href":"http:\/\/www.pasadenahoy.com\/primero\/wp-json\/wp\/v2\/posts\/12860\/revisions\/12863"}],"wp:featuredmedia":[{"embeddable":true,"href":"http:\/\/www.pasadenahoy.com\/primero\/wp-json\/wp\/v2\/media\/12861"}],"wp:attachment":[{"href":"http:\/\/www.pasadenahoy.com\/primero\/wp-json\/wp\/v2\/media?parent=12860"}],"wp:term":[{"taxonomy":"category","embeddable":true,"href":"http:\/\/www.pasadenahoy.com\/primero\/wp-json\/wp\/v2\/categories?post=12860"},{"taxonomy":"post_tag","embeddable":true,"href":"http:\/\/www.pasadenahoy.com\/primero\/wp-json\/wp\/v2\/tags?post=12860"}],"curies":[{"name":"wp","href":"https:\/\/api.w.org\/{rel}","templated":true}]}}