{"id":12864,"date":"2021-12-03T15:13:21","date_gmt":"2021-12-03T15:13:21","guid":{"rendered":"http:\/\/www.pasadenahoy.com\/primero\/?p=12864"},"modified":"2021-12-03T15:13:23","modified_gmt":"2021-12-03T15:13:23","slug":"miembros-de-la-comunidad-afroamericana-hablaran-sobre-las-vacunas-covid","status":"publish","type":"post","link":"http:\/\/www.pasadenahoy.com\/primero\/la-comunidad\/miembros-de-la-comunidad-afroamericana-hablaran-sobre-las-vacunas-covid\/","title":{"rendered":"Miembros de la comunidad afroamericana hablar\u00e1n sobre las vacunas COVID"},"content":{"rendered":"\n<figure class=\"wp-block-image alignnone size-large\"><figure class=\"alignnone\"><img loading=\"lazy\" width=\"700\" height=\"375\" src=\"http:\/\/www.pasadenahoy.com\/primero\/wp-content\/uploads\/2021\/12\/pic-4.jpg\" alt=\"\" class=\"wp-image-12866\" srcset=\"http:\/\/www.pasadenahoy.com\/primero\/wp-content\/uploads\/2021\/12\/pic-4.jpg 700w, http:\/\/www.pasadenahoy.com\/primero\/wp-content\/uploads\/2021\/12\/pic-4-300x161.jpg 300w, http:\/\/www.pasadenahoy.com\/primero\/wp-content\/uploads\/2021\/12\/pic-4-243x130.jpg 243w, http:\/\/www.pasadenahoy.com\/primero\/wp-content\/uploads\/2021\/12\/pic-4-336x180.jpg 336w, http:\/\/www.pasadenahoy.com\/primero\/wp-content\/uploads\/2021\/12\/pic-4-360x193.jpg 360w\" sizes=\"100vw\" \/><\/figure><\/figure>\n\n\n\n<p>Varios miembros de la comunidad afroamericana hablar\u00e1n sobre sus experiencias con la vacunaci\u00f3n COVID-19 y responder\u00e1n preguntas de 4:30 a 6 p.m. el 16 de diciembre.<\/p>\n\n\n\n<p>Jacque James, presidente del comit\u00e9 de salud de la NAACP de Pasadena, Patrice Marshall McKenzie del Cap\u00edtulo de Pasadena de Alpha Kappa Alpha, Mark V. Burns, profesor asistente de medicina en el Departamento de Medicina de la Universidad de Louisville y Justin Hester del Departamento de Bomberos de Pasadena se sentar\u00e1n en el panel de Melanados y vacunados: personas reales, historias reales.<\/p>\n\n\n\n<p>\u201cCreo que la clave para construir comunidades fuertes, saludables y vibrantes es aumentar la estabilidad, el servicio y la seguridad de nuestros residentes\u201d, dijo McKenzie. &#8220;Espero que compartir mi viaje personal sobre la vacuna COVID le d\u00e9 a otra persona informaci\u00f3n o confianza para hacer su parte para proteger la salud p\u00fablica o nuestra comunidad&#8221;.<\/p>\n\n\n\n<p>Seg\u00fan los Centros para el Control de Enfermedades de Atlanta, las personas de raza negra y latinx ten\u00edan menos probabilidades de vacunarse al principio, cuando las vacunas estuvieron disponibles por primera vez. Las tasas de vacunaci\u00f3n latinx han mejorado desde entonces.<\/p>\n\n\n\n<p>Los funcionarios de salud est\u00e1n pidiendo una vez m\u00e1s a las personas que se vacunen o se pongan de refuerzo como precauci\u00f3n contra la variante Omicron, que algunos cient\u00edficos esperan que se propague a un ritmo m\u00e1s r\u00e1pido.<\/p>\n\n\n\n<p>El primer caso estadounidense de la nueva variante Omicron de COVID-19 fue confirmado en San Francisco el mi\u00e9rcoles.<\/p>\n\n\n\n<p>Todav\u00eda no hay casos confirmados de la variante Omicron en el sur de California.<\/p>\n\n\n\n<p>El director de salud de la ciudad, Ying-Ying Goh, le dijo a Pasadena Now a principios de esta semana que, aunque se sabe poco sobre la variante Omicron de COVID-19, las personas deben continuar vacun\u00e1ndose y recibiendo inyecciones de refuerzo.<\/p>\n\n\n\n<p>&#8220;Para protegerse y proteger a sus seres queridos, todas las personas mayores de 5 a\u00f1os deben vacunarse por completo, incluidas las vacunas de refuerzo para las personas mayores de 18 a\u00f1os&#8221;.<\/p>\n\n\n\n<p>Los funcionarios est\u00e1n pidiendo a las personas que usen m\u00e1scaras en todos los lugares interiores y exteriores donde no es posible el distanciamiento f\u00edsico. Goh dijo que la gente debe hacerse la prueba si tiene alg\u00fan s\u00edntoma (incluso si cree que tiene alergias) y antes y despu\u00e9s de viajar o reunirse con otras personas.<\/p>\n\n\n\n<p>El Dr. Anthony Fauci, director del Instituto Nacional de Alergias y Enfermedades Infecciosas, dijo a los periodistas en la Casa Blanca el mi\u00e9rcoles que el paciente que dio positivo era un viajero que regres\u00f3 de Sud\u00e1frica el 22 de noviembre y dio positivo el lunes. La persona no identificada estaba completamente vacunada contra COVID y experiment\u00f3 &#8220;s\u00edntomas leves&#8221; que estaban mejorando, dijo Fauci.<\/p>\n\n\n\n<p>La persona estaba en cuarentena, y todos los contactos cercanos fueron contactados y todos dieron negativo, seg\u00fan Fauci.<\/p>\n\n\n\n<p>\u201cSab\u00edamos que era solo cuesti\u00f3n de tiempo antes de que se detectara el primer caso de Omicron en los Estados Unidos\u201d, dijo Fauci.<\/p>\n\n\n\n<p>El evento se llevar\u00e1 a cabo en l\u00ednea y los residentes locales deben enviar sus preguntas con anticipaci\u00f3n.<\/p>\n\n\n\n<p><a href=\"https:\/\/www.eventbrite.com\/e\/melanated-vaccinated-real-people-real-stories-registration-198531381707\">https:\/\/www.eventbrite.com\/e\/melanated-vaccinated-real-people-real-stories-registration-198531381707<\/a><\/p>\n","protected":false},"excerpt":{"rendered":"<p>Varios miembros de la comunidad afroamericana hablar\u00e1n sobre sus experiencias con la vacunaci\u00f3n COVID-19 y responder\u00e1n preguntas de 4:30 a 6 p.m. el 16 de diciembre. Jacque James, presidente del comit\u00e9 de salud de la NAACP de Pasadena, Patrice Marshall McKenzie del Cap\u00edtulo de Pasadena de Alpha Kappa Alpha, Mark V. Burns, profesor asistente de medicina en el Departamento de Medicina de la Universidad de Louisville y Justin Hester del Departamento de Bomberos de Pasadena se sentar\u00e1n en el panel [&hellip;]<\/p>\n","protected":false},"author":4,"featured_media":0,"comment_status":"open","ping_status":"closed","sticky":false,"template":"","format":"standard","meta":[],"categories":[4],"tags":[],"acf":[],"_links":{"self":[{"href":"http:\/\/www.pasadenahoy.com\/primero\/wp-json\/wp\/v2\/posts\/12864"}],"collection":[{"href":"http:\/\/www.pasadenahoy.com\/primero\/wp-json\/wp\/v2\/posts"}],"about":[{"href":"http:\/\/www.pasadenahoy.com\/primero\/wp-json\/wp\/v2\/types\/post"}],"author":[{"embeddable":true,"href":"http:\/\/www.pasadenahoy.com\/primero\/wp-json\/wp\/v2\/users\/4"}],"replies":[{"embeddable":true,"href":"http:\/\/www.pasadenahoy.com\/primero\/wp-json\/wp\/v2\/comments?post=12864"}],"version-history":[{"count":2,"href":"http:\/\/www.pasadenahoy.com\/primero\/wp-json\/wp\/v2\/posts\/12864\/revisions"}],"predecessor-version":[{"id":12869,"href":"http:\/\/www.pasadenahoy.com\/primero\/wp-json\/wp\/v2\/posts\/12864\/revisions\/12869"}],"wp:attachment":[{"href":"http:\/\/www.pasadenahoy.com\/primero\/wp-json\/wp\/v2\/media?parent=12864"}],"wp:term":[{"taxonomy":"category","embeddable":true,"href":"http:\/\/www.pasadenahoy.com\/primero\/wp-json\/wp\/v2\/categories?post=12864"},{"taxonomy":"post_tag","embeddable":true,"href":"http:\/\/www.pasadenahoy.com\/primero\/wp-json\/wp\/v2\/tags?post=12864"}],"curies":[{"name":"wp","href":"https:\/\/api.w.org\/{rel}","templated":true}]}}