{"id":12870,"date":"2021-12-03T15:16:56","date_gmt":"2021-12-03T15:16:56","guid":{"rendered":"http:\/\/www.pasadenahoy.com\/primero\/?p=12870"},"modified":"2021-12-03T15:16:59","modified_gmt":"2021-12-03T15:16:59","slug":"sospechoso-de-tiroteo-en-villa-parke-debe-volver-a-la-corte-el-proximo-mes","status":"publish","type":"post","link":"http:\/\/www.pasadenahoy.com\/primero\/la-comunidad\/sospechoso-de-tiroteo-en-villa-parke-debe-volver-a-la-corte-el-proximo-mes\/","title":{"rendered":"Sospechoso de tiroteo en Villa Parke debe volver a la corte el pr\u00f3ximo mes"},"content":{"rendered":"\n<figure class=\"wp-block-image alignnone size-large\"><figure class=\"alignnone\"><img loading=\"lazy\" width=\"700\" height=\"383\" src=\"http:\/\/www.pasadenahoy.com\/primero\/wp-content\/uploads\/2021\/12\/pic-5-2.jpg\" alt=\"\" class=\"wp-image-12871\" srcset=\"http:\/\/www.pasadenahoy.com\/primero\/wp-content\/uploads\/2021\/12\/pic-5-2.jpg 700w, http:\/\/www.pasadenahoy.com\/primero\/wp-content\/uploads\/2021\/12\/pic-5-2-300x164.jpg 300w, http:\/\/www.pasadenahoy.com\/primero\/wp-content\/uploads\/2021\/12\/pic-5-2-238x130.jpg 238w, http:\/\/www.pasadenahoy.com\/primero\/wp-content\/uploads\/2021\/12\/pic-5-2-329x180.jpg 329w, http:\/\/www.pasadenahoy.com\/primero\/wp-content\/uploads\/2021\/12\/pic-5-2-360x197.jpg 360w\" sizes=\"100vw\" \/><\/figure><\/figure>\n\n\n\n<p>Un hombre de Pasadena de 21 a\u00f1os acusado de matar a dos hombres e herir a otra persona en un tiroteo hace un a\u00f1o regresar\u00e1 a la corte para una audiencia preliminar el 4 de enero, dijo un funcionario de la corte a Pasadena Now el jueves.<\/p>\n\n\n\n<p>Seg\u00fan los fiscales, Christopher Paul Hall mat\u00f3 a tiros a los residentes de Pasadena, Christino Medell\u00edn \u00c1vila, de 51 a\u00f1os, y Aaron P\u00e9rez Flores, de 40, fueron asesinados el 1 de diciembre cerca de Villa Parke.<\/p>\n\n\n\n<p>\u00c1vila muri\u00f3 en el lugar. Flores fue trasladado de urgencia al hospital donde muri\u00f3 poco tiempo despu\u00e9s.<\/p>\n\n\n\n<p>Posteriormente, la polic\u00eda arrest\u00f3 a Christopher Paul Hall. Hall enfrenta dos cargos de asesinato y un cargo de intento de asesinato en relaci\u00f3n con el tiroteo, que ocurri\u00f3 en la parte noreste del parque.<\/p>\n\n\n\n<p>Las tres v\u00edctimas estaban sentadas en un banco del parque cuando comenz\u00f3 el tiroteo, seg\u00fan la polic\u00eda.<\/p>\n\n\n\n<p>Los tiradores huyeron de la escena en un sed\u00e1n de color oscuro, dijo la polic\u00eda en ese momento.<\/p>\n\n\n\n<p>Despu\u00e9s del tiroteo, la polic\u00eda tard\u00f3 casi seis meses en arrestar a Hall, quien fue arrestado con la ayuda de un grupo de trabajo de fugitivos de los alguaciles estadounidenses el 20 de mayo.<\/p>\n\n\n\n<p>El hermano gemelo de Hall, Christian, fue arrestado en relaci\u00f3n con la muerte a tiros de un hombre y su perro en Monrovia.<\/p>\n\n\n\n<p>Un coacusado en ese tiroteo fatal, el residente de Pasadena, Tanaj Johnson, de 22 a\u00f1os, debe regresar al tribunal para una audiencia preliminar sobre otro caso: el tiroteo del D\u00eda de San Valent\u00edn de 2020 que hiri\u00f3 gravemente a un ni\u00f1o de 10 a\u00f1os que estaba jugando en su frente. Patio cerca del parque.<\/p>\n\n\n\n<p>La polic\u00eda dijo que el ni\u00f1o no era el objetivo del tiroteo.<\/p>\n","protected":false},"excerpt":{"rendered":"<p>Un hombre de Pasadena de 21 a\u00f1os acusado de matar a dos hombres e herir a otra persona en un tiroteo hace un a\u00f1o regresar\u00e1 a la corte para una audiencia preliminar el 4 de enero, dijo un funcionario de la corte a Pasadena Now el jueves. Seg\u00fan los fiscales, Christopher Paul Hall mat\u00f3 a tiros a los residentes de Pasadena, Christino Medell\u00edn \u00c1vila, de 51 a\u00f1os, y Aaron P\u00e9rez Flores, de 40, fueron asesinados el 1 de diciembre cerca [&hellip;]<\/p>\n","protected":false},"author":4,"featured_media":0,"comment_status":"open","ping_status":"closed","sticky":false,"template":"","format":"standard","meta":[],"categories":[4],"tags":[],"acf":[],"_links":{"self":[{"href":"http:\/\/www.pasadenahoy.com\/primero\/wp-json\/wp\/v2\/posts\/12870"}],"collection":[{"href":"http:\/\/www.pasadenahoy.com\/primero\/wp-json\/wp\/v2\/posts"}],"about":[{"href":"http:\/\/www.pasadenahoy.com\/primero\/wp-json\/wp\/v2\/types\/post"}],"author":[{"embeddable":true,"href":"http:\/\/www.pasadenahoy.com\/primero\/wp-json\/wp\/v2\/users\/4"}],"replies":[{"embeddable":true,"href":"http:\/\/www.pasadenahoy.com\/primero\/wp-json\/wp\/v2\/comments?post=12870"}],"version-history":[{"count":2,"href":"http:\/\/www.pasadenahoy.com\/primero\/wp-json\/wp\/v2\/posts\/12870\/revisions"}],"predecessor-version":[{"id":12873,"href":"http:\/\/www.pasadenahoy.com\/primero\/wp-json\/wp\/v2\/posts\/12870\/revisions\/12873"}],"wp:attachment":[{"href":"http:\/\/www.pasadenahoy.com\/primero\/wp-json\/wp\/v2\/media?parent=12870"}],"wp:term":[{"taxonomy":"category","embeddable":true,"href":"http:\/\/www.pasadenahoy.com\/primero\/wp-json\/wp\/v2\/categories?post=12870"},{"taxonomy":"post_tag","embeddable":true,"href":"http:\/\/www.pasadenahoy.com\/primero\/wp-json\/wp\/v2\/tags?post=12870"}],"curies":[{"name":"wp","href":"https:\/\/api.w.org\/{rel}","templated":true}]}}