{"id":12874,"date":"2021-12-03T15:22:44","date_gmt":"2021-12-03T15:22:44","guid":{"rendered":"http:\/\/www.pasadenahoy.com\/primero\/?p=12874"},"modified":"2021-12-03T15:22:46","modified_gmt":"2021-12-03T15:22:46","slug":"publico-invitado-a-la-ceremonia-anual-de-iluminacion-del-arbol-del-alcalde-de-pasadena-esta-noche","status":"publish","type":"post","link":"http:\/\/www.pasadenahoy.com\/primero\/la-comunidad\/publico-invitado-a-la-ceremonia-anual-de-iluminacion-del-arbol-del-alcalde-de-pasadena-esta-noche\/","title":{"rendered":"P\u00fablico invitado a la ceremonia anual de iluminaci\u00f3n del \u00e1rbol del alcalde de Pasadena esta noche"},"content":{"rendered":"\n<figure class=\"wp-block-image alignnone size-large\"><figure class=\"alignnone\"><img loading=\"lazy\" width=\"700\" height=\"378\" src=\"http:\/\/www.pasadenahoy.com\/primero\/wp-content\/uploads\/2021\/12\/pic-6.png\" alt=\"\" class=\"wp-image-12875\" srcset=\"http:\/\/www.pasadenahoy.com\/primero\/wp-content\/uploads\/2021\/12\/pic-6.png 700w, http:\/\/www.pasadenahoy.com\/primero\/wp-content\/uploads\/2021\/12\/pic-6-300x162.png 300w, http:\/\/www.pasadenahoy.com\/primero\/wp-content\/uploads\/2021\/12\/pic-6-241x130.png 241w, http:\/\/www.pasadenahoy.com\/primero\/wp-content\/uploads\/2021\/12\/pic-6-333x180.png 333w, http:\/\/www.pasadenahoy.com\/primero\/wp-content\/uploads\/2021\/12\/pic-6-360x194.png 360w\" sizes=\"100vw\" \/><\/figure><\/figure>\n\n\n\n<p>No olvide que puede unirse al alcalde de Pasadena, Victor M. Gordo, para la ceremonia anual de iluminaci\u00f3n del \u00e1rbol del alcalde de 5:30 a 6:30 p.m. el viernes, en el Ayuntamiento, 100 N. Garfield Ave.<\/p>\n\n\n\n<p>La celebraci\u00f3n gratuita contar\u00e1 con cantantes y bailarines locales. El alcalde encender\u00e1 el \u00e1rbol oficial de la ciudad a las 6 p.m. Se recomienda a los residentes locales que lleguen temprano para estacionarse y tener un lugar privilegiado para ver en el Ayuntamiento.<\/p>\n\n\n\n<p>Tambi\u00e9n puede ayudar al Departamento de Bomberos de Pasadena a brindarles a los ni\u00f1os y adolescentes desfavorecidos de la localidad unas vacaciones inolvidables. Los bomberos de Pasadena estar\u00e1n en la ceremonia de iluminaci\u00f3n del \u00e1rbol para recolectar donaciones de juguetes nuevos sin envolver, equipo deportivo y tarjetas de regalo para la <a href=\"https:\/\/t.sidekickopen90.com\/s3t\/c\/5\/f18dQhb0S7kv8cp85kW21GymG59hl3kW7_k2847sCHKtMtftXPvM6wGW1Hnf132bzNKBf9hCY6701?te=W3R5hFj4cm2zwW4mKLS-3F7-WDW43Qh8y4cGmMkW41Pyvz3K9y3NW45l4tt41YylgW4ff70R3ZZmCCW4cgxxs3zgDmtW3LSyc83JF2DkW4rgCdD4kCBMnw1S1Pw894n2&amp;si=6034060113739776&amp;pi=5cbe5075-bc20-4425-834c-721f00e45fc2\">colecta anual de juguetes Spark of Love.<\/a><\/p>\n\n\n\n<p>La ceremonia de iluminaci\u00f3n del \u00e1rbol de este a\u00f1o contar\u00e1 con entretenimiento en vivo, incluido Anderson Mathis de la Escuela Polit\u00e9cnica, de 10 a\u00f1os, y Elements Dance Space presentar\u00e1 emocionantes rutinas de baile. Por supuesto, la velada no estar\u00eda completa sin nuestros maestros de ceremonias favoritos y nuestro propio d\u00fao din\u00e1mico: el teniente de polic\u00eda retirado Rodney &#8220;Rodney D&#8221; Wallace y el sargento retirado Glenn Thompson.<\/p>\n\n\n\n<p>Se recomienda encarecidamente que todos los asistentes a la ceremonia de iluminaci\u00f3n del \u00e1rbol usen una mascarilla para ayudar a prevenir la propagaci\u00f3n del COVID-19. El evento tambi\u00e9n se transmitir\u00e1 en nuestra KPAS-TV local.<\/p>\n\n\n\n<p>Comparta sus fotos de iluminaci\u00f3n de \u00e1rboles usando el hashtag # TreeLighting2021 y etiquetando a @PasadenaGov en Twitter, y la ciudad retuitear\u00e1 tantos como sea posible.<\/p>\n","protected":false},"excerpt":{"rendered":"<p>No olvide que puede unirse al alcalde de Pasadena, Victor M. Gordo, para la ceremonia anual de iluminaci\u00f3n del \u00e1rbol del alcalde de 5:30 a 6:30 p.m. el viernes, en el Ayuntamiento, 100 N. Garfield Ave. La celebraci\u00f3n gratuita contar\u00e1 con cantantes y bailarines locales. El alcalde encender\u00e1 el \u00e1rbol oficial de la ciudad a las 6 p.m. Se recomienda a los residentes locales que lleguen temprano para estacionarse y tener un lugar privilegiado para ver en el Ayuntamiento. Tambi\u00e9n [&hellip;]<\/p>\n","protected":false},"author":4,"featured_media":0,"comment_status":"open","ping_status":"closed","sticky":false,"template":"","format":"standard","meta":[],"categories":[4],"tags":[],"acf":[],"_links":{"self":[{"href":"http:\/\/www.pasadenahoy.com\/primero\/wp-json\/wp\/v2\/posts\/12874"}],"collection":[{"href":"http:\/\/www.pasadenahoy.com\/primero\/wp-json\/wp\/v2\/posts"}],"about":[{"href":"http:\/\/www.pasadenahoy.com\/primero\/wp-json\/wp\/v2\/types\/post"}],"author":[{"embeddable":true,"href":"http:\/\/www.pasadenahoy.com\/primero\/wp-json\/wp\/v2\/users\/4"}],"replies":[{"embeddable":true,"href":"http:\/\/www.pasadenahoy.com\/primero\/wp-json\/wp\/v2\/comments?post=12874"}],"version-history":[{"count":2,"href":"http:\/\/www.pasadenahoy.com\/primero\/wp-json\/wp\/v2\/posts\/12874\/revisions"}],"predecessor-version":[{"id":12878,"href":"http:\/\/www.pasadenahoy.com\/primero\/wp-json\/wp\/v2\/posts\/12874\/revisions\/12878"}],"wp:attachment":[{"href":"http:\/\/www.pasadenahoy.com\/primero\/wp-json\/wp\/v2\/media?parent=12874"}],"wp:term":[{"taxonomy":"category","embeddable":true,"href":"http:\/\/www.pasadenahoy.com\/primero\/wp-json\/wp\/v2\/categories?post=12874"},{"taxonomy":"post_tag","embeddable":true,"href":"http:\/\/www.pasadenahoy.com\/primero\/wp-json\/wp\/v2\/tags?post=12874"}],"curies":[{"name":"wp","href":"https:\/\/api.w.org\/{rel}","templated":true}]}}