{"id":12890,"date":"2021-12-06T16:06:51","date_gmt":"2021-12-06T16:06:51","guid":{"rendered":"http:\/\/www.pasadenahoy.com\/primero\/?p=12890"},"modified":"2021-12-06T16:06:54","modified_gmt":"2021-12-06T16:06:54","slug":"los-planificadores-de-la-ciudad-se-mueven-para-crear-estandares-de-diseno-para-las-areas-de-comedor-en-la-calle-en-los-restaurantes","status":"publish","type":"post","link":"http:\/\/www.pasadenahoy.com\/primero\/la-comunidad\/los-planificadores-de-la-ciudad-se-mueven-para-crear-estandares-de-diseno-para-las-areas-de-comedor-en-la-calle-en-los-restaurantes\/","title":{"rendered":"Los planificadores de la ciudad se mueven para crear est\u00e1ndares de dise\u00f1o para las \u00e1reas de comedor en la calle en los restaurantes"},"content":{"rendered":"\n<figure class=\"wp-block-image alignnone size-large\"><figure class=\"alignnone\"><img loading=\"lazy\" width=\"700\" height=\"378\" src=\"http:\/\/www.pasadenahoy.com\/primero\/wp-content\/uploads\/2021\/12\/pic-3-2.jpg\" alt=\"\" class=\"wp-image-12891\" srcset=\"http:\/\/www.pasadenahoy.com\/primero\/wp-content\/uploads\/2021\/12\/pic-3-2.jpg 700w, http:\/\/www.pasadenahoy.com\/primero\/wp-content\/uploads\/2021\/12\/pic-3-2-300x162.jpg 300w, http:\/\/www.pasadenahoy.com\/primero\/wp-content\/uploads\/2021\/12\/pic-3-2-241x130.jpg 241w, http:\/\/www.pasadenahoy.com\/primero\/wp-content\/uploads\/2021\/12\/pic-3-2-333x180.jpg 333w, http:\/\/www.pasadenahoy.com\/primero\/wp-content\/uploads\/2021\/12\/pic-3-2-360x194.jpg 360w\" sizes=\"100vw\" \/><\/figure><\/figure>\n\n\n\n<p>Un departamento de la ciudad se est\u00e1 moviendo para crear est\u00e1ndares para una respuesta ad hoc a la pandemia de COVID-19 que ahora parece haberse convertido en un fen\u00f3meno permanente: cenas al aire libre en restaurantes que originalmente no se construyeron con esa caracter\u00edstica.<\/p>\n\n\n\n<p>El Departamento de Planificaci\u00f3n y Desarrollo Comunitario de Pasadena presentar\u00e1 una lista de sugerencias el mi\u00e9rcoles al Comit\u00e9 de Tecnolog\u00eda y Desarrollo Econ\u00f3mico del Ayuntamiento sobre c\u00f3mo los restaurantes de la Ciudad pueden continuar ofreciendo comidas en la calle en \u00e1reas apropiadas, incluidas ideas para est\u00e1ndares de dise\u00f1o para lo que puede convertirse en una caracter\u00edstica permanente de la experiencia gastron\u00f3mica al aire libre de la ciudad.<\/p>\n\n\n\n<p>Actualmente no existen est\u00e1ndares de dise\u00f1o, por lo que el uso de una variedad de materiales da como resultado una apariencia desordenada a lo largo del derecho de paso y los componentes individuales de algunas instalaciones de comedor individuales, como paredes exteriores, est\u00e1ndar de luz, material de sombreado \/ pantalla. y jardineras de jardines, no presentan un dise\u00f1o cohesivo y de calidad, dijo el Departamento de Planificaci\u00f3n en un informe preliminar.<\/p>\n\n\n\n<p>\u201cLas instalaciones de comedor al aire libre deben dise\u00f1arse de modo que todos los componentes de las unidades de comedor funcionen juntos como un todo completo y bien dise\u00f1ado\u201d, dice el informe. \u201cDeben utilizarse materiales similares en todo el dise\u00f1o. Esto incluye dispositivos de protecci\u00f3n \/ protecci\u00f3n, luces exteriores, incluidos los soportes de iluminaci\u00f3n y jardineras &#8220;.<\/p>\n\n\n\n<p>El informe agreg\u00f3 que el dise\u00f1o de las unidades debe ser de alta calidad, simple, ordenado y presentar una sensaci\u00f3n de permanencia, aunque algunas pueden tener que ser f\u00e1cilmente removidas cuando el Desfile de las Rosas y eventos similares se lleven a cabo en la Ciudad.<\/p>\n\n\n\n<p>Las recomendaciones incluyen el uso continuo de dispositivos de disuasi\u00f3n de veh\u00edculos, como rieles en forma de K y barreras de agua de color naranja, pero deben ocultarse en la mayor medida posible. Las soluciones de ocultaci\u00f3n podr\u00edan incluir cubrir con obras de arte o materiales integrados con el dise\u00f1o de la unidad de comedor, seg\u00fan el informe.<\/p>\n\n\n\n<p>Otras recomendaciones incluyen el uso de plataformas en las \u00e1reas de comedor alineadas con la acera para proporcionar una superficie de suelo atractiva y para cumplir con los requisitos de la ADA sin la necesidad de rampas, y el uso de iluminaci\u00f3n exterior alimentada por bater\u00edas o energ\u00eda solar para eliminar el cableado el\u00e9ctrico torpe que a menudo desordena la acera.<\/p>\n\n\n\n<p>Se espera que el personal del Departamento de Planificaci\u00f3n proporcione una presentaci\u00f3n completa de los dise\u00f1os sugeridos en la reuni\u00f3n del Comit\u00e9 EDTech el mi\u00e9rcoles 8 de diciembre, que comienza a las 4 p.m.<\/p>\n\n\n\n<p>Los miembros del p\u00fablico pueden ver la reuni\u00f3n a trav\u00e9s de <a href=\"http:\/\/www.pasadenamedia.org\/\">www.pasadenamedia.org.<\/a><\/p>\n","protected":false},"excerpt":{"rendered":"<p>Un departamento de la ciudad se est\u00e1 moviendo para crear est\u00e1ndares para una respuesta ad hoc a la pandemia de COVID-19 que ahora parece haberse convertido en un fen\u00f3meno permanente: cenas al aire libre en restaurantes que originalmente no se construyeron con esa caracter\u00edstica. El Departamento de Planificaci\u00f3n y Desarrollo Comunitario de Pasadena presentar\u00e1 una lista de sugerencias el mi\u00e9rcoles al Comit\u00e9 de Tecnolog\u00eda y Desarrollo Econ\u00f3mico del Ayuntamiento sobre c\u00f3mo los restaurantes de la Ciudad pueden continuar ofreciendo comidas [&hellip;]<\/p>\n","protected":false},"author":4,"featured_media":12891,"comment_status":"open","ping_status":"closed","sticky":false,"template":"","format":"standard","meta":[],"categories":[4],"tags":[],"acf":[],"_links":{"self":[{"href":"http:\/\/www.pasadenahoy.com\/primero\/wp-json\/wp\/v2\/posts\/12890"}],"collection":[{"href":"http:\/\/www.pasadenahoy.com\/primero\/wp-json\/wp\/v2\/posts"}],"about":[{"href":"http:\/\/www.pasadenahoy.com\/primero\/wp-json\/wp\/v2\/types\/post"}],"author":[{"embeddable":true,"href":"http:\/\/www.pasadenahoy.com\/primero\/wp-json\/wp\/v2\/users\/4"}],"replies":[{"embeddable":true,"href":"http:\/\/www.pasadenahoy.com\/primero\/wp-json\/wp\/v2\/comments?post=12890"}],"version-history":[{"count":2,"href":"http:\/\/www.pasadenahoy.com\/primero\/wp-json\/wp\/v2\/posts\/12890\/revisions"}],"predecessor-version":[{"id":12893,"href":"http:\/\/www.pasadenahoy.com\/primero\/wp-json\/wp\/v2\/posts\/12890\/revisions\/12893"}],"wp:featuredmedia":[{"embeddable":true,"href":"http:\/\/www.pasadenahoy.com\/primero\/wp-json\/wp\/v2\/media\/12891"}],"wp:attachment":[{"href":"http:\/\/www.pasadenahoy.com\/primero\/wp-json\/wp\/v2\/media?parent=12890"}],"wp:term":[{"taxonomy":"category","embeddable":true,"href":"http:\/\/www.pasadenahoy.com\/primero\/wp-json\/wp\/v2\/categories?post=12890"},{"taxonomy":"post_tag","embeddable":true,"href":"http:\/\/www.pasadenahoy.com\/primero\/wp-json\/wp\/v2\/tags?post=12890"}],"curies":[{"name":"wp","href":"https:\/\/api.w.org\/{rel}","templated":true}]}}