{"id":12899,"date":"2021-12-06T16:14:31","date_gmt":"2021-12-06T16:14:31","guid":{"rendered":"http:\/\/www.pasadenahoy.com\/primero\/?p=12899"},"modified":"2021-12-06T16:14:33","modified_gmt":"2021-12-06T16:14:33","slug":"el-consejo-llevara-a-cabo-la-primera-lectura-de-una-ordenanza-de-emergencia-que-ofrece-una-proteccion-limitada-de-la-sb-9","status":"publish","type":"post","link":"http:\/\/www.pasadenahoy.com\/primero\/el-gobierno-local\/el-consejo-llevara-a-cabo-la-primera-lectura-de-una-ordenanza-de-emergencia-que-ofrece-una-proteccion-limitada-de-la-sb-9\/","title":{"rendered":"El Consejo llevar\u00e1 a cabo la primera lectura de una ordenanza de emergencia que ofrece una &#8220;protecci\u00f3n&#8221; limitada de la SB 9"},"content":{"rendered":"\n<figure class=\"wp-block-image alignnone size-large\"><figure class=\"alignnone\"><img loading=\"lazy\" width=\"700\" height=\"378\" src=\"http:\/\/www.pasadenahoy.com\/primero\/wp-content\/uploads\/2021\/12\/pic-5-3.jpg\" alt=\"\" class=\"wp-image-12900\" srcset=\"http:\/\/www.pasadenahoy.com\/primero\/wp-content\/uploads\/2021\/12\/pic-5-3.jpg 700w, http:\/\/www.pasadenahoy.com\/primero\/wp-content\/uploads\/2021\/12\/pic-5-3-300x162.jpg 300w, http:\/\/www.pasadenahoy.com\/primero\/wp-content\/uploads\/2021\/12\/pic-5-3-241x130.jpg 241w, http:\/\/www.pasadenahoy.com\/primero\/wp-content\/uploads\/2021\/12\/pic-5-3-333x180.jpg 333w, http:\/\/www.pasadenahoy.com\/primero\/wp-content\/uploads\/2021\/12\/pic-5-3-360x194.jpg 360w\" sizes=\"100vw\" \/><\/figure><\/figure>\n\n\n\n<p>El lunes, el Concejo Municipal llevar\u00e1 a cabo la primera lectura de una ordenanza de emergencia relacionada con la construcci\u00f3n de viviendas m\u00faltiples en parcelas unifamiliares divididas en zonas de conformidad con la SB 9.<\/p>\n\n\n\n<p>\u201cEsta ordenanza interina protege, dentro de los l\u00edmites permitidos por el Proyecto de Ley del Senado 9, la erosi\u00f3n de los muchos esfuerzos de la Legislatura Estatal de la Ciudad de Pasadena en los \u00faltimos a\u00f1os para aumentar la oferta de viviendas como parte de una estrategia de planificaci\u00f3n comunitaria m\u00e1s integral, mientras se mantiene el car\u00e1cter \u00fanico de sus vecindarios establecidos \u201d, seg\u00fan una hoja informativa de la ordenanza.<\/p>\n\n\n\n<p>Seg\u00fan la ordenanza, SB 9 requiere que las agencias locales aprueben ministerialmente ciertas subdivisiones de un lote residencial unifamiliar en dos sin revisi\u00f3n discrecional, y requiere que una agencia local apruebe ministerialmente un proyecto de desarrollo propuesto de dos unidades en un lote en un solo -Zona residencial familiar sin revisi\u00f3n discrecional.<\/p>\n\n\n\n<p>El 21 de agosto, la ciudad present\u00f3 una carta en contra del proyecto de ley.<\/p>\n\n\n\n<p>\u201cPasadena es muy consciente de la crisis de vivienda en todo el estado y reconoce que se deben tomar medidas importantes para abordar la asequibilidad de la vivienda. Sin embargo, es probable que las disposiciones de la SB 9 socaven los muchos esfuerzos que Pasadena y otras ciudades progresistas de ideas afines han realizado en los \u00faltimos a\u00f1os para aumentar la oferta de viviendas cerca del tr\u00e1nsito como parte de una estrategia de planificaci\u00f3n comunitaria m\u00e1s integral, mientras se mantiene el car\u00e1cter \u00fanico de nuestros barrios establecidos &#8220;.<\/p>\n\n\n\n<p>La carta tambi\u00e9n se\u00f1al\u00f3 que la legislaci\u00f3n &#8220;se estaba llevando a cabo sin un estudio serio o sin consideraci\u00f3n de los impactos potenciales relacionados con el tr\u00e1fico, las emisiones de gases de efecto invernadero, la calidad del aire y otros factores ambientales&#8221;.<\/p>\n\n\n\n<p>En la carta, la ciudad busc\u00f3 socavar la totalidad de la SB 9 y sus objetivos, pero solicit\u00f3 que la Legislatura \u201cconsidere adaptaciones o exenciones para buenos actores como Pasadena que nos permitir\u00edan lograr las mismas metas dignas de este proyecto de ley en un una forma que se basa en la participaci\u00f3n comunitaria y los principios de planificaci\u00f3n reflexivos &#8220;.<\/p>\n\n\n\n<p>SB 9, tal como se promulg\u00f3, no aborda las preocupaciones de la ciudad de Pasadena, seg\u00fan los funcionarios de la ciudad.<\/p>\n\n\n\n<p>Pasadena es una de las 241 ciudades que firmaron una carta en contra de la legislaci\u00f3n.<\/p>\n\n\n\n<p>\u201cLa asequibilidad de la vivienda y la falta de vivienda se encuentran entre los problemas m\u00e1s cr\u00edticos que enfrentan las ciudades de California. Las viviendas a precios asequibles est\u00e1n fuera del alcance de muchas personas y las viviendas no se est\u00e1n construyendo lo suficientemente r\u00e1pido para satisfacer las necesidades actuales o proyectadas de las personas que viven en el estado &#8220;.<\/p>\n\n\n\n<p>Seg\u00fan esa carta, la SB 9, tal como est\u00e1 redactada actualmente, no garantiza la construcci\u00f3n de viviendas asequibles ni estimular\u00e1 el desarrollo de viviendas adicionales de una manera que apoye la flexibilidad local, la toma de decisiones y la opini\u00f3n de la comunidad.<\/p>\n\n\n\n<p>Para combatir la SB 9, varios vecindarios ahora buscan un estatus hist\u00f3rico, incluida la Asociaci\u00f3n de Vecinos de Madison Heights.<\/p>\n\n\n\n<p>\u201cComenzamos el esfuerzo por proteger la arquitectura hist\u00f3rica y el car\u00e1cter que hace que Madison Heights sea tan \u00fanico hace varios a\u00f1os. La SB 9 ha agregado algo de urgencia, ya que a partir de cuatro semanas permitir\u00e1 a los desarrolladores derribar casas hist\u00f3ricas, dividir lotes y colocar 4 nuevas unidades a 4 pies de las l\u00edneas de propiedad laterales \/ traseras \u201d.<\/p>\n\n\n\n<p>&#8220;Para ser claros: SB 9 no tiene una provisi\u00f3n de vivienda asequible&#8221;, escribi\u00f3 el grupo. pero incluso si lo hiciera, un Landmark District trata sobre la importancia de preservar la historia y el arte.<\/p>\n\n\n\n<p>Los escritores de SB 9 reconocieron el valor c\u00edvico y cultural en la preservaci\u00f3n de la hermosa arquitectura hist\u00f3rica y los vecindarios y, por lo tanto, incluyeron una exenci\u00f3n para los distritos emblem\u00e1ticos (y otros monumentos hist\u00f3ricos designados).<\/p>\n","protected":false},"excerpt":{"rendered":"<p>El lunes, el Concejo Municipal llevar\u00e1 a cabo la primera lectura de una ordenanza de emergencia relacionada con la construcci\u00f3n de viviendas m\u00faltiples en parcelas unifamiliares divididas en zonas de conformidad con la SB 9. \u201cEsta ordenanza interina protege, dentro de los l\u00edmites permitidos por el Proyecto de Ley del Senado 9, la erosi\u00f3n de los muchos esfuerzos de la Legislatura Estatal de la Ciudad de Pasadena en los \u00faltimos a\u00f1os para aumentar la oferta de viviendas como parte de [&hellip;]<\/p>\n","protected":false},"author":4,"featured_media":0,"comment_status":"open","ping_status":"closed","sticky":false,"template":"","format":"standard","meta":[],"categories":[6],"tags":[],"acf":[],"_links":{"self":[{"href":"http:\/\/www.pasadenahoy.com\/primero\/wp-json\/wp\/v2\/posts\/12899"}],"collection":[{"href":"http:\/\/www.pasadenahoy.com\/primero\/wp-json\/wp\/v2\/posts"}],"about":[{"href":"http:\/\/www.pasadenahoy.com\/primero\/wp-json\/wp\/v2\/types\/post"}],"author":[{"embeddable":true,"href":"http:\/\/www.pasadenahoy.com\/primero\/wp-json\/wp\/v2\/users\/4"}],"replies":[{"embeddable":true,"href":"http:\/\/www.pasadenahoy.com\/primero\/wp-json\/wp\/v2\/comments?post=12899"}],"version-history":[{"count":2,"href":"http:\/\/www.pasadenahoy.com\/primero\/wp-json\/wp\/v2\/posts\/12899\/revisions"}],"predecessor-version":[{"id":12902,"href":"http:\/\/www.pasadenahoy.com\/primero\/wp-json\/wp\/v2\/posts\/12899\/revisions\/12902"}],"wp:attachment":[{"href":"http:\/\/www.pasadenahoy.com\/primero\/wp-json\/wp\/v2\/media?parent=12899"}],"wp:term":[{"taxonomy":"category","embeddable":true,"href":"http:\/\/www.pasadenahoy.com\/primero\/wp-json\/wp\/v2\/categories?post=12899"},{"taxonomy":"post_tag","embeddable":true,"href":"http:\/\/www.pasadenahoy.com\/primero\/wp-json\/wp\/v2\/tags?post=12899"}],"curies":[{"name":"wp","href":"https:\/\/api.w.org\/{rel}","templated":true}]}}