{"id":12915,"date":"2021-12-06T16:31:18","date_gmt":"2021-12-06T16:31:18","guid":{"rendered":"http:\/\/www.pasadenahoy.com\/primero\/?p=12915"},"modified":"2021-12-06T16:31:20","modified_gmt":"2021-12-06T16:31:20","slug":"la-comision-de-supervision-de-la-policia-comunitaria-quiere-que-se-utilice-la-funcion-de-chat-durante-las-reuniones-de-zoom","status":"publish","type":"post","link":"http:\/\/www.pasadenahoy.com\/primero\/la-comunidad\/la-comision-de-supervision-de-la-policia-comunitaria-quiere-que-se-utilice-la-funcion-de-chat-durante-las-reuniones-de-zoom\/","title":{"rendered":"La Comisi\u00f3n de Supervisi\u00f3n de la Polic\u00eda Comunitaria quiere que se utilice la funci\u00f3n de chat durante las reuniones de Zoom"},"content":{"rendered":"\n<figure class=\"wp-block-image alignnone size-large\"><figure class=\"alignnone\"><img loading=\"lazy\" width=\"700\" height=\"378\" src=\"http:\/\/www.pasadenahoy.com\/primero\/wp-content\/uploads\/2021\/12\/pic-9.jpg\" alt=\"\" class=\"wp-image-12916\" srcset=\"http:\/\/www.pasadenahoy.com\/primero\/wp-content\/uploads\/2021\/12\/pic-9.jpg 700w, http:\/\/www.pasadenahoy.com\/primero\/wp-content\/uploads\/2021\/12\/pic-9-300x162.jpg 300w, http:\/\/www.pasadenahoy.com\/primero\/wp-content\/uploads\/2021\/12\/pic-9-241x130.jpg 241w, http:\/\/www.pasadenahoy.com\/primero\/wp-content\/uploads\/2021\/12\/pic-9-333x180.jpg 333w, http:\/\/www.pasadenahoy.com\/primero\/wp-content\/uploads\/2021\/12\/pic-9-360x194.jpg 360w\" sizes=\"100vw\" \/><\/figure><\/figure>\n\n\n\n<p>Los miembros de la Comisi\u00f3n de Supervisi\u00f3n de la Polic\u00eda Comunitaria (CPOC) expresaron su consternaci\u00f3n despu\u00e9s de que la ciudad rechaz\u00f3 su solicitud de permitir el uso de la funci\u00f3n de chat en las reuniones de Zoom de la comisi\u00f3n.<\/p>\n\n\n\n<p>En su reuni\u00f3n anterior celebrada el 4 de noviembre, el CPOC vot\u00f3 9-1, con una abstenci\u00f3n aprob\u00f3 una moci\u00f3n para solicitar formalmente la integraci\u00f3n del chat p\u00fablico en la reuni\u00f3n de la comisi\u00f3n para una mayor participaci\u00f3n del p\u00fablico.<\/p>\n\n\n\n<p>Durante su reuni\u00f3n del jueves 2 de diciembre, la analista administrativa principal Amanda Fowler le dijo a la comisi\u00f3n que la funci\u00f3n no se puede utilizar debido a problemas de accesibilidad.<\/p>\n\n\n\n<p>&#8220;Si bien, por supuesto, entendemos que es el deseo de los comisionados utilizar esta funci\u00f3n de chat como otra herramienta de comunicaci\u00f3n, desafortunadamente despu\u00e9s de discutir esto con el personal y los l\u00edderes de la ciudad, no podemos activar esta funci\u00f3n&#8221;, dijo Fowler. &#8220;Una de las principales razones por las que se advirti\u00f3 a la ciudad contra el uso de la funci\u00f3n de chat es en realidad un problema de accesibilidad&#8221;.<\/p>\n\n\n\n<p>Ella continu\u00f3: &#8220;Seg\u00fan nuestro coordinador de la ADA, si alguien est\u00e1 usando un radar de pantalla, no podr\u00e1 escuchar lo que est\u00e1 sucediendo en la reuni\u00f3n mientras tambi\u00e9n est\u00e1 usando el radar de pantalla para escuchar lo que est\u00e1 sucediendo en el chat&#8221;.<\/p>\n\n\n\n<p>Mientras tanto, la abogada externa Justine Sanders le dijo a la comisi\u00f3n que no hay otros comit\u00e9s y comisiones en Pasadena que est\u00e9n usando la funci\u00f3n de chat.<\/p>\n\n\n\n<p>Los comisionados no parecieron aceptar el razonamiento del personal y exigieron que el personal de la ciudad presentara una base legal para denegar la solicitud de la comisi\u00f3n para el uso de la funci\u00f3n de chat.<\/p>\n\n\n\n<p>La comisionada Florence Annang dijo que otras ciudades est\u00e1n permitiendo su uso.<\/p>\n\n\n\n<p>El desacuerdo entre el CPOC y la ciudad sobre c\u00f3mo la comisi\u00f3n conducir\u00e1 sus reuniones se produjo despu\u00e9s de que el p\u00fablico y los propios comisionados plantearon repetidamente sus preocupaciones sobre la falta de poder del CPOC.<\/p>\n\n\n\n<p>\u201cNo creo que sea justo porque votamos a favor de esto. Autom\u00e1ticamente, la ciudad est\u00e1 diciendo que todo lo que votaron los comisionados el mes pasado, nuestro voto no significa nada porque ustedes lo van a ver como algo tan peque\u00f1o &#8220;.<\/p>\n\n\n\n<p>Annang pidi\u00f3 al personal que no hiciera que la comisi\u00f3n votara sobre asuntos &#8220;que nos hacen ver que tenemos cada vez menos poder que la comunidad ya ve&#8221;.<\/p>\n\n\n\n<p>Hizo hincapi\u00e9 en la necesidad del uso de la funci\u00f3n de chat y dijo que a algunos miembros de la comunidad les resulta dif\u00edcil estar en la pantalla durante las reuniones y prefieren conversar sobre sus preguntas.<\/p>\n\n\n\n<p>&#8220;\u00bfPor qu\u00e9 molestar\u00edamos a la comunidad para que siempre nos escriba una carta y nos la env\u00ede?&#8221;<\/p>\n\n\n\n<p>&#8220;Voy a rechazar eso porque creo que es importante que nuestra comunidad tenga ese espacio&#8221;, dijo Annang.<\/p>\n\n\n\n<p>Otras comisionadas, incluidas Patricia Kinaga y Juliana Serrano, se unieron a Annang en su llamado a la ciudad para que explique las legalidades de su decisi\u00f3n.<\/p>\n\n\n\n<p>\u201cEl hecho de que ninguna otra comisi\u00f3n opere de esta manera no es una raz\u00f3n suficiente para que nosotros no operemos de esta manera\u201d, dijo Serrano. \u201cNecesitamos responsabilidad. Necesitamos transparencia. Eso es lo que defiende esta comisi\u00f3n y, para llegar all\u00ed, necesitamos esta herramienta para comunicarnos de manera m\u00e1s eficaz con los miembros de la comunidad en Pasadena &#8220;.<\/p>\n\n\n\n<p>\u201cEs importante que el personal regrese, indague y tenga una respuesta m\u00e1s definitiva para nosotros que no suene a &#8216;ninguna otra comisi\u00f3n opera de esta manera&#8217;\u201d, agreg\u00f3 Serrano.<\/p>\n\n\n\n<p>Despu\u00e9s de escuchar los comentarios de los comisionados, Fowler dijo que el personal de la ciudad presentar\u00e1 un informe detallado sobre por qu\u00e9 no se puede permitir la funci\u00f3n de chat durante la pr\u00f3xima reuni\u00f3n de la Comisi\u00f3n.<\/p>\n","protected":false},"excerpt":{"rendered":"<p>Los miembros de la Comisi\u00f3n de Supervisi\u00f3n de la Polic\u00eda Comunitaria (CPOC) expresaron su consternaci\u00f3n despu\u00e9s de que la ciudad rechaz\u00f3 su solicitud de permitir el uso de la funci\u00f3n de chat en las reuniones de Zoom de la comisi\u00f3n. En su reuni\u00f3n anterior celebrada el 4 de noviembre, el CPOC vot\u00f3 9-1, con una abstenci\u00f3n aprob\u00f3 una moci\u00f3n para solicitar formalmente la integraci\u00f3n del chat p\u00fablico en la reuni\u00f3n de la comisi\u00f3n para una mayor participaci\u00f3n del p\u00fablico. Durante [&hellip;]<\/p>\n","protected":false},"author":4,"featured_media":0,"comment_status":"open","ping_status":"closed","sticky":false,"template":"","format":"standard","meta":[],"categories":[4],"tags":[],"acf":[],"_links":{"self":[{"href":"http:\/\/www.pasadenahoy.com\/primero\/wp-json\/wp\/v2\/posts\/12915"}],"collection":[{"href":"http:\/\/www.pasadenahoy.com\/primero\/wp-json\/wp\/v2\/posts"}],"about":[{"href":"http:\/\/www.pasadenahoy.com\/primero\/wp-json\/wp\/v2\/types\/post"}],"author":[{"embeddable":true,"href":"http:\/\/www.pasadenahoy.com\/primero\/wp-json\/wp\/v2\/users\/4"}],"replies":[{"embeddable":true,"href":"http:\/\/www.pasadenahoy.com\/primero\/wp-json\/wp\/v2\/comments?post=12915"}],"version-history":[{"count":2,"href":"http:\/\/www.pasadenahoy.com\/primero\/wp-json\/wp\/v2\/posts\/12915\/revisions"}],"predecessor-version":[{"id":12918,"href":"http:\/\/www.pasadenahoy.com\/primero\/wp-json\/wp\/v2\/posts\/12915\/revisions\/12918"}],"wp:attachment":[{"href":"http:\/\/www.pasadenahoy.com\/primero\/wp-json\/wp\/v2\/media?parent=12915"}],"wp:term":[{"taxonomy":"category","embeddable":true,"href":"http:\/\/www.pasadenahoy.com\/primero\/wp-json\/wp\/v2\/categories?post=12915"},{"taxonomy":"post_tag","embeddable":true,"href":"http:\/\/www.pasadenahoy.com\/primero\/wp-json\/wp\/v2\/tags?post=12915"}],"curies":[{"name":"wp","href":"https:\/\/api.w.org\/{rel}","templated":true}]}}