{"id":12944,"date":"2021-12-07T15:46:07","date_gmt":"2021-12-07T15:46:07","guid":{"rendered":"http:\/\/www.pasadenahoy.com\/primero\/?p=12944"},"modified":"2021-12-07T15:46:09","modified_gmt":"2021-12-07T15:46:09","slug":"el-consejo-lleva-a-cabo-con-exito-la-primera-lectura-de-la-ordenanza-del-distrito-electoral","status":"publish","type":"post","link":"http:\/\/www.pasadenahoy.com\/primero\/el-gobierno-local\/el-consejo-lleva-a-cabo-con-exito-la-primera-lectura-de-la-ordenanza-del-distrito-electoral\/","title":{"rendered":"El Consejo lleva a cabo con \u00e9xito la primera lectura de la ordenanza del distrito electoral"},"content":{"rendered":"\n<figure class=\"wp-block-image alignnone size-large\"><figure class=\"alignnone\"><img loading=\"lazy\" width=\"700\" height=\"377\" src=\"http:\/\/www.pasadenahoy.com\/primero\/wp-content\/uploads\/2021\/12\/pic7.png\" alt=\"\" class=\"wp-image-12945\" srcset=\"http:\/\/www.pasadenahoy.com\/primero\/wp-content\/uploads\/2021\/12\/pic7.png 700w, http:\/\/www.pasadenahoy.com\/primero\/wp-content\/uploads\/2021\/12\/pic7-300x162.png 300w, http:\/\/www.pasadenahoy.com\/primero\/wp-content\/uploads\/2021\/12\/pic7-241x130.png 241w, http:\/\/www.pasadenahoy.com\/primero\/wp-content\/uploads\/2021\/12\/pic7-334x180.png 334w, http:\/\/www.pasadenahoy.com\/primero\/wp-content\/uploads\/2021\/12\/pic7-360x194.png 360w\" sizes=\"100vw\" \/><\/figure><\/figure>\n\n\n\n<p>El Consejo de la Ciudad recibi\u00f3 el plan de redistribuci\u00f3n de distritos recomendado por el Grupo de Trabajo de Redistribuci\u00f3n de Distritos el lunes y realiz\u00f3 la primera lectura de una ordenanza de redistribuci\u00f3n de distritos que redise\u00f1ar\u00e1 los l\u00edmites de votaci\u00f3n de la ciudad y trasladar\u00e1 a m\u00e1s de 2,000 residentes a diferentes distritos de votaci\u00f3n.<\/p>\n\n\n\n<p>En total, 2.610 residentes de Pasadena se mudar\u00e1n de su distrito actual del Concejo Municipal.<\/p>\n\n\n\n<p>Solo tres distritos se ver\u00edan afectados por las nuevas l\u00edneas, ya que 1,625 residentes del Distrito 6 se trasladar\u00edan al Distrito 7 y 985 votantes del Distrito 7 se trasladar\u00edan al Distrito 2.<\/p>\n\n\n\n<p>Felicia Williams, concejal del Distrito 2, no estuvo presente por el asunto.<\/p>\n\n\n\n<p>Cada 10 a\u00f1os, la ciudad de Pasadena utiliza datos del censo decenal para ajustar los l\u00edmites de los distritos del Concejo Municipal para igualar la poblaci\u00f3n entre los siete distritos de la ciudad.<\/p>\n\n\n\n<p>&#8220;El plan recomendado equilibra las poblaciones del distrito mediante una rotaci\u00f3n en sentido antihorario&#8221;, seg\u00fan un informe del personal en la agenda del Concejo Municipal del lunes. &#8220;El Distrito 6 cede la poblaci\u00f3n al Distrito 7 y el Distrito 7 cede la poblaci\u00f3n al Distrito 2&#8221;.<\/p>\n\n\n\n<p>Como parte de su trabajo, el Grupo de Trabajo de Redistribuci\u00f3n de Distritos adopt\u00f3 un mapa de desviaci\u00f3n del 10% para cumplir con el est\u00e1ndar de poblaci\u00f3n igual.<\/p>\n\n\n\n<p>La Corte Suprema ha interpretado el requisito constitucional para mapas legislativos y otros mapas locales, los distritos solo necesitan ser &#8220;sustancialmente iguales&#8221;. Cualquier poblaci\u00f3n por encima del 10% en los mapas legislativos y locales es considerada constitucionalmente sospechosa por los tribunales.<\/p>\n\n\n\n<p>Como parte del cambio en las filas de votaci\u00f3n, el Distrito 2 se convertir\u00eda en el segundo distrito del consejo que representar\u00eda a los residentes al norte y al sur de Colorado Boulevard.<\/p>\n\n\n\n<p>Tradicionalmente, cada distrito del consejo representa parte de Colorado Boulevard.<\/p>\n\n\n\n<p>La recomendaci\u00f3n tambi\u00e9n incluye un pron\u00f3stico de cambios importantes en los pr\u00f3ximos 10 a\u00f1os debido a una serie de factores y pidi\u00f3 a los funcionarios electos que conversen con sus electores sobre los impactos de esos cambios antes en el pr\u00f3ximo ciclo de redistribuci\u00f3n de distritos.<\/p>\n\n\n\n<p>\u201cObservando la posibilidad de cambios importantes en la ciudad para el pr\u00f3ximo ciclo de redistribuci\u00f3n de distritos, incluida la adquisici\u00f3n y el desarrollo del tal\u00f3n de la autopista 710, el aumento de viviendas creadas por el proyecto Parsons y las nuevas leyes estatales, teniendo en cuenta los recientes recuentos insuficientes en las poblaciones del noroeste de Pasadena, y El sentimiento creciente por la consolidaci\u00f3n de la representaci\u00f3n del Concejo Municipal en el \u00e1rea del Centro \/ Distrito Central, se recomienda enf\u00e1ticamente que el Concejo Municipal trabaje para comprender los impactos significativos que estos factores tendr\u00e1n en el pr\u00f3ximo ciclo de redistribuci\u00f3n de distritos, y comience la discusi\u00f3n y comprensi\u00f3n comunitaria de estos impactos antes y antes del trabajo del pr\u00f3ximo Grupo de Trabajo de Redistribuci\u00f3n de Distritos \u201d, afirma el informe.<\/p>\n\n\n\n<p>Seg\u00fan esos datos, los residentes blancos todav\u00eda constituyen la mayor\u00eda de la poblaci\u00f3n de la ciudad con un 36,7%. Los residentes latinos constituyen el 33% de la poblaci\u00f3n de la ciudad, seguidos por los residentes asi\u00e1ticos con un 16.9% y los residentes afroamericanos con un 8.5%.<\/p>\n\n\n\n<p>Los residentes latinos constituyen la mayor\u00eda de la poblaci\u00f3n en los distritos 1, 3 y 5 del Concejo Municipal, con 49,7%, 48,1% y 51,4%, respectivamente.<\/p>\n","protected":false},"excerpt":{"rendered":"<p>El Consejo de la Ciudad recibi\u00f3 el plan de redistribuci\u00f3n de distritos recomendado por el Grupo de Trabajo de Redistribuci\u00f3n de Distritos el lunes y realiz\u00f3 la primera lectura de una ordenanza de redistribuci\u00f3n de distritos que redise\u00f1ar\u00e1 los l\u00edmites de votaci\u00f3n de la ciudad y trasladar\u00e1 a m\u00e1s de 2,000 residentes a diferentes distritos de votaci\u00f3n. En total, 2.610 residentes de Pasadena se mudar\u00e1n de su distrito actual del Concejo Municipal. Solo tres distritos se ver\u00edan afectados por las [&hellip;]<\/p>\n","protected":false},"author":4,"featured_media":0,"comment_status":"open","ping_status":"closed","sticky":false,"template":"","format":"standard","meta":[],"categories":[6],"tags":[],"acf":[],"_links":{"self":[{"href":"http:\/\/www.pasadenahoy.com\/primero\/wp-json\/wp\/v2\/posts\/12944"}],"collection":[{"href":"http:\/\/www.pasadenahoy.com\/primero\/wp-json\/wp\/v2\/posts"}],"about":[{"href":"http:\/\/www.pasadenahoy.com\/primero\/wp-json\/wp\/v2\/types\/post"}],"author":[{"embeddable":true,"href":"http:\/\/www.pasadenahoy.com\/primero\/wp-json\/wp\/v2\/users\/4"}],"replies":[{"embeddable":true,"href":"http:\/\/www.pasadenahoy.com\/primero\/wp-json\/wp\/v2\/comments?post=12944"}],"version-history":[{"count":2,"href":"http:\/\/www.pasadenahoy.com\/primero\/wp-json\/wp\/v2\/posts\/12944\/revisions"}],"predecessor-version":[{"id":12947,"href":"http:\/\/www.pasadenahoy.com\/primero\/wp-json\/wp\/v2\/posts\/12944\/revisions\/12947"}],"wp:attachment":[{"href":"http:\/\/www.pasadenahoy.com\/primero\/wp-json\/wp\/v2\/media?parent=12944"}],"wp:term":[{"taxonomy":"category","embeddable":true,"href":"http:\/\/www.pasadenahoy.com\/primero\/wp-json\/wp\/v2\/categories?post=12944"},{"taxonomy":"post_tag","embeddable":true,"href":"http:\/\/www.pasadenahoy.com\/primero\/wp-json\/wp\/v2\/tags?post=12944"}],"curies":[{"name":"wp","href":"https:\/\/api.w.org\/{rel}","templated":true}]}}