{"id":12977,"date":"2021-12-08T15:29:27","date_gmt":"2021-12-08T15:29:27","guid":{"rendered":"http:\/\/www.pasadenahoy.com\/primero\/?p=12977"},"modified":"2021-12-08T15:29:29","modified_gmt":"2021-12-08T15:29:29","slug":"la-junta-del-condado-de-los-angeles-se-prepara-para-girar-rapidamente-para-adoptar-nuevos-distritos","status":"publish","type":"post","link":"http:\/\/www.pasadenahoy.com\/primero\/la-comunidad\/la-junta-del-condado-de-los-angeles-se-prepara-para-girar-rapidamente-para-adoptar-nuevos-distritos\/","title":{"rendered":"La Junta del Condado de Los \u00c1ngeles se prepara para girar r\u00e1pidamente para adoptar nuevos distritos"},"content":{"rendered":"\n<figure class=\"wp-block-image alignnone size-large\"><figure class=\"alignnone\"><img loading=\"lazy\" width=\"700\" height=\"378\" src=\"http:\/\/www.pasadenahoy.com\/primero\/wp-content\/uploads\/2021\/12\/pic-5-1.png\" alt=\"\" class=\"wp-image-12978\" srcset=\"http:\/\/www.pasadenahoy.com\/primero\/wp-content\/uploads\/2021\/12\/pic-5-1.png 700w, http:\/\/www.pasadenahoy.com\/primero\/wp-content\/uploads\/2021\/12\/pic-5-1-300x162.png 300w, http:\/\/www.pasadenahoy.com\/primero\/wp-content\/uploads\/2021\/12\/pic-5-1-241x130.png 241w, http:\/\/www.pasadenahoy.com\/primero\/wp-content\/uploads\/2021\/12\/pic-5-1-333x180.png 333w, http:\/\/www.pasadenahoy.com\/primero\/wp-content\/uploads\/2021\/12\/pic-5-1-360x194.png 360w\" sizes=\"100vw\" \/><figcaption><span class=\"caption-text\">Mapa base de los distritos supervisores del condado de Los \u00c1ngeles, cortes\u00eda de la Comisi\u00f3n de Redistribuci\u00f3n de Distritos del Condado de Los \u00c1ngeles.<\/span><\/figcaption><\/figure><\/figure>\n\n\n\n<p>Dos supervisores del condado de Los \u00c1ngeles presionaron sin \u00e9xito el martes por una demora en la implementaci\u00f3n de nuevos l\u00edmites para los cinco distritos supervisores, que se espera que la Comisi\u00f3n de Redistribuci\u00f3n de Distritos de Ciudadanos establezca el 15 de diciembre.<\/p>\n\n\n\n<p>En respuesta a una moci\u00f3n de la Supervisora \u200b\u200bHilda Solis para proporcionar servicios constituyentes de acuerdo con los distritos reci\u00e9n trazados dentro de las 24 horas posteriores a la decisi\u00f3n final del CRC, la Supervisora \u200b\u200bSheila Kuehl argument\u00f3 que una transici\u00f3n m\u00e1s lenta y reflexiva servir\u00eda mejor a los residentes del condado.<\/p>\n\n\n\n<p>&#8220;Simplemente no tiene sentido para m\u00ed cambiarlo tan r\u00e1pido&#8221;, dijo Kuehl. &#8220;Bien, adopte el mapa, pero hagamos una transici\u00f3n m\u00e1s racional&#8221;.<\/p>\n\n\n\n<p>Dijo que algunas organizaciones sin fines de lucro dependen de fondos discrecionales del distrito que podr\u00edan no ser respetados por un nuevo supervisor. Kuehl se\u00f1al\u00f3 las relaciones que han tardado a\u00f1os en establecerse con los consejos vecinales, las organizaciones sin fines de lucro y otras organizaciones que forman la estructura de su distrito.<\/p>\n\n\n\n<p>La Junta de Supervisores no tiene autoridad sobre la adopci\u00f3n del mapa de la CRC.<\/p>\n\n\n\n<p>\u201c(La legislatura) no quer\u00eda que nos meti\u00e9ramos en eso\u201d, dijo Sol\u00eds.<\/p>\n\n\n\n<p>Una vez que el CRC, que est\u00e1 celebrando una audiencia p\u00fablica sobre el tema el martes por la noche, apruebe el mapa final, que se espera que suceda el 15 de diciembre, se enviar\u00e1 al registrador-registrador del condado. La junta no tendr\u00e1 voto ni poder para cambiar el resultado.<\/p>\n\n\n\n<p>La supervisora \u200b\u200bJanice Hahn, coautora de la moci\u00f3n de Sol\u00eds, subray\u00f3 ese punto.<\/p>\n\n\n\n<p>\u201cNo podemos aprobarlo, no podemos modificarlo, no podemos rechazarlo. Esto est\u00e1 fuera de nuestras manos \u201d, dijo Hahn. &#8220;Pero lo m\u00ednimo que podemos hacer para respetar este proceso es adoptar estas l\u00edneas de distrito el pr\u00f3ximo d\u00eda h\u00e1bil para que podamos comenzar a familiarizarnos con nuestro nuevo distrito&#8221;.<\/p>\n\n\n\n<p>Tanto Solis como Hahn expresaron su preocupaci\u00f3n por los propios l\u00edmites a\u00fan por determinar.<\/p>\n\n\n\n<p>\u201cMe siento devastada por lo que veo en los mapas que se est\u00e1n presentando en este momento\u201d, dijo Sol\u00eds, se\u00f1alando siete ciudades que alguna vez estuvieron subrepresentadas en el sureste de Los \u00c1ngeles que podr\u00eda perder en el proceso.<\/p>\n\n\n\n<p>Hahn dijo que el proceso ha sido &#8220;complicado&#8221; con &#8220;iteraciones de estos mapas cada dos d\u00edas&#8221;, incluida una que &#8220;elimin\u00f3 casi la mitad de mi distrito&#8221;.<\/p>\n\n\n\n<p>Hist\u00f3ricamente, los l\u00edmites han cambiado cada 10 a\u00f1os en respuesta a los cambios demogr\u00e1ficos reflejados en los datos del censo. Sin embargo, en a\u00f1os anteriores, la propia junta del condado dirigi\u00f3 el proceso y eligi\u00f3 el mapa final.<\/p>\n\n\n\n<p>El abogado del condado, Rodrigo Castro-Silva, dijo que el proceso anterior ofrec\u00eda un tiempo de transici\u00f3n incorporado debido a la participaci\u00f3n de la junta.<\/p>\n\n\n\n<p>\u201cEn el pasado \u2026 hab\u00eda mucho m\u00e1s tiempo de espera \u2026 en t\u00e9rminos de c\u00f3mo se ver\u00edan los mapas, d\u00f3nde se ubicar\u00edan los distritos y eso dar\u00eda \u2026 ese per\u00edodo de transici\u00f3n para que las oficinas de la junta averiguaran los servicios constituyentes a los que iban para brindar y c\u00f3mo lo iban a hacer \u201d, dijo Castro-Silva.<\/p>\n\n\n\n<p>Dijo que la junta tiene discreci\u00f3n bajo el proceso actual para decidir c\u00f3mo se proporcionar\u00e1n los servicios de acuerdo con los nuevos mapas. La ley estatal no brinda orientaci\u00f3n al respecto, seg\u00fan Castro-Silva.<\/p>\n\n\n\n<p>La supervisora \u200b\u200bHolly Mitchell trat\u00f3 de convencer a los autores de la moci\u00f3n para que aceptaran una enmienda que ampliar\u00eda la fecha de vigencia en 90 d\u00edas, incluso cuando Kuehl dijo que eso no resolver\u00eda sus preocupaciones, pero fue rechazada.<\/p>\n\n\n\n<p>\u201cSomos una enorme burocracia\u201d, dijo Mitchell. &#8220;No estoy seguro de c\u00f3mo podr\u00edas pensar que podr\u00edamos cambiar esto en un solo d\u00eda. Perm\u00edtanme hablar como ex miembro del personal: esto no ser\u00e1 perfecto, no puede ser &#8220;.<\/p>\n\n\n\n<p>Incluso cuando la junta ha estado monitoreando de cerca el proceso de redistribuci\u00f3n de distritos, Mitchell dijo que cre\u00eda que la mayor\u00eda de los electores ser\u00edan tomados por sorpresa por los cambios y algunos tendr\u00edan problemas para obtener los servicios que necesitan.<\/p>\n\n\n\n<p>No hay una base de datos de los servicios constituyentes para apoyar la transici\u00f3n, dijo, y lo que est\u00e1 en juego es m\u00e1s alto de lo habitual en medio de la pandemia.<\/p>\n\n\n\n<p>La supervisora \u200b\u200bKathryn Barger dijo que ha pasado por cuatro cambios de redistribuci\u00f3n de distritos.<\/p>\n\n\n\n<p>\u201cEl cambio es dif\u00edcil, pero esta es la realidad\u201d, dijo Barger, quien present\u00f3 una visi\u00f3n optimista de c\u00f3mo la cooperaci\u00f3n a trav\u00e9s de la junta, a menudo colegiada, facilitar\u00eda la transici\u00f3n.<\/p>\n\n\n\n<p>Kuehl record\u00f3 que cuando estaba en la Legislatura estatal, los servicios constituyentes se cambiaron para alinearse con los nuevos l\u00edmites del distrito en el momento de las elecciones, cuando los votantes esperaban cambios y una nueva cara.<\/p>\n\n\n\n<p>Hizo una \u00faltima s\u00faplica a sus colegas, expresando su preocupaci\u00f3n por respetar los compromisos a largo plazo y las expectativas de los constituyentes.<\/p>\n\n\n\n<p>\u201c\u00bfEs el caso, entonces, de que ya no puedo financiar el jard\u00edn Food for the Soul en Sylmar? Quiero decir, no doy dinero fuera de mi distrito \u201d, pregunt\u00f3 Kuehl.<\/p>\n\n\n\n<p>Cit\u00f3 la transferencia de propiedad de Bruce\u2019s Beach como un ejemplo de un compromiso importante hecho por un supervisor que podr\u00eda cambiar de jurisdicci\u00f3n. Kuehl dijo que si Manhattan Beach cayera dentro de su distrito, ser\u00eda igual de <\/p>\n\n\n\n<p>Se desahog\u00f3 en apoyar el trabajo para devolver la propiedad frente a la costa a los descendientes de la familia Black que una vez la posey\u00f3, pero se\u00f1al\u00f3 que ella no era la que hab\u00eda establecido relaciones con las familias y otras partes involucradas en la compleja transacci\u00f3n.<\/p>\n\n\n\n<p>Al final, la junta vot\u00f3 3-1-1 para aprobar la moci\u00f3n Solis-Hahn, con Kuehl en desacuerdo y Mitchell absteni\u00e9ndose.<\/p>\n\n\n\n<p>Sol\u00eds se postular\u00e1 para la reelecci\u00f3n en su nuevo distrito el pr\u00f3ximo a\u00f1o, mientras que Kuehl renunciar\u00e1 al final de su segundo mandato en diciembre de 2022. Varios candidatos buscan reemplazar a Kuehl a pesar de la incertidumbre sobre qu\u00e9 ciudades y \u00e1reas no incorporadas se incluir\u00e1n. en el distrito que esperan representar.<\/p>\n\n\n\n<p><\/p>\n","protected":false},"excerpt":{"rendered":"<p>Dos supervisores del condado de Los \u00c1ngeles presionaron sin \u00e9xito el martes por una demora en la implementaci\u00f3n de nuevos l\u00edmites para los cinco distritos supervisores, que se espera que la Comisi\u00f3n de Redistribuci\u00f3n de Distritos de Ciudadanos establezca el 15 de diciembre. En respuesta a una moci\u00f3n de la Supervisora \u200b\u200bHilda Solis para proporcionar servicios constituyentes de acuerdo con los distritos reci\u00e9n trazados dentro de las 24 horas posteriores a la decisi\u00f3n final del CRC, la Supervisora \u200b\u200bSheila Kuehl [&hellip;]<\/p>\n","protected":false},"author":4,"featured_media":0,"comment_status":"open","ping_status":"closed","sticky":false,"template":"","format":"standard","meta":[],"categories":[4],"tags":[],"acf":[],"_links":{"self":[{"href":"http:\/\/www.pasadenahoy.com\/primero\/wp-json\/wp\/v2\/posts\/12977"}],"collection":[{"href":"http:\/\/www.pasadenahoy.com\/primero\/wp-json\/wp\/v2\/posts"}],"about":[{"href":"http:\/\/www.pasadenahoy.com\/primero\/wp-json\/wp\/v2\/types\/post"}],"author":[{"embeddable":true,"href":"http:\/\/www.pasadenahoy.com\/primero\/wp-json\/wp\/v2\/users\/4"}],"replies":[{"embeddable":true,"href":"http:\/\/www.pasadenahoy.com\/primero\/wp-json\/wp\/v2\/comments?post=12977"}],"version-history":[{"count":2,"href":"http:\/\/www.pasadenahoy.com\/primero\/wp-json\/wp\/v2\/posts\/12977\/revisions"}],"predecessor-version":[{"id":12980,"href":"http:\/\/www.pasadenahoy.com\/primero\/wp-json\/wp\/v2\/posts\/12977\/revisions\/12980"}],"wp:attachment":[{"href":"http:\/\/www.pasadenahoy.com\/primero\/wp-json\/wp\/v2\/media?parent=12977"}],"wp:term":[{"taxonomy":"category","embeddable":true,"href":"http:\/\/www.pasadenahoy.com\/primero\/wp-json\/wp\/v2\/categories?post=12977"},{"taxonomy":"post_tag","embeddable":true,"href":"http:\/\/www.pasadenahoy.com\/primero\/wp-json\/wp\/v2\/tags?post=12977"}],"curies":[{"name":"wp","href":"https:\/\/api.w.org\/{rel}","templated":true}]}}