{"id":12981,"date":"2021-12-08T15:32:57","date_gmt":"2021-12-08T15:32:57","guid":{"rendered":"http:\/\/www.pasadenahoy.com\/primero\/?p=12981"},"modified":"2021-12-08T15:33:00","modified_gmt":"2021-12-08T15:33:00","slug":"el-condado-de-los-angeles-defiende-el-mandato-de-la-vacuna-covid-en-medio-del-desafio-legal-de-los-diputados","status":"publish","type":"post","link":"http:\/\/www.pasadenahoy.com\/primero\/la-comunidad\/el-condado-de-los-angeles-defiende-el-mandato-de-la-vacuna-covid-en-medio-del-desafio-legal-de-los-diputados\/","title":{"rendered":"El condado de Los \u00c1ngeles defiende el mandato de la vacuna COVID en medio del desaf\u00edo legal de los diputados"},"content":{"rendered":"\n<figure class=\"wp-block-image alignnone size-large\"><figure class=\"alignnone\"><img loading=\"lazy\" width=\"700\" height=\"378\" src=\"http:\/\/www.pasadenahoy.com\/primero\/wp-content\/uploads\/2021\/12\/pic-6-2.jpg\" alt=\"\" class=\"wp-image-12982\" srcset=\"http:\/\/www.pasadenahoy.com\/primero\/wp-content\/uploads\/2021\/12\/pic-6-2.jpg 700w, http:\/\/www.pasadenahoy.com\/primero\/wp-content\/uploads\/2021\/12\/pic-6-2-300x162.jpg 300w, http:\/\/www.pasadenahoy.com\/primero\/wp-content\/uploads\/2021\/12\/pic-6-2-241x130.jpg 241w, http:\/\/www.pasadenahoy.com\/primero\/wp-content\/uploads\/2021\/12\/pic-6-2-333x180.jpg 333w, http:\/\/www.pasadenahoy.com\/primero\/wp-content\/uploads\/2021\/12\/pic-6-2-360x194.jpg 360w\" sizes=\"100vw\" \/><\/figure><\/figure>\n\n\n\n<p>El condado de Los \u00c1ngeles defendi\u00f3 hoy su mandato de vacuna COVID-19 para los empleados a ra\u00edz de una petici\u00f3n presentada por el sindicato que representa a los diputados del alguacil del condado de Los \u00c1ngeles, que solicita a un juez que declare que la Junta de Supervisores carece de autoridad legal para suspender o despedir a los diputados por incumplimiento.<\/p>\n\n\n\n<p>Aunque se neg\u00f3 a comentar sobre la acci\u00f3n judicial, un representante del condado dijo que se tomaron medidas importantes durante la pandemia \u201cpara mantener seguros al p\u00fablico y a los empleados y que la pol\u00edtica de vacunaci\u00f3n es una medida de salud p\u00fablica esencial destinada a proteger a los empleados y al p\u00fablico al que servimos . &#8220;<\/p>\n\n\n\n<p>La Asociaci\u00f3n de Alguaciles Adjuntos de Los \u00c1ngeles present\u00f3 la petici\u00f3n el viernes en la Corte Superior de Los \u00c1ngeles, tambi\u00e9n buscando una adjudicaci\u00f3n de los honorarios y costos de los abogados.<\/p>\n\n\n\n<p>El 4 de agosto, la Junta de Supervisores estableci\u00f3 una pol\u00edtica de vacunaci\u00f3n obligatoria que requiere que todos los empleados del condado, incluidos los empleados por el departamento del alguacil, est\u00e9n completamente vacunados contra el coronavirus. La junta sostiene que tiene la autoridad legal para someter a quienes no cumplan a medidas disciplinarias, incluido el despido.<\/p>\n\n\n\n<p>Pero seg\u00fan la demanda del sindicato, ese poder disciplinario recae exclusivamente en el alguacil, y el actual titular de ese cargo, Alex Villanueva, ha dicho que no har\u00e1 cumplir la pol\u00edtica de vacunaci\u00f3n del condado debido al impacto adverso en su capacidad para garantizar la seguridad p\u00fablica.<\/p>\n\n\n\n<p>\u201cPor lo tanto, las partes est\u00e1n en desacuerdo fundamental sobre si el condado, actuando a trav\u00e9s de su Junta de Supervisores, puede imponer medidas disciplinarias a los empleados del departamento\u201d, dice la demanda.<\/p>\n\n\n\n<p>\u201cEs imperativo que ALADS y sus empleados representados obtengan el alivio declaratorio inmediato para que dichos empleados representados puedan regir su conducta en consecuencia\u201d.<\/p>\n","protected":false},"excerpt":{"rendered":"<p>El condado de Los \u00c1ngeles defendi\u00f3 hoy su mandato de vacuna COVID-19 para los empleados a ra\u00edz de una petici\u00f3n presentada por el sindicato que representa a los diputados del alguacil del condado de Los \u00c1ngeles, que solicita a un juez que declare que la Junta de Supervisores carece de autoridad legal para suspender o despedir a los diputados por incumplimiento. Aunque se neg\u00f3 a comentar sobre la acci\u00f3n judicial, un representante del condado dijo que se tomaron medidas importantes [&hellip;]<\/p>\n","protected":false},"author":4,"featured_media":0,"comment_status":"open","ping_status":"closed","sticky":false,"template":"","format":"standard","meta":[],"categories":[4],"tags":[],"acf":[],"_links":{"self":[{"href":"http:\/\/www.pasadenahoy.com\/primero\/wp-json\/wp\/v2\/posts\/12981"}],"collection":[{"href":"http:\/\/www.pasadenahoy.com\/primero\/wp-json\/wp\/v2\/posts"}],"about":[{"href":"http:\/\/www.pasadenahoy.com\/primero\/wp-json\/wp\/v2\/types\/post"}],"author":[{"embeddable":true,"href":"http:\/\/www.pasadenahoy.com\/primero\/wp-json\/wp\/v2\/users\/4"}],"replies":[{"embeddable":true,"href":"http:\/\/www.pasadenahoy.com\/primero\/wp-json\/wp\/v2\/comments?post=12981"}],"version-history":[{"count":2,"href":"http:\/\/www.pasadenahoy.com\/primero\/wp-json\/wp\/v2\/posts\/12981\/revisions"}],"predecessor-version":[{"id":12984,"href":"http:\/\/www.pasadenahoy.com\/primero\/wp-json\/wp\/v2\/posts\/12981\/revisions\/12984"}],"wp:attachment":[{"href":"http:\/\/www.pasadenahoy.com\/primero\/wp-json\/wp\/v2\/media?parent=12981"}],"wp:term":[{"taxonomy":"category","embeddable":true,"href":"http:\/\/www.pasadenahoy.com\/primero\/wp-json\/wp\/v2\/categories?post=12981"},{"taxonomy":"post_tag","embeddable":true,"href":"http:\/\/www.pasadenahoy.com\/primero\/wp-json\/wp\/v2\/tags?post=12981"}],"curies":[{"name":"wp","href":"https:\/\/api.w.org\/{rel}","templated":true}]}}