{"id":12988,"date":"2021-12-09T15:10:23","date_gmt":"2021-12-09T15:10:23","guid":{"rendered":"http:\/\/www.pasadenahoy.com\/primero\/?p=12988"},"modified":"2021-12-09T15:10:26","modified_gmt":"2021-12-09T15:10:26","slug":"sospechoso-identificado-en-el-tiroteo-del-este-de-pasadena-que-dejo-2-muertos","status":"publish","type":"post","link":"http:\/\/www.pasadenahoy.com\/primero\/la-comunidad\/sospechoso-identificado-en-el-tiroteo-del-este-de-pasadena-que-dejo-2-muertos\/","title":{"rendered":"Sospechoso identificado en el tiroteo del este de Pasadena que dej\u00f3 2 muertos"},"content":{"rendered":"\n<figure class=\"wp-block-image alignnone size-large\"><figure class=\"alignnone\"><img loading=\"lazy\" width=\"700\" height=\"378\" src=\"http:\/\/www.pasadenahoy.com\/primero\/wp-content\/uploads\/2021\/12\/pic-1-2.jpg\" alt=\"\" class=\"wp-image-12989\" srcset=\"http:\/\/www.pasadenahoy.com\/primero\/wp-content\/uploads\/2021\/12\/pic-1-2.jpg 700w, http:\/\/www.pasadenahoy.com\/primero\/wp-content\/uploads\/2021\/12\/pic-1-2-300x162.jpg 300w, http:\/\/www.pasadenahoy.com\/primero\/wp-content\/uploads\/2021\/12\/pic-1-2-241x130.jpg 241w, http:\/\/www.pasadenahoy.com\/primero\/wp-content\/uploads\/2021\/12\/pic-1-2-333x180.jpg 333w, http:\/\/www.pasadenahoy.com\/primero\/wp-content\/uploads\/2021\/12\/pic-1-2-360x194.jpg 360w\" sizes=\"100vw\" \/><figcaption><span class=\"caption-text\">La polic\u00eda se re\u00fane cerca de una de las muchas escenas del crimen de un incidente en el que un sospechoso armado fue asesinado por agentes cerca de Gwinn Park en East Pasadena el martes 23 de noviembre de 2021. [Foto de Eddie Rivera \/ Pasadena Now]<\/span><\/figcaption><\/figure><\/figure>\n\n\n\n<p>La muerte de un hombre asesinado durante un encuentro con la polic\u00eda a fines del mes pasado se ha calificado de homicidio seg\u00fan la informaci\u00f3n en el sitio web del forense del condado de Los \u00c1ngeles.<br>El sospechoso, Devin Edward Hall, de 24 a\u00f1os, de Inglewood mat\u00f3 a tiros a Gevork Minissian, de 70 a\u00f1os, residente de Pasadena, poco despu\u00e9s de las 2:30 p.m. el 23 de noviembre en la cuadra 600 de Sunnyslope Avenue, seg\u00fan la polic\u00eda.<\/p>\n\n\n\n<p>La polic\u00eda originalmente no estaba segura de si Hall muri\u00f3 a causa de las heridas sufridas durante su encuentro con la polic\u00eda o si se suicid\u00f3.<\/p>\n\n\n\n<p>El dictamen de homicidio del forense como causa de muerte no significa que haya ocurrido un delito. Legalmente, un homicidio significa que la muerte ocurri\u00f3 a manos de otra persona.<\/p>\n\n\n\n<p>El forense solo puede descartar muertes como homicidio, suicidio o accidental.<\/p>\n\n\n\n<p>Hall muri\u00f3 de m\u00faltiples heridas de bala seg\u00fan la informaci\u00f3n obtenida por Pasadena Now el jueves por la ma\u00f1ana.<\/p>\n\n\n\n<p>Seg\u00fan el teniente Bill Grisafe de la polic\u00eda de Pasadena, el incidente a\u00fan est\u00e1 siendo investigado.<\/p>\n\n\n\n<p>&#8220;Los detectives todav\u00eda est\u00e1n investigando activamente este tr\u00e1gico incidente en un intento de encontrar respuestas sobre por qu\u00e9 ocurri\u00f3 esto y determinar cu\u00e1l es la conexi\u00f3n entre el Sr. Hall y el Sr. Minissian&#8221;.<\/p>\n\n\n\n<p>Grisafe dijo que es posible que no haya una conexi\u00f3n entre los dos hombres m\u00e1s que el encuentro fatal.<\/p>\n\n\n\n<p>Seg\u00fan la polic\u00eda, despu\u00e9s de que Hall le dispar\u00f3 a Minissian, intent\u00f3 huir intentando secuestrar a una mujer, pero no lo logr\u00f3.<\/p>\n\n\n\n<p>Hall intercambi\u00f3 disparos con la polic\u00eda antes de correr hacia Sunnyslope Avenue, donde supuestamente intent\u00f3 robar un segundo autom\u00f3vil, y mantuvo al propietario del veh\u00edculo a punta de pistola en el \u00e1rea de East Villa Street y North Sunnyslope Avenue.<\/p>\n\n\n\n<p>Cuando dispar\u00f3 a la polic\u00eda, los agentes respondieron al fuego.<\/p>\n\n\n\n<p>El sospechoso muri\u00f3 en un camino de entrada en la cuadra 500 de North Sunnyslope Avenue a las 2:46 p.m., seg\u00fan la portavoz del forense, Sarah Ardalani.<\/p>\n\n\n\n<p>Despu\u00e9s del tiroteo, el jefe de polic\u00eda John P\u00e9rez dijo que Hall intercambi\u00f3 disparos con la polic\u00eda y fue alcanzado al menos una vez.<\/p>\n\n\n\n<p>No se sabe si el sospechoso estaba huyendo cuando se realizaron los disparos fatales. Sin embargo, AB 392 permite a la polic\u00eda disparar contra un sospechoso que huye si el oficial cree razonablemente que la persona causar\u00e1 la muerte o lesiones corporales graves a otra persona, a menos que sea detenido de inmediato.<\/p>\n\n\n\n<p>Hall ya hab\u00eda matado a tiros a una persona, le hab\u00eda disparado a la polic\u00eda y hab\u00eda tomado a otra como reh\u00e9n, todo lo cual podr\u00eda representar una amenaza inmediata para la comunidad.<\/p>\n\n\n\n<p>Las dos mujeres que Hall supuestamente intent\u00f3 secuestrar fueron evaluadas y tratadas en el lugar por lesiones desconocidas. Ning\u00fan oficial result\u00f3 herido.<\/p>\n\n\n\n<p>El d\u00eda despu\u00e9s del tiroteo, la nativa de Pasadena, Paola Lomeli, le dijo a Pasadena Now que estaba en Sunnyslope Park cuando estallaron los disparos.<\/p>\n\n\n\n<p>\u201cEran alrededor de las 2:30 p.m. cuando escuch\u00e9 la primera ronda de disparos \u201d, dijo. \u201cAproximadamente 10 segundos despu\u00e9s se dispar\u00f3 la siguiente ronda. Hubo una breve pausa. En un minuto escuch\u00e9 a la polic\u00eda acerc\u00e1ndose al \u00e1rea. En los siguientes cinco minutos, escuch\u00e9 tres disparos m\u00e1s. Al instante, la polic\u00eda cerr\u00f3 el \u00e1rea y desvi\u00f3 el tr\u00e1fico &#8220;.<\/p>\n\n\n\n<p>Se pidi\u00f3 a cualquier persona con informaci\u00f3n sobre el tiroteo que llamara al Departamento de Polic\u00eda de Pasadena al 626-744-4241.<\/p>\n\n\n\n<p>Puede llamar a Crime Stoppers al 800-222-8477 para recibir informaci\u00f3n an\u00f3nima o enviarla en l\u00ednea en <a href=\"https:\/\/www.lacrimestoppers.org\/\">lacrimestoppers.org<\/a>.<\/p>\n","protected":false},"excerpt":{"rendered":"<p>La muerte de un hombre asesinado durante un encuentro con la polic\u00eda a fines del mes pasado se ha calificado de homicidio seg\u00fan la informaci\u00f3n en el sitio web del forense del condado de Los \u00c1ngeles.El sospechoso, Devin Edward Hall, de 24 a\u00f1os, de Inglewood mat\u00f3 a tiros a Gevork Minissian, de 70 a\u00f1os, residente de Pasadena, poco despu\u00e9s de las 2:30 p.m. el 23 de noviembre en la cuadra 600 de Sunnyslope Avenue, seg\u00fan la polic\u00eda. La polic\u00eda originalmente [&hellip;]<\/p>\n","protected":false},"author":4,"featured_media":12989,"comment_status":"open","ping_status":"closed","sticky":false,"template":"","format":"standard","meta":[],"categories":[4],"tags":[],"acf":[],"_links":{"self":[{"href":"http:\/\/www.pasadenahoy.com\/primero\/wp-json\/wp\/v2\/posts\/12988"}],"collection":[{"href":"http:\/\/www.pasadenahoy.com\/primero\/wp-json\/wp\/v2\/posts"}],"about":[{"href":"http:\/\/www.pasadenahoy.com\/primero\/wp-json\/wp\/v2\/types\/post"}],"author":[{"embeddable":true,"href":"http:\/\/www.pasadenahoy.com\/primero\/wp-json\/wp\/v2\/users\/4"}],"replies":[{"embeddable":true,"href":"http:\/\/www.pasadenahoy.com\/primero\/wp-json\/wp\/v2\/comments?post=12988"}],"version-history":[{"count":2,"href":"http:\/\/www.pasadenahoy.com\/primero\/wp-json\/wp\/v2\/posts\/12988\/revisions"}],"predecessor-version":[{"id":12991,"href":"http:\/\/www.pasadenahoy.com\/primero\/wp-json\/wp\/v2\/posts\/12988\/revisions\/12991"}],"wp:featuredmedia":[{"embeddable":true,"href":"http:\/\/www.pasadenahoy.com\/primero\/wp-json\/wp\/v2\/media\/12989"}],"wp:attachment":[{"href":"http:\/\/www.pasadenahoy.com\/primero\/wp-json\/wp\/v2\/media?parent=12988"}],"wp:term":[{"taxonomy":"category","embeddable":true,"href":"http:\/\/www.pasadenahoy.com\/primero\/wp-json\/wp\/v2\/categories?post=12988"},{"taxonomy":"post_tag","embeddable":true,"href":"http:\/\/www.pasadenahoy.com\/primero\/wp-json\/wp\/v2\/tags?post=12988"}],"curies":[{"name":"wp","href":"https:\/\/api.w.org\/{rel}","templated":true}]}}