{"id":12996,"date":"2021-12-09T15:25:49","date_gmt":"2021-12-09T15:25:49","guid":{"rendered":"http:\/\/www.pasadenahoy.com\/primero\/?p=12996"},"modified":"2021-12-09T15:25:52","modified_gmt":"2021-12-09T15:25:52","slug":"el-tribunal-de-apelaciones-de-pasadena-volvera-a-conocer-la-demanda-sobre-las-escuelas-cerradas-durante-la-pandemia","status":"publish","type":"post","link":"http:\/\/www.pasadenahoy.com\/primero\/la-comunidad\/el-tribunal-de-apelaciones-de-pasadena-volvera-a-conocer-la-demanda-sobre-las-escuelas-cerradas-durante-la-pandemia\/","title":{"rendered":"El Tribunal de Apelaciones de Pasadena volver\u00e1 a conocer la demanda sobre las escuelas cerradas durante la pandemia"},"content":{"rendered":"\n<figure class=\"wp-block-image alignnone size-large\"><figure class=\"alignnone\"><img loading=\"lazy\" width=\"700\" height=\"378\" src=\"http:\/\/www.pasadenahoy.com\/primero\/wp-content\/uploads\/2021\/12\/pic-3-5.jpg\" alt=\"\" class=\"wp-image-12997\" srcset=\"http:\/\/www.pasadenahoy.com\/primero\/wp-content\/uploads\/2021\/12\/pic-3-5.jpg 700w, http:\/\/www.pasadenahoy.com\/primero\/wp-content\/uploads\/2021\/12\/pic-3-5-300x162.jpg 300w, http:\/\/www.pasadenahoy.com\/primero\/wp-content\/uploads\/2021\/12\/pic-3-5-241x130.jpg 241w, http:\/\/www.pasadenahoy.com\/primero\/wp-content\/uploads\/2021\/12\/pic-3-5-333x180.jpg 333w, http:\/\/www.pasadenahoy.com\/primero\/wp-content\/uploads\/2021\/12\/pic-3-5-360x194.jpg 360w\" sizes=\"100vw\" \/><\/figure><\/figure>\n\n\n\n<p>Una corte federal de apelaciones en Pasadena acord\u00f3 el mi\u00e9rcoles anular su fallo anterior de que la orden COVID-19 del gobernador Gavin Newsom que proh\u00edbe la ense\u00f1anza presencial a las escuelas privadas era inconstitucional y har\u00e1 que el caso sea revisado por un panel completo de jueces.<\/p>\n\n\n\n<p>En el fallo anterior a favor de los padres, un panel de tres jueces de la Corte de Apelaciones del Noveno Circuito de EE. UU. Dijo que la Corte Suprema de EE. UU. Ha sostenido durante mucho tiempo que el derecho de los padres a tomar decisiones sobre el cuidado, la custodia y el control de sus hijos es un derecho fundamental, incluido &#8220;el derecho de los padres a estar libres de la interferencia del Estado en su elecci\u00f3n del foro educativo en s\u00ed&#8221;.<\/p>\n\n\n\n<p>Los padres de Southland presentaron la demanda el a\u00f1o pasado contra Newsom para permitir que las escuelas abran para el aprendizaje en persona, alegando que sus hijos estaban sufriendo acad\u00e9mica y psicol\u00f3gicamente por el cierre.<\/p>\n\n\n\n<p>Newsom anunci\u00f3 en julio de 2020 que todas las escuelas, tanto p\u00fablicas como privadas, en los condados que experimentan un aumento de casos de coronavirus no podr\u00edan reanudar las clases en persona cuando se reinicie la escuela y tendr\u00edan que cumplir con criterios estrictos antes de reabrir.<\/p>\n\n\n\n<p>La corte de apelaciones acord\u00f3 volver a escuchar el caso \u201cen banc\u201d, ante un panel completo de 11 jueces.<\/p>\n\n\n\n<p>&#8220;Es triste ver al gobernador Newsom continuar con tanto vigor su ataque a la educaci\u00f3n de los ni\u00f1os&#8221;, dijo Harmeet K. Dhillon, director ejecutivo del Center for American Liberty, que ayud\u00f3 a presentar la demanda original.<\/p>\n\n\n\n<p>\u201cLa opini\u00f3n previa del Noveno Circuito fue una clara victoria para padres y estudiantes cuando la corte dictamin\u00f3 correctamente que, seg\u00fan la Constituci\u00f3n, los padres, y no Gavin Newsom o bur\u00f3cratas sin rostro, tienen derecho a decidir cu\u00e1l es la mejor manera de educar a sus hijos. Estoy seguro de que el panel en banco reafirmar\u00e1 que la toma de poder del gobernador Newsom contra los padres fue inconstitucional &#8220;.<\/p>\n","protected":false},"excerpt":{"rendered":"<p>Una corte federal de apelaciones en Pasadena acord\u00f3 el mi\u00e9rcoles anular su fallo anterior de que la orden COVID-19 del gobernador Gavin Newsom que proh\u00edbe la ense\u00f1anza presencial a las escuelas privadas era inconstitucional y har\u00e1 que el caso sea revisado por un panel completo de jueces. En el fallo anterior a favor de los padres, un panel de tres jueces de la Corte de Apelaciones del Noveno Circuito de EE. UU. Dijo que la Corte Suprema de EE. UU. [&hellip;]<\/p>\n","protected":false},"author":4,"featured_media":12997,"comment_status":"open","ping_status":"closed","sticky":false,"template":"","format":"standard","meta":[],"categories":[4],"tags":[],"acf":[],"_links":{"self":[{"href":"http:\/\/www.pasadenahoy.com\/primero\/wp-json\/wp\/v2\/posts\/12996"}],"collection":[{"href":"http:\/\/www.pasadenahoy.com\/primero\/wp-json\/wp\/v2\/posts"}],"about":[{"href":"http:\/\/www.pasadenahoy.com\/primero\/wp-json\/wp\/v2\/types\/post"}],"author":[{"embeddable":true,"href":"http:\/\/www.pasadenahoy.com\/primero\/wp-json\/wp\/v2\/users\/4"}],"replies":[{"embeddable":true,"href":"http:\/\/www.pasadenahoy.com\/primero\/wp-json\/wp\/v2\/comments?post=12996"}],"version-history":[{"count":2,"href":"http:\/\/www.pasadenahoy.com\/primero\/wp-json\/wp\/v2\/posts\/12996\/revisions"}],"predecessor-version":[{"id":12999,"href":"http:\/\/www.pasadenahoy.com\/primero\/wp-json\/wp\/v2\/posts\/12996\/revisions\/12999"}],"wp:featuredmedia":[{"embeddable":true,"href":"http:\/\/www.pasadenahoy.com\/primero\/wp-json\/wp\/v2\/media\/12997"}],"wp:attachment":[{"href":"http:\/\/www.pasadenahoy.com\/primero\/wp-json\/wp\/v2\/media?parent=12996"}],"wp:term":[{"taxonomy":"category","embeddable":true,"href":"http:\/\/www.pasadenahoy.com\/primero\/wp-json\/wp\/v2\/categories?post=12996"},{"taxonomy":"post_tag","embeddable":true,"href":"http:\/\/www.pasadenahoy.com\/primero\/wp-json\/wp\/v2\/tags?post=12996"}],"curies":[{"name":"wp","href":"https:\/\/api.w.org\/{rel}","templated":true}]}}