{"id":13004,"date":"2021-12-09T15:33:49","date_gmt":"2021-12-09T15:33:49","guid":{"rendered":"http:\/\/www.pasadenahoy.com\/primero\/?p=13004"},"modified":"2021-12-09T15:33:51","modified_gmt":"2021-12-09T15:33:51","slug":"hombre-cortado-en-la-parte-posterior-de-la-cabeza-durante-el-ataque-de-robo-en-memorial-park","status":"publish","type":"post","link":"http:\/\/www.pasadenahoy.com\/primero\/la-comunidad\/hombre-cortado-en-la-parte-posterior-de-la-cabeza-durante-el-ataque-de-robo-en-memorial-park\/","title":{"rendered":"Hombre cortado en la parte posterior de la cabeza durante el ataque de robo en Memorial Park"},"content":{"rendered":"\n<figure class=\"wp-block-image alignnone size-large\"><figure class=\"alignnone\"><img loading=\"lazy\" width=\"700\" height=\"378\" src=\"http:\/\/www.pasadenahoy.com\/primero\/wp-content\/uploads\/2021\/12\/pic-5-2.png\" alt=\"\" class=\"wp-image-13005\" srcset=\"http:\/\/www.pasadenahoy.com\/primero\/wp-content\/uploads\/2021\/12\/pic-5-2.png 700w, http:\/\/www.pasadenahoy.com\/primero\/wp-content\/uploads\/2021\/12\/pic-5-2-300x162.png 300w, http:\/\/www.pasadenahoy.com\/primero\/wp-content\/uploads\/2021\/12\/pic-5-2-241x130.png 241w, http:\/\/www.pasadenahoy.com\/primero\/wp-content\/uploads\/2021\/12\/pic-5-2-333x180.png 333w, http:\/\/www.pasadenahoy.com\/primero\/wp-content\/uploads\/2021\/12\/pic-5-2-360x194.png 360w\" sizes=\"100vw\" \/><\/figure><\/figure>\n\n\n\n<p>Un hospital local llam\u00f3 a la polic\u00eda el mi\u00e9rcoles por la noche despu\u00e9s de que un hombre de Pasadena de 39 a\u00f1os fuera detenido para recibir tratamiento de emergencia por laceraciones en la parte posterior de la cabeza que sufri\u00f3 durante un intento fallido de robo en Old Pasadena.<\/p>\n\n\n\n<p>Las heridas no pusieron en peligro la vida.<\/p>\n\n\n\n<p>Al llegar, la polic\u00eda entrevist\u00f3 a la v\u00edctima, quien dijo que dos hombres de unos 20 a\u00f1os se le acercaron con la intenci\u00f3n de robarlo mientras esperaba en una parada de autob\u00fas cerca de Memorial Park, en 85 East Holly Street, seg\u00fan el teniente Anthony Burgess.<\/p>\n\n\n\n<p>La v\u00edctima huy\u00f3 a pie, pero los dos ladrones lo atraparon, lo \u201cgolpearon\u201d y exigieron dinero, dijo Burgess.<\/p>\n\n\n\n<p>Tras un breve ataque, los hombres se marcharon con las manos vac\u00edas. La v\u00edctima procedi\u00f3 a subirse a un autob\u00fas y viaj\u00f3 al este de Pasadena, donde conoci\u00f3 a su madre.<\/p>\n\n\n\n<p>Burgess dijo que la madre de la v\u00edctima le dijo al hombre que fuera a un hospital para que le trataran la herida.<\/p>\n\n\n\n<p>Burgess dijo que la descripci\u00f3n de los ladrones es vaga y los hombres siguen siendo excepcionales.<\/p>\n","protected":false},"excerpt":{"rendered":"<p>Un hospital local llam\u00f3 a la polic\u00eda el mi\u00e9rcoles por la noche despu\u00e9s de que un hombre de Pasadena de 39 a\u00f1os fuera detenido para recibir tratamiento de emergencia por laceraciones en la parte posterior de la cabeza que sufri\u00f3 durante un intento fallido de robo en Old Pasadena. Las heridas no pusieron en peligro la vida. Al llegar, la polic\u00eda entrevist\u00f3 a la v\u00edctima, quien dijo que dos hombres de unos 20 a\u00f1os se le acercaron con la intenci\u00f3n [&hellip;]<\/p>\n","protected":false},"author":4,"featured_media":0,"comment_status":"open","ping_status":"closed","sticky":false,"template":"","format":"standard","meta":[],"categories":[4],"tags":[],"acf":[],"_links":{"self":[{"href":"http:\/\/www.pasadenahoy.com\/primero\/wp-json\/wp\/v2\/posts\/13004"}],"collection":[{"href":"http:\/\/www.pasadenahoy.com\/primero\/wp-json\/wp\/v2\/posts"}],"about":[{"href":"http:\/\/www.pasadenahoy.com\/primero\/wp-json\/wp\/v2\/types\/post"}],"author":[{"embeddable":true,"href":"http:\/\/www.pasadenahoy.com\/primero\/wp-json\/wp\/v2\/users\/4"}],"replies":[{"embeddable":true,"href":"http:\/\/www.pasadenahoy.com\/primero\/wp-json\/wp\/v2\/comments?post=13004"}],"version-history":[{"count":2,"href":"http:\/\/www.pasadenahoy.com\/primero\/wp-json\/wp\/v2\/posts\/13004\/revisions"}],"predecessor-version":[{"id":13007,"href":"http:\/\/www.pasadenahoy.com\/primero\/wp-json\/wp\/v2\/posts\/13004\/revisions\/13007"}],"wp:attachment":[{"href":"http:\/\/www.pasadenahoy.com\/primero\/wp-json\/wp\/v2\/media?parent=13004"}],"wp:term":[{"taxonomy":"category","embeddable":true,"href":"http:\/\/www.pasadenahoy.com\/primero\/wp-json\/wp\/v2\/categories?post=13004"},{"taxonomy":"post_tag","embeddable":true,"href":"http:\/\/www.pasadenahoy.com\/primero\/wp-json\/wp\/v2\/tags?post=13004"}],"curies":[{"name":"wp","href":"https:\/\/api.w.org\/{rel}","templated":true}]}}