{"id":13015,"date":"2021-12-10T15:09:41","date_gmt":"2021-12-10T15:09:41","guid":{"rendered":"http:\/\/www.pasadenahoy.com\/primero\/?p=13015"},"modified":"2021-12-10T15:09:43","modified_gmt":"2021-12-10T15:09:43","slug":"nuevas-camaras-de-policia-desgastadas-de-nuevo-en-la-agenda-del-consejo","status":"publish","type":"post","link":"http:\/\/www.pasadenahoy.com\/primero\/el-gobierno-local\/nuevas-camaras-de-policia-desgastadas-de-nuevo-en-la-agenda-del-consejo\/","title":{"rendered":"Nuevas c\u00e1maras de polic\u00eda desgastadas de nuevo en la agenda del Consejo"},"content":{"rendered":"\n<figure class=\"wp-block-image alignnone size-large\"><figure class=\"alignnone\"><img loading=\"lazy\" width=\"700\" height=\"378\" src=\"http:\/\/www.pasadenahoy.com\/primero\/wp-content\/uploads\/2021\/12\/pic-1-3.jpg\" alt=\"\" class=\"wp-image-13016\" srcset=\"http:\/\/www.pasadenahoy.com\/primero\/wp-content\/uploads\/2021\/12\/pic-1-3.jpg 700w, http:\/\/www.pasadenahoy.com\/primero\/wp-content\/uploads\/2021\/12\/pic-1-3-300x162.jpg 300w, http:\/\/www.pasadenahoy.com\/primero\/wp-content\/uploads\/2021\/12\/pic-1-3-241x130.jpg 241w, http:\/\/www.pasadenahoy.com\/primero\/wp-content\/uploads\/2021\/12\/pic-1-3-333x180.jpg 333w, http:\/\/www.pasadenahoy.com\/primero\/wp-content\/uploads\/2021\/12\/pic-1-3-360x194.jpg 360w\" sizes=\"100vw\" \/><figcaption><span class=\"caption-text\">Se muestran las c\u00e1maras policiales de Axon cargadas en una estaci\u00f3n de acoplamiento. La polic\u00eda dijo que la estaci\u00f3n de acoplamiento carga las unidades, descarga los datos capturados y los carga al servidor de la polic\u00eda de Pasadena, y tambi\u00e9n actualiza el software de la c\u00e1mara seg\u00fan lo necesite el fabricante. [Imagen cortes\u00eda del Departamento de Polic\u00eda de Pasadena]<\/span><\/figcaption><\/figure><\/figure>\n\n\n\n<p>El Ayuntamiento de Pasadena tendr\u00e1 otra oportunidad de enmendar su contrato de c\u00e1maras corporales con la polic\u00eda.<br>La versi\u00f3n m\u00e1s nueva de las c\u00e1maras corporales Axon tiene la capacidad de activarse autom\u00e1ticamente cuando se saca un arma de fuego de su funda, lo que asegurar\u00e1 que la c\u00e1mara corporal se encienda durante un incidente cr\u00edtico.<\/p>\n\n\n\n<p>Las c\u00e1maras tambi\u00e9n se pueden configurar para que funcionen continuamente en segundo plano en una configuraci\u00f3n sin audio de baja resoluci\u00f3n.<\/p>\n\n\n\n<p>El contrato se modificar\u00eda a un costo que no exceder\u00eda los $ 1.7 millones para el sistema de c\u00e1maras corporales del departamento de polic\u00eda.<\/p>\n\n\n\n<p>Las c\u00e1maras corporales ahora se consideran un punto de referencia en la responsabilidad policial y, seg\u00fan algunos informes, la tecnolog\u00eda ha llevado a una reducci\u00f3n en los incidentes relacionados con el uso de la fuerza.<\/p>\n\n\n\n<p>Seg\u00fan una investigaci\u00f3n del Laboratorio Criminal\u00edstico de la Universidad de Chicago y el Grupo de Trabajo sobre Vigilancia Policial del Consejo de Justicia Criminal, en las ciudades que investigaron que usan c\u00e1maras corporales, las denuncias contra la polic\u00eda se redujeron en un 17% y el uso de la fuerza por parte de la polic\u00eda, durante casos fatales y encuentros no fatales, se redujo en casi un 10%.<\/p>\n\n\n\n<p>&#8220;Las BWC brindan documentaci\u00f3n adicional de encuentros entre la polic\u00eda y el p\u00fablico y son una herramienta importante para recopilar pruebas y mantener la confianza del p\u00fablico&#8221;, dijo la subdirectora Cheryl Moody a Pasadena Now. &#8220;Tambi\u00e9n sirven como un componente de transparencia para el departamento de polic\u00eda y el gobierno de la ciudad&#8221;.<\/p>\n\n\n\n<p>El art\u00edculo apareci\u00f3 hace dos semanas como parte del calendario de consentimiento, donde se pueden aprobar varios art\u00edculos del contrato con una moci\u00f3n general.<\/p>\n\n\n\n<p>Surgieron preguntas sobre el almacenamiento y el sistema de almacenamiento en b\u00fafer de la c\u00e1mara.<\/p>\n\n\n\n<p>El Departamento de Polic\u00eda de Pasadena inici\u00f3 un programa de c\u00e1maras corporales en 2016.<\/p>\n\n\n\n<p>Desde entonces, el departamento ha subido m\u00e1s de un mill\u00f3n de elementos probatorios, incluidos videos, grabaciones de voz, documentos a la plataforma segura del sistema de gesti\u00f3n de evidencia digital basada en la nube de Axon Enterprise llamada Evidence.com, seg\u00fan un informe del personal de la ciudad.<\/p>\n\n\n\n<p>Las pruebas de grabaci\u00f3n de voz y video de casos penales se han presentado electr\u00f3nicamente a la Fiscal\u00eda de la Ciudad \/ Fiscal\u00eda de Distrito para que procese los casos.<\/p>\n\n\n\n<p>Axon continuar\u00e1 brindando almacenamiento de datos ilimitado, equipo nuevo, garant\u00eda completa en todo el hardware e integraci\u00f3n con el Despacho asistido por computadora del Departamento para etiquetar autom\u00e1ticamente las llamadas de servicio con el video correspondiente.<\/p>\n\n\n\n<p>El departamento responde a aproximadamente 1,600 solicitudes al a\u00f1o de im\u00e1genes de c\u00e1maras corporales para la corte y para solicitudes de registros p\u00fablicos.<\/p>\n\n\n\n<p>En muchos casos, el metraje est\u00e1 disponible para el p\u00fablico a trav\u00e9s de una ley de registros p\u00fablicos. La ciudad tambi\u00e9n publica im\u00e1genes de incidentes cr\u00edticos, por lo general, mucho antes del plazo establecido de 45 d\u00edas.<\/p>\n\n\n\n<p>Actualmente, el departamento de polic\u00eda despliega 295 de la flota de 313 c\u00e1maras corporales.<\/p>\n\n\n\n<p>Las c\u00e1maras est\u00e1n asignadas a miembros del departamento de personal tanto juramentados como profesionales que habitualmente entran en contacto con el p\u00fablico mientras trabajan en el campo.<\/p>\n\n\n\n<p>El inventario actual del Departamento de Polic\u00eda de Pasadena consiste en la versi\u00f3n anterior de la c\u00e1mara.<\/p>\n\n\n\n<p>Seg\u00fan Axon, la compa\u00f1\u00eda ha mejorado enormemente su tecnolog\u00eda relacionada con la revisi\u00f3n de videos para incluir la reproducci\u00f3n de m\u00faltiples c\u00e1maras y la transcripci\u00f3n de audio, lo que reducir\u00e1 los recursos de personal para ubicar videos y realizar la transcripci\u00f3n para solicitudes de registros p\u00fablicos y judiciales.<\/p>\n\n\n\n<p>En 2013, solo un tercio de las agencias policiales locales utilizaron alguna forma de tecnolog\u00eda de c\u00e1maras corporales. Para 2016, cuando Pasadena adopt\u00f3 su pol\u00edtica, el n\u00famero hab\u00eda aumentado a casi el 50%.<\/p>\n","protected":false},"excerpt":{"rendered":"<p>El Ayuntamiento de Pasadena tendr\u00e1 otra oportunidad de enmendar su contrato de c\u00e1maras corporales con la polic\u00eda.La versi\u00f3n m\u00e1s nueva de las c\u00e1maras corporales Axon tiene la capacidad de activarse autom\u00e1ticamente cuando se saca un arma de fuego de su funda, lo que asegurar\u00e1 que la c\u00e1mara corporal se encienda durante un incidente cr\u00edtico. Las c\u00e1maras tambi\u00e9n se pueden configurar para que funcionen continuamente en segundo plano en una configuraci\u00f3n sin audio de baja resoluci\u00f3n. El contrato se modificar\u00eda a [&hellip;]<\/p>\n","protected":false},"author":4,"featured_media":13016,"comment_status":"open","ping_status":"closed","sticky":false,"template":"","format":"standard","meta":[],"categories":[6],"tags":[],"acf":[],"_links":{"self":[{"href":"http:\/\/www.pasadenahoy.com\/primero\/wp-json\/wp\/v2\/posts\/13015"}],"collection":[{"href":"http:\/\/www.pasadenahoy.com\/primero\/wp-json\/wp\/v2\/posts"}],"about":[{"href":"http:\/\/www.pasadenahoy.com\/primero\/wp-json\/wp\/v2\/types\/post"}],"author":[{"embeddable":true,"href":"http:\/\/www.pasadenahoy.com\/primero\/wp-json\/wp\/v2\/users\/4"}],"replies":[{"embeddable":true,"href":"http:\/\/www.pasadenahoy.com\/primero\/wp-json\/wp\/v2\/comments?post=13015"}],"version-history":[{"count":2,"href":"http:\/\/www.pasadenahoy.com\/primero\/wp-json\/wp\/v2\/posts\/13015\/revisions"}],"predecessor-version":[{"id":13018,"href":"http:\/\/www.pasadenahoy.com\/primero\/wp-json\/wp\/v2\/posts\/13015\/revisions\/13018"}],"wp:featuredmedia":[{"embeddable":true,"href":"http:\/\/www.pasadenahoy.com\/primero\/wp-json\/wp\/v2\/media\/13016"}],"wp:attachment":[{"href":"http:\/\/www.pasadenahoy.com\/primero\/wp-json\/wp\/v2\/media?parent=13015"}],"wp:term":[{"taxonomy":"category","embeddable":true,"href":"http:\/\/www.pasadenahoy.com\/primero\/wp-json\/wp\/v2\/categories?post=13015"},{"taxonomy":"post_tag","embeddable":true,"href":"http:\/\/www.pasadenahoy.com\/primero\/wp-json\/wp\/v2\/tags?post=13015"}],"curies":[{"name":"wp","href":"https:\/\/api.w.org\/{rel}","templated":true}]}}