{"id":13027,"date":"2021-12-10T15:22:36","date_gmt":"2021-12-10T15:22:36","guid":{"rendered":"http:\/\/www.pasadenahoy.com\/primero\/?p=13027"},"modified":"2021-12-10T15:22:38","modified_gmt":"2021-12-10T15:22:38","slug":"la-ciudad-reabre-la-sucursal-de-la-pintoresca-de-la-biblioteca-publica-de-pasadena","status":"publish","type":"post","link":"http:\/\/www.pasadenahoy.com\/primero\/la-comunidad\/la-ciudad-reabre-la-sucursal-de-la-pintoresca-de-la-biblioteca-publica-de-pasadena\/","title":{"rendered":"La ciudad reabre la sucursal de La Pintoresca de la Biblioteca P\u00fablica de Pasadena"},"content":{"rendered":"\n<figure class=\"wp-block-image alignnone size-large\"><figure class=\"alignnone\"><img loading=\"lazy\" width=\"700\" height=\"378\" src=\"http:\/\/www.pasadenahoy.com\/primero\/wp-content\/uploads\/2021\/12\/pic-4-4.jpg\" alt=\"\" class=\"wp-image-13028\" srcset=\"http:\/\/www.pasadenahoy.com\/primero\/wp-content\/uploads\/2021\/12\/pic-4-4.jpg 700w, http:\/\/www.pasadenahoy.com\/primero\/wp-content\/uploads\/2021\/12\/pic-4-4-300x162.jpg 300w, http:\/\/www.pasadenahoy.com\/primero\/wp-content\/uploads\/2021\/12\/pic-4-4-241x130.jpg 241w, http:\/\/www.pasadenahoy.com\/primero\/wp-content\/uploads\/2021\/12\/pic-4-4-333x180.jpg 333w, http:\/\/www.pasadenahoy.com\/primero\/wp-content\/uploads\/2021\/12\/pic-4-4-360x194.jpg 360w\" sizes=\"100vw\" \/><\/figure><\/figure>\n\n\n\n<p>La ciudad ha reabierto al p\u00fablico la sucursal de La Pintoresca en Pasadena dos meses despu\u00e9s de que la instalaci\u00f3n fuera cerrada por mejoras.<\/p>\n\n\n\n<p>La sucursal de la biblioteca reabri\u00f3 a principios de esta semana, dijo Michelle Perera, directora de Bibliotecas y Servicios de Informaci\u00f3n. Est\u00e1 ubicado en 1355 N. Raymond Ave.<\/p>\n\n\n\n<p>La biblioteca reabierta recientemente se cerr\u00f3 del 18 de octubre al 7 de diciembre para un reemplazo completo de su sistema de calefacci\u00f3n, ventilaci\u00f3n y aire acondicionado (HVAC).<\/p>\n\n\n\n<p>Seg\u00fan el bolet\u00edn del administrador de la ciudad de Pasadena, el trabajo que se realiz\u00f3 incluy\u00f3 la instalaci\u00f3n de nuevas unidades de condensaci\u00f3n al aire libre, unidades de fancoil interior, tuber\u00edas, controles, conductos met\u00e1licos, codos, accesorios y sistema de control de HVAC.<\/p>\n\n\n\n<p>La revisi\u00f3n completa y el reemplazo del sistema HVAC anterior eran necesarios, seg\u00fan un proyecto de Evaluaci\u00f3n de edificios de la ciudad realizado en 2017, que encontr\u00f3 que el sistema anterior necesitaba reparaciones de mantenimiento continuo para extender su vida \u00fatil.<\/p>\n\n\n\n<p>Tambi\u00e9n se descubri\u00f3 que algunas piezas de repuesto para el sistema HVAC envejecido y anticuado ya no estaban disponibles.<\/p>\n\n\n\n<p>La biblioteca sucursal de La Pintoresca ha pasado por varias modificaciones en el pasado, incluida la instalaci\u00f3n de un sistema HVAC.<\/p>\n","protected":false},"excerpt":{"rendered":"<p>La ciudad ha reabierto al p\u00fablico la sucursal de La Pintoresca en Pasadena dos meses despu\u00e9s de que la instalaci\u00f3n fuera cerrada por mejoras. La sucursal de la biblioteca reabri\u00f3 a principios de esta semana, dijo Michelle Perera, directora de Bibliotecas y Servicios de Informaci\u00f3n. Est\u00e1 ubicado en 1355 N. Raymond Ave. La biblioteca reabierta recientemente se cerr\u00f3 del 18 de octubre al 7 de diciembre para un reemplazo completo de su sistema de calefacci\u00f3n, ventilaci\u00f3n y aire acondicionado (HVAC). [&hellip;]<\/p>\n","protected":false},"author":4,"featured_media":0,"comment_status":"open","ping_status":"closed","sticky":false,"template":"","format":"standard","meta":[],"categories":[4],"tags":[],"acf":[],"_links":{"self":[{"href":"http:\/\/www.pasadenahoy.com\/primero\/wp-json\/wp\/v2\/posts\/13027"}],"collection":[{"href":"http:\/\/www.pasadenahoy.com\/primero\/wp-json\/wp\/v2\/posts"}],"about":[{"href":"http:\/\/www.pasadenahoy.com\/primero\/wp-json\/wp\/v2\/types\/post"}],"author":[{"embeddable":true,"href":"http:\/\/www.pasadenahoy.com\/primero\/wp-json\/wp\/v2\/users\/4"}],"replies":[{"embeddable":true,"href":"http:\/\/www.pasadenahoy.com\/primero\/wp-json\/wp\/v2\/comments?post=13027"}],"version-history":[{"count":2,"href":"http:\/\/www.pasadenahoy.com\/primero\/wp-json\/wp\/v2\/posts\/13027\/revisions"}],"predecessor-version":[{"id":13030,"href":"http:\/\/www.pasadenahoy.com\/primero\/wp-json\/wp\/v2\/posts\/13027\/revisions\/13030"}],"wp:attachment":[{"href":"http:\/\/www.pasadenahoy.com\/primero\/wp-json\/wp\/v2\/media?parent=13027"}],"wp:term":[{"taxonomy":"category","embeddable":true,"href":"http:\/\/www.pasadenahoy.com\/primero\/wp-json\/wp\/v2\/categories?post=13027"},{"taxonomy":"post_tag","embeddable":true,"href":"http:\/\/www.pasadenahoy.com\/primero\/wp-json\/wp\/v2\/tags?post=13027"}],"curies":[{"name":"wp","href":"https:\/\/api.w.org\/{rel}","templated":true}]}}