{"id":13031,"date":"2021-12-10T15:29:10","date_gmt":"2021-12-10T15:29:10","guid":{"rendered":"http:\/\/www.pasadenahoy.com\/primero\/?p=13031"},"modified":"2021-12-10T15:29:12","modified_gmt":"2021-12-10T15:29:12","slug":"la-comision-de-pasadena-apoya-la-participacion-propuesta-de-la-ciudad-en-el-programa-piloto-gopass-de-metro","status":"publish","type":"post","link":"http:\/\/www.pasadenahoy.com\/primero\/la-comunidad\/la-comision-de-pasadena-apoya-la-participacion-propuesta-de-la-ciudad-en-el-programa-piloto-gopass-de-metro\/","title":{"rendered":"La Comisi\u00f3n de Pasadena apoya la participaci\u00f3n propuesta de la ciudad en el programa piloto GoPass de Metro"},"content":{"rendered":"\n<figure class=\"wp-block-image alignnone size-large\"><figure class=\"alignnone\"><img loading=\"lazy\" width=\"700\" height=\"378\" src=\"http:\/\/www.pasadenahoy.com\/primero\/wp-content\/uploads\/2021\/12\/pic-5-4.jpg\" alt=\"\" class=\"wp-image-13032\" srcset=\"http:\/\/www.pasadenahoy.com\/primero\/wp-content\/uploads\/2021\/12\/pic-5-4.jpg 700w, http:\/\/www.pasadenahoy.com\/primero\/wp-content\/uploads\/2021\/12\/pic-5-4-300x162.jpg 300w, http:\/\/www.pasadenahoy.com\/primero\/wp-content\/uploads\/2021\/12\/pic-5-4-241x130.jpg 241w, http:\/\/www.pasadenahoy.com\/primero\/wp-content\/uploads\/2021\/12\/pic-5-4-333x180.jpg 333w, http:\/\/www.pasadenahoy.com\/primero\/wp-content\/uploads\/2021\/12\/pic-5-4-360x194.jpg 360w\" sizes=\"100vw\" \/><\/figure><\/figure>\n\n\n\n<p>La Comisi\u00f3n Asesora de Transporte de Pasadena apoy\u00f3 formalmente la participaci\u00f3n de la ciudad en el programa piloto GoPass de Metro que permitir\u00eda a los estudiantes acceder al transporte p\u00fablico de forma gratuita.<\/p>\n\n\n\n<p>Durante su reuni\u00f3n del jueves, la comisi\u00f3n vot\u00f3 un\u00e1nimemente a favor de una moci\u00f3n del comisionado Timothy Sales para apoyar la propuesta del Departamento de Transporte para que Pasadena Transit participe en el programa piloto.<\/p>\n\n\n\n<p>El programa piloto Metro GoPass, anteriormente conocido como la Iniciativa del Sistema Fareless, ofrece internado sin tarifa a los estudiantes en los distritos escolares y colegios comunitarios participantes.<\/p>\n\n\n\n<p>El estudio piloto tendr\u00e1 una duraci\u00f3n de dos a\u00f1os escolares, desde el oto\u00f1o de 2021 hasta junio de 2023.<\/p>\n\n\n\n<p>Seg\u00fan el planificador principal de la ciudad, Sebasti\u00e1n Hern\u00e1ndez, el objetivo del piloto es identificar el costo real de implementar un programa permanente en todo el condado.<\/p>\n\n\n\n<p>\u201cSi Pasadena Transit participara, eso har\u00eda de Pasadena un lugar donde los estudiantes del programa GoPass podr\u00edan viajar sin problemas por Pasadena sin tener que pagar la tarifa\u201d, dijo Hern\u00e1ndez.<\/p>\n\n\n\n<p>Seg\u00fan Hern\u00e1ndez, los distritos escolares y los colegios comunitarios que se unir\u00e1n al programa piloto deben participar en un acuerdo de costos compartidos para compensar parte de la p\u00e9rdida de tarifas de las agencias de tr\u00e1nsito participantes.<\/p>\n\n\n\n<p>Seg\u00fan el informe del departamento, se prev\u00e9 que el proyecto reducir\u00e1 los ingresos por tarifas de Pasadena Transit en aproximadamente $ 225,000 durante el per\u00edodo piloto de dos a\u00f1os.<\/p>\n\n\n\n<p>El costo compartido para los estudiantes de K-12 es de $ 3 por estudiante por a\u00f1o para todos los estudiantes del distrito. Para los colegios comunitarios, el costo por estudiante por a\u00f1o es de $ 7.<\/p>\n\n\n\n<p>Hern\u00e1ndez dijo que Pasadena City College ya confirm\u00f3 su participaci\u00f3n en el programa. El Distrito Escolar Unificado de Pasadena (PUSD) a\u00fan no ha anunciado su participaci\u00f3n, pero dijo que las conversaciones con el PUSD ahora est\u00e1n en curso.<\/p>\n\n\n\n<p>Devon Deming de Metro Commute Service dijo que algunos distritos escolares no quieren participar en el programa debido a preocupaciones presupuestarias.<\/p>\n\n\n\n<p>&#8220;Tal vez no hayan pagado los pases de tr\u00e1nsito para sus estudiantes en el pasado, por lo que este ser\u00e1 un nuevo gasto para ellos y sienten que no tienen suficientes estudiantes actualmente en tr\u00e1nsito&#8221;, dijo Deming.<\/p>\n\n\n\n<p>\u201cNuestro objetivo es aumentar la cantidad de estudiantes que tienen acceso al transporte p\u00fablico y asegurarnos de que los estudiantes comprendan a una edad temprana que pueden moverse en cualquier lugar del condado\u201d, agreg\u00f3.<\/p>\n\n\n\n<p>Los datos proporcionados por el departamento de transporte indican que el 22 por ciento de los pasajeros de autob\u00fas cuando la escuela est\u00e1 en sesi\u00f3n son estudiantes. Aproximadamente 250.000 j\u00f3venes se transportaban anualmente antes de la pandemia.<\/p>\n","protected":false},"excerpt":{"rendered":"<p>La Comisi\u00f3n Asesora de Transporte de Pasadena apoy\u00f3 formalmente la participaci\u00f3n de la ciudad en el programa piloto GoPass de Metro que permitir\u00eda a los estudiantes acceder al transporte p\u00fablico de forma gratuita. Durante su reuni\u00f3n del jueves, la comisi\u00f3n vot\u00f3 un\u00e1nimemente a favor de una moci\u00f3n del comisionado Timothy Sales para apoyar la propuesta del Departamento de Transporte para que Pasadena Transit participe en el programa piloto. El programa piloto Metro GoPass, anteriormente conocido como la Iniciativa del Sistema [&hellip;]<\/p>\n","protected":false},"author":4,"featured_media":0,"comment_status":"open","ping_status":"closed","sticky":false,"template":"","format":"standard","meta":[],"categories":[4],"tags":[],"acf":[],"_links":{"self":[{"href":"http:\/\/www.pasadenahoy.com\/primero\/wp-json\/wp\/v2\/posts\/13031"}],"collection":[{"href":"http:\/\/www.pasadenahoy.com\/primero\/wp-json\/wp\/v2\/posts"}],"about":[{"href":"http:\/\/www.pasadenahoy.com\/primero\/wp-json\/wp\/v2\/types\/post"}],"author":[{"embeddable":true,"href":"http:\/\/www.pasadenahoy.com\/primero\/wp-json\/wp\/v2\/users\/4"}],"replies":[{"embeddable":true,"href":"http:\/\/www.pasadenahoy.com\/primero\/wp-json\/wp\/v2\/comments?post=13031"}],"version-history":[{"count":2,"href":"http:\/\/www.pasadenahoy.com\/primero\/wp-json\/wp\/v2\/posts\/13031\/revisions"}],"predecessor-version":[{"id":13034,"href":"http:\/\/www.pasadenahoy.com\/primero\/wp-json\/wp\/v2\/posts\/13031\/revisions\/13034"}],"wp:attachment":[{"href":"http:\/\/www.pasadenahoy.com\/primero\/wp-json\/wp\/v2\/media?parent=13031"}],"wp:term":[{"taxonomy":"category","embeddable":true,"href":"http:\/\/www.pasadenahoy.com\/primero\/wp-json\/wp\/v2\/categories?post=13031"},{"taxonomy":"post_tag","embeddable":true,"href":"http:\/\/www.pasadenahoy.com\/primero\/wp-json\/wp\/v2\/tags?post=13031"}],"curies":[{"name":"wp","href":"https:\/\/api.w.org\/{rel}","templated":true}]}}