{"id":13048,"date":"2021-12-13T15:16:04","date_gmt":"2021-12-13T15:16:04","guid":{"rendered":"http:\/\/www.pasadenahoy.com\/primero\/?p=13048"},"modified":"2021-12-13T15:16:06","modified_gmt":"2021-12-13T15:16:06","slug":"el-departamento-de-bomberos-presenta-el-primer-plan-de-evacuacion-de-incendios-forestales-para-el-area-de-arroyo-en-west-pasadena-san-rafael-hills","status":"publish","type":"post","link":"http:\/\/www.pasadenahoy.com\/primero\/la-comunidad\/el-departamento-de-bomberos-presenta-el-primer-plan-de-evacuacion-de-incendios-forestales-para-el-area-de-arroyo-en-west-pasadena-san-rafael-hills\/","title":{"rendered":"El Departamento de Bomberos presenta el primer plan de evacuaci\u00f3n de incendios forestales para el \u00e1rea de Arroyo en West Pasadena, San Rafael Hills"},"content":{"rendered":"\n<figure class=\"wp-block-image alignnone size-large\"><figure class=\"alignnone\"><img loading=\"lazy\" width=\"700\" height=\"378\" src=\"http:\/\/www.pasadenahoy.com\/primero\/wp-content\/uploads\/2021\/12\/pic-2-6.jpg\" alt=\"\" class=\"wp-image-13049\" srcset=\"http:\/\/www.pasadenahoy.com\/primero\/wp-content\/uploads\/2021\/12\/pic-2-6.jpg 700w, http:\/\/www.pasadenahoy.com\/primero\/wp-content\/uploads\/2021\/12\/pic-2-6-300x162.jpg 300w, http:\/\/www.pasadenahoy.com\/primero\/wp-content\/uploads\/2021\/12\/pic-2-6-241x130.jpg 241w, http:\/\/www.pasadenahoy.com\/primero\/wp-content\/uploads\/2021\/12\/pic-2-6-333x180.jpg 333w, http:\/\/www.pasadenahoy.com\/primero\/wp-content\/uploads\/2021\/12\/pic-2-6-360x194.jpg 360w\" sizes=\"100vw\" \/><\/figure><\/figure>\n\n\n\n<p>El jefe de bomberos de Pasadena, Chad Augustin, dirigir\u00e1 una reuni\u00f3n de la comunidad virtual el lunes a las 6 p.m. en el que dar\u00e1 a conocer un plan de evacuaci\u00f3n para los residentes que viven en el \u00e1rea de Arroyo de West Pasadena en San Rafael Hills en caso de un incendio forestal.<\/p>\n\n\n\n<p>Augustin, quien ha dirigido el Departamento de Bomberos de Pasadena durante 10 meses, es de Sacramento y recuerda las lecciones aprendidas de la tormenta de fuego de Oakland Hills de 1991 que mat\u00f3 a 25 y destruy\u00f3 2.843 viviendas unifamiliares.<\/p>\n\n\n\n<p>\u201cParte de los problemas que hicieron que Oakland Hills fuera tan devastador fue el terreno en pendiente y el acceso y la salida deficientes\u201d, dijo Augustin a Pasadena Now.<\/p>\n\n\n\n<p>\u201cCuando me mud\u00e9 aqu\u00ed, esa fue una de las primeras cosas que not\u00e9 sobre el \u00e1rea de Arroyo\u201d, dijo. La topograf\u00eda y el sistema de carreteras eran similares a los de Oakland Hills.<\/p>\n\n\n\n<div class=\"wp-block-image alignright\"><figure class=\"alignright size-large\"><img loading=\"lazy\" width=\"534\" height=\"400\" src=\"http:\/\/www.pasadenahoy.com\/primero\/wp-content\/uploads\/2021\/12\/pic-2a.jpg\" alt=\"\" class=\"wp-image-13050\" srcset=\"http:\/\/www.pasadenahoy.com\/primero\/wp-content\/uploads\/2021\/12\/pic-2a.jpg 534w, http:\/\/www.pasadenahoy.com\/primero\/wp-content\/uploads\/2021\/12\/pic-2a-300x225.jpg 300w, http:\/\/www.pasadenahoy.com\/primero\/wp-content\/uploads\/2021\/12\/pic-2a-174x130.jpg 174w, http:\/\/www.pasadenahoy.com\/primero\/wp-content\/uploads\/2021\/12\/pic-2a-240x180.jpg 240w, http:\/\/www.pasadenahoy.com\/primero\/wp-content\/uploads\/2021\/12\/pic-2a-360x270.jpg 360w\" sizes=\"100vw\" \/><\/figure><\/div>\n\n\n\n<p>\u201cHemos estado en condiciones de sequ\u00eda severa y peligro de incendio extremo severo en los \u00faltimos a\u00f1os. Realmente fue una de las principales prioridades una vez que me di cuenta de que no hab\u00eda una ruta de evacuaci\u00f3n para esa \u00e1rea \u201d, dijo Augustin.<\/p>\n\n\n\n<p>Augustin dijo que no tiene conocimiento de ning\u00fan plan de evacuaci\u00f3n previo por parte del Departamento de Bomberos. para la comunidad del \u00e1rea de Arroyo y las colinas que se elevan sobre el Rose Bowl hacia el oeste.<\/p>\n\n\n\n<p>&#8220;Ese fue el \u00edmpetu de por qu\u00e9 hemos estado trabajando tan duro en ese plan&#8221;, dijo.<\/p>\n\n\n\n<p>\u201cHemos realizado una revisi\u00f3n muy profunda y profunda de esa \u00e1rea espec\u00edfica con modelos de incendios para que podamos brindar informaci\u00f3n muy \u00fatil que esos residentes, con suerte, nunca necesitar\u00e1n usar. Mi equipo y yo creemos que es imperativo que tengamos un plan en marcha si se produce un incidente de este tipo &#8220;.<\/p>\n\n\n\n<p>El subjefe Tim Sell y la oficial de informaci\u00f3n de prensa de la ciudad Lisa Derderian ayudar\u00e1n con la presentaci\u00f3n, dijo.<\/p>\n\n\n\n<p>El evento estar\u00e1 en l\u00ednea en<a href=\" https:\/\/us02web.zoom.us\/j\/88364239693\"> https:\/\/us02web.zoom.us\/j\/88364239693<\/a> y tambi\u00e9n se grabar\u00e1 para verlo en el futuro.<\/p>\n","protected":false},"excerpt":{"rendered":"<p>El jefe de bomberos de Pasadena, Chad Augustin, dirigir\u00e1 una reuni\u00f3n de la comunidad virtual el lunes a las 6 p.m. en el que dar\u00e1 a conocer un plan de evacuaci\u00f3n para los residentes que viven en el \u00e1rea de Arroyo de West Pasadena en San Rafael Hills en caso de un incendio forestal. Augustin, quien ha dirigido el Departamento de Bomberos de Pasadena durante 10 meses, es de Sacramento y recuerda las lecciones aprendidas de la tormenta de fuego [&hellip;]<\/p>\n","protected":false},"author":4,"featured_media":13050,"comment_status":"open","ping_status":"closed","sticky":false,"template":"","format":"standard","meta":[],"categories":[4],"tags":[],"acf":[],"_links":{"self":[{"href":"http:\/\/www.pasadenahoy.com\/primero\/wp-json\/wp\/v2\/posts\/13048"}],"collection":[{"href":"http:\/\/www.pasadenahoy.com\/primero\/wp-json\/wp\/v2\/posts"}],"about":[{"href":"http:\/\/www.pasadenahoy.com\/primero\/wp-json\/wp\/v2\/types\/post"}],"author":[{"embeddable":true,"href":"http:\/\/www.pasadenahoy.com\/primero\/wp-json\/wp\/v2\/users\/4"}],"replies":[{"embeddable":true,"href":"http:\/\/www.pasadenahoy.com\/primero\/wp-json\/wp\/v2\/comments?post=13048"}],"version-history":[{"count":2,"href":"http:\/\/www.pasadenahoy.com\/primero\/wp-json\/wp\/v2\/posts\/13048\/revisions"}],"predecessor-version":[{"id":13052,"href":"http:\/\/www.pasadenahoy.com\/primero\/wp-json\/wp\/v2\/posts\/13048\/revisions\/13052"}],"wp:featuredmedia":[{"embeddable":true,"href":"http:\/\/www.pasadenahoy.com\/primero\/wp-json\/wp\/v2\/media\/13050"}],"wp:attachment":[{"href":"http:\/\/www.pasadenahoy.com\/primero\/wp-json\/wp\/v2\/media?parent=13048"}],"wp:term":[{"taxonomy":"category","embeddable":true,"href":"http:\/\/www.pasadenahoy.com\/primero\/wp-json\/wp\/v2\/categories?post=13048"},{"taxonomy":"post_tag","embeddable":true,"href":"http:\/\/www.pasadenahoy.com\/primero\/wp-json\/wp\/v2\/tags?post=13048"}],"curies":[{"name":"wp","href":"https:\/\/api.w.org\/{rel}","templated":true}]}}