{"id":13058,"date":"2021-12-13T15:23:04","date_gmt":"2021-12-13T15:23:04","guid":{"rendered":"http:\/\/www.pasadenahoy.com\/primero\/?p=13058"},"modified":"2021-12-13T15:23:06","modified_gmt":"2021-12-13T15:23:06","slug":"el-consejo-llevara-a-cabo-una-segunda-lectura-sobre-la-ordenanza-del-distrito-electoral","status":"publish","type":"post","link":"http:\/\/www.pasadenahoy.com\/primero\/el-gobierno-local\/el-consejo-llevara-a-cabo-una-segunda-lectura-sobre-la-ordenanza-del-distrito-electoral\/","title":{"rendered":"El Consejo llevar\u00e1 a cabo una segunda lectura sobre la ordenanza del distrito electoral"},"content":{"rendered":"\n<figure class=\"wp-block-image alignnone size-large\"><figure class=\"alignnone\"><img loading=\"lazy\" width=\"700\" height=\"377\" src=\"http:\/\/www.pasadenahoy.com\/primero\/wp-content\/uploads\/2021\/12\/pic-4-5.jpg\" alt=\"\" class=\"wp-image-13059\" srcset=\"http:\/\/www.pasadenahoy.com\/primero\/wp-content\/uploads\/2021\/12\/pic-4-5.jpg 700w, http:\/\/www.pasadenahoy.com\/primero\/wp-content\/uploads\/2021\/12\/pic-4-5-300x162.jpg 300w, http:\/\/www.pasadenahoy.com\/primero\/wp-content\/uploads\/2021\/12\/pic-4-5-241x130.jpg 241w, http:\/\/www.pasadenahoy.com\/primero\/wp-content\/uploads\/2021\/12\/pic-4-5-334x180.jpg 334w, http:\/\/www.pasadenahoy.com\/primero\/wp-content\/uploads\/2021\/12\/pic-4-5-360x194.jpg 360w\" sizes=\"100vw\" \/><\/figure><\/figure>\n\n\n\n<p>El Concejo Municipal podr\u00eda finalizar una ordenanza el lunes que volver\u00e1 a trazar los l\u00edmites de votaci\u00f3n de la ciudad y trasladar\u00e1 a m\u00e1s de 2,000 residentes a diferentes distritos de votaci\u00f3n cuando lleve a cabo la segunda lectura de una ordenanza electoral.<\/p>\n\n\n\n<p>Cada 10 a\u00f1os, la ciudad de Pasadena utiliza datos del censo decenal para ajustar los l\u00edmites de los distritos del Concejo Municipal para igualar la poblaci\u00f3n entre los siete distritos de la ciudad.<\/p>\n\n\n\n<p>Seg\u00fan los datos del censo, los residentes blancos todav\u00eda constituyen la mayor\u00eda de la poblaci\u00f3n de la ciudad con un 36,7%. Los residentes latinos constituyen el 33% de la poblaci\u00f3n de la ciudad, seguidos por los residentes asi\u00e1ticos con un 16,9% y los residentes afroamericanos con un 8,5%.<\/p>\n\n\n\n<p>Los residentes latinos constituyen la mayor\u00eda de la poblaci\u00f3n en los distritos 1, 3 y 5 del Concejo Municipal, con 49,7%, 48,1% y 51,4%, respectivamente.<\/p>\n\n\n\n<p>Este a\u00f1o, un grupo de trabajo de redistribuci\u00f3n de distritos determin\u00f3 que 2.610 residentes de Pasadena deben mudarse de su distrito actual del Concejo Municipal deben mudarse de sus distritos electorales actuales.<\/p>\n\n\n\n<p>Solo tres distritos se ver\u00edan afectados por las nuevas l\u00edneas, ya que 1,625 residentes del Distrito 6 se trasladar\u00edan al Distrito 7 y 985 votantes del Distrito 7 se trasladar\u00edan al Distrito 2.<\/p>\n\n\n\n<p>&#8220;El plan recomendado equilibra las poblaciones del distrito mediante una rotaci\u00f3n en sentido antihorario&#8221;, seg\u00fan un informe del personal en la agenda del Concejo Municipal del lunes. &#8220;El Distrito 6 cede la poblaci\u00f3n al Distrito 7 y el Distrito 7 cede la poblaci\u00f3n al Distrito 2&#8221;.<\/p>\n\n\n\n<p>Como parte de su trabajo, el Grupo de Trabajo de Redistribuci\u00f3n de Distritos adopt\u00f3 un mapa de desviaci\u00f3n del 10% para cumplir con el est\u00e1ndar de poblaci\u00f3n igual.<\/p>\n\n\n\n<p>Como parte del cambio en las filas de votaci\u00f3n, el Distrito 2 se convertir\u00eda en el segundo distrito del consejo que representar\u00eda a los residentes al norte y al sur de Colorado Boulevard.<\/p>\n\n\n\n<p>Tradicionalmente, cada distrito del consejo representa parte de Colorado Boulevard.<\/p>\n\n\n\n<p>Seg\u00fan la Corte Suprema, el requisito constitucional para los mapas legislativos y otros mapas locales, los distritos solo necesitan ser &#8220;sustancialmente iguales&#8221;. Cualquier poblaci\u00f3n por encima del 10% en los mapas legislativos y locales es considerada constitucionalmente sospechosa por los tribunales.<\/p>\n\n\n\n<p>La recomendaci\u00f3n tambi\u00e9n incluye un pron\u00f3stico de cambios importantes en los pr\u00f3ximos 10 a\u00f1os debido a una serie de factores y pidi\u00f3 a los funcionarios electos que conversen con sus electores sobre los impactos de esos cambios antes en el pr\u00f3ximo ciclo de redistribuci\u00f3n de distritos.<\/p>\n\n\n\n<p>El grupo de trabajo se\u00f1al\u00f3 la posibilidad de cambios importantes en la ciudad para el pr\u00f3ximo ciclo de redistribuci\u00f3n de distritos, incluida la adquisici\u00f3n y el desarrollo del tal\u00f3n de la autopista 710, el aumento de viviendas creadas por el proyecto Parsons y las nuevas leyes estatales, teniendo en cuenta los recientes recuentos insuficientes en las poblaciones del noroeste de Pasadena. y el creciente sentimiento por la consolidaci\u00f3n de la representaci\u00f3n del Concejo Municipal en el \u00e1rea del Centro \/ Distrito Central.<\/p>\n\n\n\n<p>\u201cSe recomienda encarecidamente que el Concejo Municipal trabaje para comprender los impactos significativos que estos factores tendr\u00e1n en el pr\u00f3ximo ciclo de redistribuci\u00f3n de distritos y que comience la discusi\u00f3n comunitaria y la comprensi\u00f3n de estos impactos antes y antes del trabajo del pr\u00f3ximo Grupo de Trabajo de Redistribuci\u00f3n de Distritos\u201d, el estados del informe.<\/p>\n","protected":false},"excerpt":{"rendered":"<p>El Concejo Municipal podr\u00eda finalizar una ordenanza el lunes que volver\u00e1 a trazar los l\u00edmites de votaci\u00f3n de la ciudad y trasladar\u00e1 a m\u00e1s de 2,000 residentes a diferentes distritos de votaci\u00f3n cuando lleve a cabo la segunda lectura de una ordenanza electoral. Cada 10 a\u00f1os, la ciudad de Pasadena utiliza datos del censo decenal para ajustar los l\u00edmites de los distritos del Concejo Municipal para igualar la poblaci\u00f3n entre los siete distritos de la ciudad. Seg\u00fan los datos del [&hellip;]<\/p>\n","protected":false},"author":4,"featured_media":0,"comment_status":"open","ping_status":"closed","sticky":false,"template":"","format":"standard","meta":[],"categories":[6],"tags":[],"acf":[],"_links":{"self":[{"href":"http:\/\/www.pasadenahoy.com\/primero\/wp-json\/wp\/v2\/posts\/13058"}],"collection":[{"href":"http:\/\/www.pasadenahoy.com\/primero\/wp-json\/wp\/v2\/posts"}],"about":[{"href":"http:\/\/www.pasadenahoy.com\/primero\/wp-json\/wp\/v2\/types\/post"}],"author":[{"embeddable":true,"href":"http:\/\/www.pasadenahoy.com\/primero\/wp-json\/wp\/v2\/users\/4"}],"replies":[{"embeddable":true,"href":"http:\/\/www.pasadenahoy.com\/primero\/wp-json\/wp\/v2\/comments?post=13058"}],"version-history":[{"count":2,"href":"http:\/\/www.pasadenahoy.com\/primero\/wp-json\/wp\/v2\/posts\/13058\/revisions"}],"predecessor-version":[{"id":13061,"href":"http:\/\/www.pasadenahoy.com\/primero\/wp-json\/wp\/v2\/posts\/13058\/revisions\/13061"}],"wp:attachment":[{"href":"http:\/\/www.pasadenahoy.com\/primero\/wp-json\/wp\/v2\/media?parent=13058"}],"wp:term":[{"taxonomy":"category","embeddable":true,"href":"http:\/\/www.pasadenahoy.com\/primero\/wp-json\/wp\/v2\/categories?post=13058"},{"taxonomy":"post_tag","embeddable":true,"href":"http:\/\/www.pasadenahoy.com\/primero\/wp-json\/wp\/v2\/tags?post=13058"}],"curies":[{"name":"wp","href":"https:\/\/api.w.org\/{rel}","templated":true}]}}