{"id":13066,"date":"2021-12-13T15:30:19","date_gmt":"2021-12-13T15:30:19","guid":{"rendered":"http:\/\/www.pasadenahoy.com\/primero\/?p=13066"},"modified":"2021-12-13T15:30:21","modified_gmt":"2021-12-13T15:30:21","slug":"bryce-young-nativo-de-pasadena-gana-el-trofeo-heisman","status":"publish","type":"post","link":"http:\/\/www.pasadenahoy.com\/primero\/la-comunidad\/bryce-young-nativo-de-pasadena-gana-el-trofeo-heisman\/","title":{"rendered":"Bryce Young, nativo de Pasadena, gana el trofeo Heisman"},"content":{"rendered":"\n<figure class=\"wp-block-image alignnone size-large\"><figure class=\"alignnone\"><img loading=\"lazy\" width=\"740\" height=\"400\" src=\"http:\/\/www.pasadenahoy.com\/primero\/wp-content\/uploads\/2021\/12\/pic-6-4.png\" alt=\"\" class=\"wp-image-13067\" srcset=\"http:\/\/www.pasadenahoy.com\/primero\/wp-content\/uploads\/2021\/12\/pic-6-4.png 740w, http:\/\/www.pasadenahoy.com\/primero\/wp-content\/uploads\/2021\/12\/pic-6-4-300x162.png 300w, http:\/\/www.pasadenahoy.com\/primero\/wp-content\/uploads\/2021\/12\/pic-6-4-241x130.png 241w, http:\/\/www.pasadenahoy.com\/primero\/wp-content\/uploads\/2021\/12\/pic-6-4-333x180.png 333w, http:\/\/www.pasadenahoy.com\/primero\/wp-content\/uploads\/2021\/12\/pic-6-4-700x378.png 700w, http:\/\/www.pasadenahoy.com\/primero\/wp-content\/uploads\/2021\/12\/pic-6-4-360x195.png 360w, http:\/\/www.pasadenahoy.com\/primero\/wp-content\/uploads\/2021\/12\/pic-6-4-720x389.png 720w\" sizes=\"100vw\" \/><figcaption><span class=\"caption-text\">Foto cortes\u00eda de la p\u00e1gina de Twitter de Bryce Young<\/span><\/figcaption><\/figure><\/figure>\n\n\n\n<p>El ganador del Trofeo Heisman, Bryce Young, reconoci\u00f3 a Pasadena el s\u00e1bado despu\u00e9s de que se anunci\u00f3 que gan\u00f3 el mayor honor de f\u00fatbol americano universitario para un jugador.<\/p>\n\n\n\n<p>El mariscal de campo de Alabama Crimson naci\u00f3 en Pasadena y se destac\u00f3 en la escuela secundaria Mater Dei High School.<\/p>\n\n\n\n<p>Tambi\u00e9n asisti\u00f3 al Basketball Training Institute que se lleva a cabo en el Boys and Girls Club en Fair Oaks Avenue.<\/p>\n\n\n\n<p>\u201cMe gusta agradecer a mis entrenadores de la escuela secundaria. El entrenador Rylo y el entrenador P. Significaron mucho para m\u00ed y creyeron en m\u00ed, especialmente a una edad temprana. Me gustar\u00eda agradecer a mi ciudad, Pasadena, por moldearme en el joven que soy, y a la comunidad por mostrar siempre su apoyo \u201d, dijo Young. &#8220;Significa el mundo para mi. Me gustar\u00eda agradecer a la familia 3D QB. Taylor Kelly. por estar siempre a mi lado y empujarme a ser mejor jugador y mejor persona. Me gustar\u00eda agradecer a Jeff Allen y su personal de capacitaci\u00f3n. Alabama, Miss Amy y el personal de nutrici\u00f3n. Al entrenador Blue y al Dr. E por apoyarme siempre &#8220;.<\/p>\n\n\n\n<p>Young lanz\u00f3 para 4,322 yardas y 43 TD esta temporada, lo que llev\u00f3 a Crimson Tide al primer puesto en los Playoffs de f\u00fatbol americano universitario (CFP).<\/p>\n\n\n\n<p>Con solo 20 a\u00f1os, Young es el cuarto ganador del Heisman de Alabama.<\/p>\n\n\n\n<p>Crimson Tide se enfrentar\u00e1 a Cincinnati en el Cotton Bowl a finales de este mes.<\/p>\n","protected":false},"excerpt":{"rendered":"<p>El ganador del Trofeo Heisman, Bryce Young, reconoci\u00f3 a Pasadena el s\u00e1bado despu\u00e9s de que se anunci\u00f3 que gan\u00f3 el mayor honor de f\u00fatbol americano universitario para un jugador. El mariscal de campo de Alabama Crimson naci\u00f3 en Pasadena y se destac\u00f3 en la escuela secundaria Mater Dei High School. Tambi\u00e9n asisti\u00f3 al Basketball Training Institute que se lleva a cabo en el Boys and Girls Club en Fair Oaks Avenue. \u201cMe gusta agradecer a mis entrenadores de la escuela [&hellip;]<\/p>\n","protected":false},"author":4,"featured_media":0,"comment_status":"open","ping_status":"closed","sticky":false,"template":"","format":"standard","meta":[],"categories":[4],"tags":[],"acf":[],"_links":{"self":[{"href":"http:\/\/www.pasadenahoy.com\/primero\/wp-json\/wp\/v2\/posts\/13066"}],"collection":[{"href":"http:\/\/www.pasadenahoy.com\/primero\/wp-json\/wp\/v2\/posts"}],"about":[{"href":"http:\/\/www.pasadenahoy.com\/primero\/wp-json\/wp\/v2\/types\/post"}],"author":[{"embeddable":true,"href":"http:\/\/www.pasadenahoy.com\/primero\/wp-json\/wp\/v2\/users\/4"}],"replies":[{"embeddable":true,"href":"http:\/\/www.pasadenahoy.com\/primero\/wp-json\/wp\/v2\/comments?post=13066"}],"version-history":[{"count":2,"href":"http:\/\/www.pasadenahoy.com\/primero\/wp-json\/wp\/v2\/posts\/13066\/revisions"}],"predecessor-version":[{"id":13069,"href":"http:\/\/www.pasadenahoy.com\/primero\/wp-json\/wp\/v2\/posts\/13066\/revisions\/13069"}],"wp:attachment":[{"href":"http:\/\/www.pasadenahoy.com\/primero\/wp-json\/wp\/v2\/media?parent=13066"}],"wp:term":[{"taxonomy":"category","embeddable":true,"href":"http:\/\/www.pasadenahoy.com\/primero\/wp-json\/wp\/v2\/categories?post=13066"},{"taxonomy":"post_tag","embeddable":true,"href":"http:\/\/www.pasadenahoy.com\/primero\/wp-json\/wp\/v2\/tags?post=13066"}],"curies":[{"name":"wp","href":"https:\/\/api.w.org\/{rel}","templated":true}]}}