{"id":13074,"date":"2021-12-13T15:54:56","date_gmt":"2021-12-13T15:54:56","guid":{"rendered":"http:\/\/www.pasadenahoy.com\/primero\/?p=13074"},"modified":"2021-12-13T15:54:57","modified_gmt":"2021-12-13T15:54:57","slug":"bullpen-del-lunes-por-la-manana-relajese-en-el-articulo-3b","status":"publish","type":"post","link":"http:\/\/www.pasadenahoy.com\/primero\/la-comunidad\/bullpen-del-lunes-por-la-manana-relajese-en-el-articulo-3b\/","title":{"rendered":"Bullpen del lunes por la ma\u00f1ana: Rel\u00e1jese en el art\u00edculo 3B"},"content":{"rendered":"\n<figure class=\"wp-block-image alignnone size-large\"><figure class=\"alignnone\"><img loading=\"lazy\" width=\"700\" height=\"378\" src=\"http:\/\/www.pasadenahoy.com\/primero\/wp-content\/uploads\/2021\/12\/pic-8-1.jpg\" alt=\"\" class=\"wp-image-13075\" srcset=\"http:\/\/www.pasadenahoy.com\/primero\/wp-content\/uploads\/2021\/12\/pic-8-1.jpg 700w, http:\/\/www.pasadenahoy.com\/primero\/wp-content\/uploads\/2021\/12\/pic-8-1-300x162.jpg 300w, http:\/\/www.pasadenahoy.com\/primero\/wp-content\/uploads\/2021\/12\/pic-8-1-241x130.jpg 241w, http:\/\/www.pasadenahoy.com\/primero\/wp-content\/uploads\/2021\/12\/pic-8-1-333x180.jpg 333w, http:\/\/www.pasadenahoy.com\/primero\/wp-content\/uploads\/2021\/12\/pic-8-1-360x194.jpg 360w\" sizes=\"100vw\" \/><\/figure><\/figure>\n\n\n\n<p>La reuni\u00f3n de hoy es la \u00faltima reuni\u00f3n del a\u00f1o del Ayuntamiento, pero eso no significa que el Ayuntamiento o sus subcomit\u00e9s est\u00e9n evitando aguas profundas esta semana.<\/p>\n\n\n\n<p>Por mi dinero, dos de los tres art\u00edculos m\u00e1s importantes est\u00e1n saliendo del Ayuntamiento.<\/p>\n\n\n\n<p>El tercero procede de la Comisi\u00f3n de Servicios Municipales del Ayuntamiento.<\/p>\n\n\n\n<p>Hag\u00e1moslo primero con el Ayuntamiento.<\/p>\n\n\n\n<p>Algo de informaci\u00f3n de fondo, mi tel\u00e9fono comenz\u00f3 a explotar el viernes, como suele ocurrir hasta cierto punto, cuando los lugare\u00f1os con ojos de \u00e1guila comienzan a leer la agenda del Consejo.<\/p>\n\n\n\n<p>El \u00edtem 3b es el que levant\u00f3 las cejas. Esa resoluci\u00f3n permitir\u00eda a la administradora interina de la ciudad, Cynthia Kurtz, contratar a jubilados de CalPERS como jefa de polic\u00eda interina, directora interina de recursos humanos y directora interina de agua y energ\u00eda.<\/p>\n\n\n\n<p>La preocupaci\u00f3n provino de los partidarios de la subdirectora Cheryl Moody, quien muchos creen que ser\u00e1 la pr\u00f3xima jefa interina. Moody ciertamente ha estado hablando en nombre del departamento con respecto al aumento de la violencia.<\/p>\n\n\n\n<p>Al profundizar en el idioma del informe del personal, nuevamente, debe leerlos, parece que la resoluci\u00f3n se trata solo de mantener todas las opciones abiertas en este punto.<\/p>\n\n\n\n<p>Aqu\u00ed hay informaci\u00f3n clave sobre el tema de la agenda del lunes.<\/p>\n\n\n\n<p>&#8220;Una posible fuente para un nombramiento interino es un jubilado que tenga la experiencia necesaria para comenzar a trabajar en el momento del nombramiento&#8221;.<\/p>\n\n\n\n<p>Palabras clave: &#8220;Posible fuente&#8221;.<\/p>\n\n\n\n<p>La agenda tambi\u00e9n dice que si no se elige a un jubilado, la resoluci\u00f3n es nula y sin efecto. Nuevamente, es una opci\u00f3n.<\/p>\n\n\n\n<p>Este art\u00edculo no es solo sobre el jefe de polic\u00eda interino. La resoluci\u00f3n tambi\u00e9n permite a Kurtz nombrar a los jubilados de CalPERS como jefes interinos de PWP y Recursos Humanos.<\/p>\n\n\n\n<p>Por supuesto, no soy el administrador municipal interino, y s\u00ed, deber\u00eda alegrarse de que no lo sea, pero se trata de flexibilidad.<\/p>\n\n\n\n<p>Adem\u00e1s, tenga en cuenta que Kurtz solo est\u00e1 nombrando jefes de departamento interinos para cubrir los puestos vacantes. Ella no est\u00e1 contratando reemplazos permanentes.<\/p>\n\n\n\n<p>Hay demasiados puestos vacantes que conllevan mucha responsabilidad d\u00eda a d\u00eda y esos puestos deben ser ocupados r\u00e1pidamente con personas experimentadas para que la ciudad pueda continuar brindando servicios a los residentes locales. Todas las avenidas deben estar abiertas.<\/p>\n\n\n\n<p>Por cierto, porque alguien siempre lo dice, no, el Ayuntamiento no puede indicarle a Kurtz a qui\u00e9n contratar.<\/p>\n\n\n\n<p>La Secci\u00f3n 411 (b) de los Estatutos de la Ciudad proh\u00edbe que el Concejo Municipal interfiera con el servicio administrativo bajo el Administrador de la Ciudad, incluyendo no intentar dirigir o influenciar a los subordinados.<\/p>\n\n\n\n<p>Eso cre\u00f3 una disparidad entre las reglas de CalPERS, que requiere que la persona designada sea aprobada por el Concejo Municipal, y la Carta de la Ciudad que le da al Administrador de la Ciudad el poder de contratar a todos menos a los 3 Grandes: Abogado de la Ciudad, Secretario de la Ciudad y, por supuesto, el Administrador de la Ciudad.<\/p>\n\n\n\n<p>Las dos partes hablaron y aqu\u00ed estamos.<\/p>\n\n\n\n<p>Agradezco las llamadas telef\u00f3nicas, pero rel\u00e1jese y d\u00e9jeles que hagan el trabajo debajo de la c\u00fapula. Habr\u00e1 mucho tiempo y espacio para cuestionar y examinar las decisiones finales.<\/p>\n\n\n\n<p>El siguiente elemento a tener en cuenta son las c\u00e1maras de la polic\u00eda.<\/p>\n\n\n\n<p>Sigo pensando que esta es una obviedad. Las c\u00e1maras se encienden autom\u00e1ticamente cuando los agentes de polic\u00eda sacan sus armas, lo que aumenta la responsabilidad.<\/p>\n\n\n\n<p>Llamar y decir que no a todas las acciones que permitan a los agentes de polic\u00eda hacer su trabajo y, al mismo tiempo, brindar m\u00e1s responsabilidad, no es activismo.<\/p>\n\n\n\n<p>Puede creer en la ley y el orden y creer en la responsabilidad policial.<\/p>\n\n\n\n<p>Finalmente, en el Comit\u00e9 de Servicios Municipales, la ordenanza del soplador de hojas est\u00e1 en discusi\u00f3n.<\/p>\n\n\n\n<p>La ordenanza prohibir\u00eda los sopladores de hojas de dos tiempos que funcionan con gasolina en su reuni\u00f3n del lunes.<\/p>\n\n\n\n<p>Los motores de dos tiempos carecen de un sistema de lubricaci\u00f3n independiente, por lo que el combustible debe mezclarse con aceite. Se necesitan aproximadamente cuatro onzas de aceite por cada gal\u00f3n de gasolina para hacer funcionar el motor, pero todo ese aceite no se quema adecuadamente, lo que resulta en la liberaci\u00f3n de contaminantes del aire que escapan del motor en grandes cantidades.<\/p>\n\n\n\n<p>A principios de este a\u00f1o, la ciudad de South Pasadena vot\u00f3 a favor de prohibir los sopladores de hojas a gasolina a partir del 1 de octubre de 2022. La prohibici\u00f3n en toda la ciudad tambi\u00e9n proh\u00edbe el uso de sopladores de hojas por parte de la ciudad y coloca la responsabilidad sobre el due\u00f1o de la propiedad que autoriz\u00f3 el trabajo.<\/p>\n\n\n\n<p>Esa ordenanza est\u00e1 incluida en la agenda del martes.<\/p>\n\n\n\n<p>Monday Morning Bullpen se imprime todos los lunes cuando est\u00e1 programada la reuni\u00f3n del Ayuntamiento.<\/p>\n","protected":false},"excerpt":{"rendered":"<p>La reuni\u00f3n de hoy es la \u00faltima reuni\u00f3n del a\u00f1o del Ayuntamiento, pero eso no significa que el Ayuntamiento o sus subcomit\u00e9s est\u00e9n evitando aguas profundas esta semana. Por mi dinero, dos de los tres art\u00edculos m\u00e1s importantes est\u00e1n saliendo del Ayuntamiento. El tercero procede de la Comisi\u00f3n de Servicios Municipales del Ayuntamiento. Hag\u00e1moslo primero con el Ayuntamiento. Algo de informaci\u00f3n de fondo, mi tel\u00e9fono comenz\u00f3 a explotar el viernes, como suele ocurrir hasta cierto punto, cuando los lugare\u00f1os con [&hellip;]<\/p>\n","protected":false},"author":4,"featured_media":0,"comment_status":"open","ping_status":"closed","sticky":false,"template":"","format":"standard","meta":[],"categories":[4],"tags":[],"acf":[],"_links":{"self":[{"href":"http:\/\/www.pasadenahoy.com\/primero\/wp-json\/wp\/v2\/posts\/13074"}],"collection":[{"href":"http:\/\/www.pasadenahoy.com\/primero\/wp-json\/wp\/v2\/posts"}],"about":[{"href":"http:\/\/www.pasadenahoy.com\/primero\/wp-json\/wp\/v2\/types\/post"}],"author":[{"embeddable":true,"href":"http:\/\/www.pasadenahoy.com\/primero\/wp-json\/wp\/v2\/users\/4"}],"replies":[{"embeddable":true,"href":"http:\/\/www.pasadenahoy.com\/primero\/wp-json\/wp\/v2\/comments?post=13074"}],"version-history":[{"count":2,"href":"http:\/\/www.pasadenahoy.com\/primero\/wp-json\/wp\/v2\/posts\/13074\/revisions"}],"predecessor-version":[{"id":13077,"href":"http:\/\/www.pasadenahoy.com\/primero\/wp-json\/wp\/v2\/posts\/13074\/revisions\/13077"}],"wp:attachment":[{"href":"http:\/\/www.pasadenahoy.com\/primero\/wp-json\/wp\/v2\/media?parent=13074"}],"wp:term":[{"taxonomy":"category","embeddable":true,"href":"http:\/\/www.pasadenahoy.com\/primero\/wp-json\/wp\/v2\/categories?post=13074"},{"taxonomy":"post_tag","embeddable":true,"href":"http:\/\/www.pasadenahoy.com\/primero\/wp-json\/wp\/v2\/tags?post=13074"}],"curies":[{"name":"wp","href":"https:\/\/api.w.org\/{rel}","templated":true}]}}