{"id":13078,"date":"2021-12-13T15:59:15","date_gmt":"2021-12-13T15:59:15","guid":{"rendered":"http:\/\/www.pasadenahoy.com\/primero\/?p=13078"},"modified":"2021-12-13T15:59:17","modified_gmt":"2021-12-13T15:59:17","slug":"las-hospitalizaciones-por-covid-en-el-condado-de-los-angeles-caen-por-debajo-de-700","status":"publish","type":"post","link":"http:\/\/www.pasadenahoy.com\/primero\/la-comunidad\/las-hospitalizaciones-por-covid-en-el-condado-de-los-angeles-caen-por-debajo-de-700\/","title":{"rendered":"Las hospitalizaciones por COVID en el condado de Los \u00c1ngeles caen por debajo de 700"},"content":{"rendered":"\n<figure class=\"wp-block-image alignnone size-large\"><figure class=\"alignnone\"><img loading=\"lazy\" width=\"700\" height=\"378\" src=\"http:\/\/www.pasadenahoy.com\/primero\/wp-content\/uploads\/2021\/12\/pic-9-1.jpg\" alt=\"\" class=\"wp-image-13079\" srcset=\"http:\/\/www.pasadenahoy.com\/primero\/wp-content\/uploads\/2021\/12\/pic-9-1.jpg 700w, http:\/\/www.pasadenahoy.com\/primero\/wp-content\/uploads\/2021\/12\/pic-9-1-300x162.jpg 300w, http:\/\/www.pasadenahoy.com\/primero\/wp-content\/uploads\/2021\/12\/pic-9-1-241x130.jpg 241w, http:\/\/www.pasadenahoy.com\/primero\/wp-content\/uploads\/2021\/12\/pic-9-1-333x180.jpg 333w, http:\/\/www.pasadenahoy.com\/primero\/wp-content\/uploads\/2021\/12\/pic-9-1-360x194.jpg 360w\" sizes=\"100vw\" \/><\/figure><\/figure>\n\n\n\n<p>La cantidad de pacientes con coronavirus en los hospitales del condado de Los \u00c1ngeles disminuy\u00f3 levemente el domingo, luego de superar los 700 el s\u00e1bado en medio de signos de un aumento invernal en los casos de COVID.<\/p>\n\n\n\n<p>Hay 698 pacientes con COVID en los hospitales del condado, frente a los 707 del s\u00e1bado, seg\u00fan las \u00faltimas cifras estatales. El n\u00famero de pacientes que reciben tratamiento en cuidados intensivos es 179, frente a los 182 del d\u00eda anterior.<\/p>\n\n\n\n<p>El condado confirm\u00f3 el s\u00e1bado su s\u00e9ptimo caso conocido de la variante Omicron de COVID-19.<\/p>\n\n\n\n<p>El paciente completamente vacunado viaj\u00f3 recientemente a alg\u00fan lugar de los Estados Unidos, ten\u00eda s\u00edntomas leves y se a\u00edsla a s\u00ed mismo, seg\u00fan el Departamento de Salud P\u00fablica del Condado de Los \u00c1ngeles.<\/p>\n\n\n\n<p>&#8220;Salud P\u00fablica ha identificado contactos cercanos en el condado de Los \u00c1ngeles, algunos de los cuales dieron negativo y otros est\u00e1n esperando los resultados de las pruebas&#8221;, dijeron las autoridades. &#8220;Adem\u00e1s, se han identificado contactos cercanos fuera del condado que se est\u00e1n probando&#8221;.<\/p>\n\n\n\n<p>Los casos de Omicron subrayan la necesidad cr\u00edtica de tomar medidas de seguridad durante los viajes, dijo la directora de Salud P\u00fablica del condado, Barbara Ferrer.<\/p>\n\n\n\n<p>&#8220;Todos los indicios son que entre los que est\u00e1n completamente vacunados, la gravedad de la enfermedad si se infectan con Omicron es leve, lo que nos recuerda que todos los residentes elegibles deben vacunarse o reforzarse con urgencia&#8221;, dijo. &#8220;Es probable que las vacunas brinden una protecci\u00f3n muy necesaria contra enfermedades graves causadas por Omicron y ya se sabe que brindan protecci\u00f3n contra infecciones y enfermedades asociadas con la variante Delta que contin\u00faa dominando en todo el condado&#8221;.<\/p>\n\n\n\n<p>La variante Omicron ha sido considerada una &#8220;variante preocupante&#8221; por la Organizaci\u00f3n Mundial de la Salud y los CDC. Sin embargo, no est\u00e1 claro si la variante se transmite m\u00e1s f\u00e1cilmente o puede causar una enfermedad m\u00e1s grave. La variante Delta identificada previamente, a la que se atribuye el aumento m\u00e1s reciente de casos en todo el pa\u00eds, sigue siendo la mutaci\u00f3n dominante en circulaci\u00f3n, que representa m\u00e1s del 99% de todas las muestras de COVID que se han sometido a pruebas gen\u00e9ticas en el condado, dijo Ferrer esta semana.<\/p>\n\n\n\n<p>Tambi\u00e9n el domingo, las autoridades informaron 1.460 nuevos casos de COVID-19 y cinco muertes adicionales asociadas con el virus, lo que eleva los totales acumulados del condado a 1.547.042 casos y 27.330 muertes desde que comenz\u00f3 la pandemia. Es probable que las cifras del domingo reflejen retrasos en los informes de los fines de semana.<\/p>\n\n\n\n<p>La tasa diaria promedio del condado de nuevas infecciones aument\u00f3 a 13 por cada 100.000 habitantes la semana pasada, frente a 8 por cada 100.000 habitantes la semana anterior. La tasa acumulada de infecciones en siete d\u00edas aument\u00f3 a 113 por cada 100.000, lo que llev\u00f3 al condado nuevamente a la categor\u00eda de transmisi\u00f3n &#8220;alta&#8221; seg\u00fan la definici\u00f3n de los Centros para el Control y la Prevenci\u00f3n de Enfermedades de EE. UU.<\/p>\n\n\n\n<p>El condado estaba anteriormente en la categor\u00eda de transmisi\u00f3n &#8220;sustancial&#8221; menos severa. Esa categor\u00eda requiere que un condado tenga una tasa de transmisi\u00f3n acumulativa de siete d\u00edas de menos de 100 casos por cada 100,000 residentes.<\/p>\n\n\n\n<p>Ferrer dijo el jueves que el condado est\u00e1 experimentando aumentos en las infecciones por COVID despu\u00e9s del feriado de Acci\u00f3n de Gracias, lo que podr\u00eda marcar el comienzo de un temido aumento invernal de casos. Dijo que el 1 de diciembre, el n\u00famero diario promedio de siete d\u00edas del condado de nuevos casos super\u00f3 los 1,000, un aumento del 19% con respecto a la semana anterior.<\/p>\n\n\n\n<p>Pero Ferrer reconoci\u00f3 que con la amplia disponibilidad de vacunas y el beneficio de una mayor experiencia en la prevenci\u00f3n y el tratamiento de infecciones, el condado puede considerarse &#8220;mucho mejor&#8221; de lo que estaba antes del aumento repentino del invierno pasado, que amenaz\u00f3 con abrumar a los hospitales.<\/p>\n\n\n\n<p>&#8220;No quiero restar importancia al hecho de que ahora continuamos volviendo a lo que los CDC clasifican como el nivel de transmisi\u00f3n &#8216;alta'&#8221;, dijo. \u201cAs\u00ed que tenemos mucha transmisi\u00f3n comunitaria. Y cuando hay mucha transmisi\u00f3n comunitaria y hay muchas, muchas oportunidades de personas entremezcladas, corre el riesgo de que estos n\u00fameros sigan creciendo. Y cada vez que crecen y vemos m\u00e1s y m\u00e1s casos, todos sabemos que, lamentablemente, el resultado es un mayor n\u00famero de personas que terminar\u00e1n en el hospital y fallecer\u00e1n tr\u00e1gicamente &#8220;.<\/p>\n\n\n\n<p>Seg\u00fan las cifras m\u00e1s recientes, el 83% de los residentes del condado de 12 a\u00f1os o m\u00e1s han recibido al menos una dosis de vacuna y el 75% est\u00e1n completamente vacunados. De todos los residentes elegibles de 5 a\u00f1os o m\u00e1s, el 77% ha recibido al menos una dosis y el 69% est\u00e1 completamente vacunado.<\/p>\n\n\n\n<p>De las m\u00e1s de 6,15 millones de personas completamente vacunadas en el condado, 84,931 dieron positivo, o alrededor del 1,38%. Un total de 2.798 personas vacunadas han sido hospitalizadas, con una tasa del 0,046%, y han fallecido 537, con una tasa del 0,009%.<\/p>\n","protected":false},"excerpt":{"rendered":"<p>La cantidad de pacientes con coronavirus en los hospitales del condado de Los \u00c1ngeles disminuy\u00f3 levemente el domingo, luego de superar los 700 el s\u00e1bado en medio de signos de un aumento invernal en los casos de COVID. Hay 698 pacientes con COVID en los hospitales del condado, frente a los 707 del s\u00e1bado, seg\u00fan las \u00faltimas cifras estatales. El n\u00famero de pacientes que reciben tratamiento en cuidados intensivos es 179, frente a los 182 del d\u00eda anterior. El condado [&hellip;]<\/p>\n","protected":false},"author":4,"featured_media":0,"comment_status":"open","ping_status":"closed","sticky":false,"template":"","format":"standard","meta":[],"categories":[4],"tags":[],"acf":[],"_links":{"self":[{"href":"http:\/\/www.pasadenahoy.com\/primero\/wp-json\/wp\/v2\/posts\/13078"}],"collection":[{"href":"http:\/\/www.pasadenahoy.com\/primero\/wp-json\/wp\/v2\/posts"}],"about":[{"href":"http:\/\/www.pasadenahoy.com\/primero\/wp-json\/wp\/v2\/types\/post"}],"author":[{"embeddable":true,"href":"http:\/\/www.pasadenahoy.com\/primero\/wp-json\/wp\/v2\/users\/4"}],"replies":[{"embeddable":true,"href":"http:\/\/www.pasadenahoy.com\/primero\/wp-json\/wp\/v2\/comments?post=13078"}],"version-history":[{"count":2,"href":"http:\/\/www.pasadenahoy.com\/primero\/wp-json\/wp\/v2\/posts\/13078\/revisions"}],"predecessor-version":[{"id":13081,"href":"http:\/\/www.pasadenahoy.com\/primero\/wp-json\/wp\/v2\/posts\/13078\/revisions\/13081"}],"wp:attachment":[{"href":"http:\/\/www.pasadenahoy.com\/primero\/wp-json\/wp\/v2\/media?parent=13078"}],"wp:term":[{"taxonomy":"category","embeddable":true,"href":"http:\/\/www.pasadenahoy.com\/primero\/wp-json\/wp\/v2\/categories?post=13078"},{"taxonomy":"post_tag","embeddable":true,"href":"http:\/\/www.pasadenahoy.com\/primero\/wp-json\/wp\/v2\/tags?post=13078"}],"curies":[{"name":"wp","href":"https:\/\/api.w.org\/{rel}","templated":true}]}}