{"id":13082,"date":"2021-12-13T16:04:10","date_gmt":"2021-12-13T16:04:10","guid":{"rendered":"http:\/\/www.pasadenahoy.com\/primero\/?p=13082"},"modified":"2021-12-13T16:04:12","modified_gmt":"2021-12-13T16:04:12","slug":"el-ayuntamiento-considerara-el-plan-de-mitigacion-de-incendios-forestales-de-pwp-para-2022","status":"publish","type":"post","link":"http:\/\/www.pasadenahoy.com\/primero\/el-gobierno-local\/el-ayuntamiento-considerara-el-plan-de-mitigacion-de-incendios-forestales-de-pwp-para-2022\/","title":{"rendered":"El Ayuntamiento considerar\u00e1 el plan de mitigaci\u00f3n de incendios forestales de PWP para 2022"},"content":{"rendered":"\n<figure class=\"wp-block-image alignnone size-large\"><figure class=\"alignnone\"><img loading=\"lazy\" width=\"700\" height=\"378\" src=\"http:\/\/www.pasadenahoy.com\/primero\/wp-content\/uploads\/2021\/12\/pic-10-1.jpg\" alt=\"\" class=\"wp-image-13083\" srcset=\"http:\/\/www.pasadenahoy.com\/primero\/wp-content\/uploads\/2021\/12\/pic-10-1.jpg 700w, http:\/\/www.pasadenahoy.com\/primero\/wp-content\/uploads\/2021\/12\/pic-10-1-300x162.jpg 300w, http:\/\/www.pasadenahoy.com\/primero\/wp-content\/uploads\/2021\/12\/pic-10-1-241x130.jpg 241w, http:\/\/www.pasadenahoy.com\/primero\/wp-content\/uploads\/2021\/12\/pic-10-1-333x180.jpg 333w, http:\/\/www.pasadenahoy.com\/primero\/wp-content\/uploads\/2021\/12\/pic-10-1-360x194.jpg 360w\" sizes=\"100vw\" \/><\/figure><\/figure>\n\n\n\n<p>El lunes, el Ayuntamiento revisar\u00e1 la actualizaci\u00f3n anual propuesta del Plan de mitigaci\u00f3n de incendios forestales de Pasadena Water and Power para 2022.<\/p>\n\n\n\n<p>Seg\u00fan un informe del personal, el plan comprende varios programas, objetivos, pol\u00edticas y una variedad de actividades para mitigar la amenaza y minimizar el riesgo de incendios forestales catastr\u00f3ficos que plantean los cables y equipos el\u00e9ctricos.<\/p>\n\n\n\n<p>El personal de la ciudad est\u00e1 recomendando que el Concejo apruebe el plan, de conformidad con la Comisi\u00f3n de Servicios P\u00fablicos de California, (CPUC) que requiri\u00f3 que los servicios p\u00fablicos de electricidad crearan un Plan de Mitigaci\u00f3n de Incendios Forestales.<\/p>\n\n\n\n<p>El Ayuntamiento adopt\u00f3 por primera vez un Plan de mitigaci\u00f3n de incendios forestales en 2019 de conformidad con la CPUC. El Plan de mitigaci\u00f3n de incendios forestales fue posteriormente actualizado y aprobado por el Ayuntamiento en diciembre de 2020.<\/p>\n\n\n\n<p>El plan propuesto que ser\u00e1 considerado por el consejo es una actualizaci\u00f3n del plan que aprob\u00f3 en diciembre pasado.<\/p>\n\n\n\n<p>La actualizaci\u00f3n del Plan de mitigaci\u00f3n de incendios forestales de PWP debe ser aprobada anualmente por el Concejo Municipal, de acuerdo con el Proyecto de Ley 901 del Senado de California.<\/p>\n\n\n\n<p>Desde la adopci\u00f3n del Plan de mitigaci\u00f3n de incendios forestales de PWP, PWP ha trabajado en varios proyectos e implementado varios programas y pol\u00edticas destinadas a mejorar la resiliencia de la red el\u00e9ctrica de PWP, seg\u00fan el informe.<\/p>\n\n\n\n<p>Entre los proyectos que se completaron se encuentran la instalaci\u00f3n de cables a\u00e9reos cubiertos en el \u00e1rea que rodea a Sequoia Drive, Anita Drive, Malcom Drive, Glenover Drive y Glenullen Drive y la inspecci\u00f3n, reparaci\u00f3n y reemplazo enfocados en la infraestructura a\u00e9rea.<\/p>\n\n\n\n<p>El PWP tambi\u00e9n ha terminado de desenergizar el sistema el\u00e9ctrico a\u00e9reo de voltaje primario en Millard Canyon.<\/p>\n","protected":false},"excerpt":{"rendered":"<p>El lunes, el Ayuntamiento revisar\u00e1 la actualizaci\u00f3n anual propuesta del Plan de mitigaci\u00f3n de incendios forestales de Pasadena Water and Power para 2022. Seg\u00fan un informe del personal, el plan comprende varios programas, objetivos, pol\u00edticas y una variedad de actividades para mitigar la amenaza y minimizar el riesgo de incendios forestales catastr\u00f3ficos que plantean los cables y equipos el\u00e9ctricos. El personal de la ciudad est\u00e1 recomendando que el Concejo apruebe el plan, de conformidad con la Comisi\u00f3n de Servicios P\u00fablicos [&hellip;]<\/p>\n","protected":false},"author":4,"featured_media":0,"comment_status":"open","ping_status":"closed","sticky":false,"template":"","format":"standard","meta":[],"categories":[6],"tags":[],"acf":[],"_links":{"self":[{"href":"http:\/\/www.pasadenahoy.com\/primero\/wp-json\/wp\/v2\/posts\/13082"}],"collection":[{"href":"http:\/\/www.pasadenahoy.com\/primero\/wp-json\/wp\/v2\/posts"}],"about":[{"href":"http:\/\/www.pasadenahoy.com\/primero\/wp-json\/wp\/v2\/types\/post"}],"author":[{"embeddable":true,"href":"http:\/\/www.pasadenahoy.com\/primero\/wp-json\/wp\/v2\/users\/4"}],"replies":[{"embeddable":true,"href":"http:\/\/www.pasadenahoy.com\/primero\/wp-json\/wp\/v2\/comments?post=13082"}],"version-history":[{"count":2,"href":"http:\/\/www.pasadenahoy.com\/primero\/wp-json\/wp\/v2\/posts\/13082\/revisions"}],"predecessor-version":[{"id":13085,"href":"http:\/\/www.pasadenahoy.com\/primero\/wp-json\/wp\/v2\/posts\/13082\/revisions\/13085"}],"wp:attachment":[{"href":"http:\/\/www.pasadenahoy.com\/primero\/wp-json\/wp\/v2\/media?parent=13082"}],"wp:term":[{"taxonomy":"category","embeddable":true,"href":"http:\/\/www.pasadenahoy.com\/primero\/wp-json\/wp\/v2\/categories?post=13082"},{"taxonomy":"post_tag","embeddable":true,"href":"http:\/\/www.pasadenahoy.com\/primero\/wp-json\/wp\/v2\/tags?post=13082"}],"curies":[{"name":"wp","href":"https:\/\/api.w.org\/{rel}","templated":true}]}}