{"id":13091,"date":"2021-12-14T16:00:08","date_gmt":"2021-12-14T16:00:08","guid":{"rendered":"http:\/\/www.pasadenahoy.com\/primero\/?p=13091"},"modified":"2021-12-14T16:00:11","modified_gmt":"2021-12-14T16:00:11","slug":"confirmado-el-primer-caso-de-covid-19-variante-de-omicron-en-un-residente-de-pasadena","status":"publish","type":"post","link":"http:\/\/www.pasadenahoy.com\/primero\/la-comunidad\/confirmado-el-primer-caso-de-covid-19-variante-de-omicron-en-un-residente-de-pasadena\/","title":{"rendered":"Confirmado el primer caso de COVID-19 variante de Omicron en un residente de Pasadena"},"content":{"rendered":"\n<p>El Departamento de Salud P\u00fablica de Pasadena (PPHD) recibi\u00f3 el primer informe confirmado por laboratorio de COVID-19 con mutaciones consistentes con la nueva variante de Omicron en un residente de Pasadena.<\/p>\n\n\n\n<figure class=\"wp-block-image alignnone size-large\"><figure class=\"alignnone\"><img loading=\"lazy\" width=\"700\" height=\"378\" src=\"http:\/\/www.pasadenahoy.com\/primero\/wp-content\/uploads\/2021\/12\/pic-1-6.jpg\" alt=\"\" class=\"wp-image-13093\" srcset=\"http:\/\/www.pasadenahoy.com\/primero\/wp-content\/uploads\/2021\/12\/pic-1-6.jpg 700w, http:\/\/www.pasadenahoy.com\/primero\/wp-content\/uploads\/2021\/12\/pic-1-6-300x162.jpg 300w, http:\/\/www.pasadenahoy.com\/primero\/wp-content\/uploads\/2021\/12\/pic-1-6-241x130.jpg 241w, http:\/\/www.pasadenahoy.com\/primero\/wp-content\/uploads\/2021\/12\/pic-1-6-333x180.jpg 333w, http:\/\/www.pasadenahoy.com\/primero\/wp-content\/uploads\/2021\/12\/pic-1-6-360x194.jpg 360w\" sizes=\"100vw\" \/><\/figure><\/figure>\n\n\n\n<p>La ciudad dijo que la variante Omicron fue identificada en una muestra de laboratorio de este residente a trav\u00e9s de pruebas de secuencia gen\u00f3mica. La persona no viaj\u00f3 recientemente al extranjero y se cree que adquiri\u00f3 la infecci\u00f3n localmente a principios de diciembre. La persona estaba completamente vacunada y recibi\u00f3 una dosis de refuerzo, se recuper\u00f3 de una enfermedad leve que no requiri\u00f3 hospitalizaci\u00f3n y tuvo contactos cercanos que se aislaron por s\u00ed mismos.<\/p>\n\n\n\n<p>La variante Omicron del virus SARS-CoV-2 se identific\u00f3 por primera vez en \u00c1frica y la Organizaci\u00f3n Mundial de la Salud la ha designado como una variante preocupante. Hasta el 8 de diciembre, se hab\u00edan reportado 13 casos de la variante Omicron en el estado de California.<\/p>\n\n\n\n<p>\u201cAhora es el momento de que cualquier persona que a\u00fan no est\u00e9 vacunada se vacune por completo y de que todas las personas de 16 a\u00f1os en adelante reciban una dosis de refuerzo. Vacunarse, incluido un refuerzo, sigue siendo su mejor defensa contra las variantes de COVID-19 &#8220;. dijo el Dr. Ying-Ying Goh, oficial de salud y director del Departamento de Salud P\u00fablica de Pasadena.<\/p>\n\n\n\n<p>Se ha demostrado que las vacunas COVID-19 son altamente efectivas para prevenir la hospitalizaci\u00f3n o la muerte por COVID-19, y las personas que est\u00e1n completamente vacunadas y recibieron dosis de refuerzo tienen muchas menos probabilidades de infectarse y transmitir el virus a otra persona. Cuanto m\u00e1s espere para vacunarse, mayor ser\u00e1 el riesgo de contraer COVID-19 e infectar a un amigo, ser querido o compa\u00f1ero de trabajo.<\/p>\n\n\n\n<p>Las vacunas COVID-19 est\u00e1n disponibles a trav\u00e9s del Departamento de Salud P\u00fablica de Pasadena sin costo alguno. Las personas de 5 a\u00f1os o m\u00e1s son elegibles para recibir la vacuna. Para obtener m\u00e1s informaci\u00f3n y registrarse para una cita, visite <a href=\"https:\/\/gcc02.safelinks.protection.outlook.com\/?url=http%3A%2F%2Fmyturn.ca.gov%2F&amp;data=04%7C01%7Clderderian%40cityofpasadena.net%7Cd5bb98dc3c9044393a0d08d9bea231aa%7C82d9fc002c664402a28fc6bcdc32e491%7C1%7C0%7C637750426099054763%7CUnknown%7CTWFpbGZsb3d8eyJWIjoiMC4wLjAwMDAiLCJQIjoiV2luMzIiLCJBTiI6Ik1haWwiLCJXVCI6Mn0%3D%7C3000&amp;sdata=WfbZEGrjHhIVx0AmeN%2BCxoUr7he4zk4keqYMxc0vaik%3D&amp;reserved=0\">MyTurn.ca.gov.<\/a><\/p>\n","protected":false},"excerpt":{"rendered":"<p>El Departamento de Salud P\u00fablica de Pasadena (PPHD) recibi\u00f3 el primer informe confirmado por laboratorio de COVID-19 con mutaciones consistentes con la nueva variante de Omicron en un residente de Pasadena. La ciudad dijo que la variante Omicron fue identificada en una muestra de laboratorio de este residente a trav\u00e9s de pruebas de secuencia gen\u00f3mica. La persona no viaj\u00f3 recientemente al extranjero y se cree que adquiri\u00f3 la infecci\u00f3n localmente a principios de diciembre. La persona estaba completamente vacunada y [&hellip;]<\/p>\n","protected":false},"author":4,"featured_media":13093,"comment_status":"open","ping_status":"closed","sticky":false,"template":"","format":"standard","meta":[],"categories":[4],"tags":[],"acf":[],"_links":{"self":[{"href":"http:\/\/www.pasadenahoy.com\/primero\/wp-json\/wp\/v2\/posts\/13091"}],"collection":[{"href":"http:\/\/www.pasadenahoy.com\/primero\/wp-json\/wp\/v2\/posts"}],"about":[{"href":"http:\/\/www.pasadenahoy.com\/primero\/wp-json\/wp\/v2\/types\/post"}],"author":[{"embeddable":true,"href":"http:\/\/www.pasadenahoy.com\/primero\/wp-json\/wp\/v2\/users\/4"}],"replies":[{"embeddable":true,"href":"http:\/\/www.pasadenahoy.com\/primero\/wp-json\/wp\/v2\/comments?post=13091"}],"version-history":[{"count":2,"href":"http:\/\/www.pasadenahoy.com\/primero\/wp-json\/wp\/v2\/posts\/13091\/revisions"}],"predecessor-version":[{"id":13095,"href":"http:\/\/www.pasadenahoy.com\/primero\/wp-json\/wp\/v2\/posts\/13091\/revisions\/13095"}],"wp:featuredmedia":[{"embeddable":true,"href":"http:\/\/www.pasadenahoy.com\/primero\/wp-json\/wp\/v2\/media\/13093"}],"wp:attachment":[{"href":"http:\/\/www.pasadenahoy.com\/primero\/wp-json\/wp\/v2\/media?parent=13091"}],"wp:term":[{"taxonomy":"category","embeddable":true,"href":"http:\/\/www.pasadenahoy.com\/primero\/wp-json\/wp\/v2\/categories?post=13091"},{"taxonomy":"post_tag","embeddable":true,"href":"http:\/\/www.pasadenahoy.com\/primero\/wp-json\/wp\/v2\/tags?post=13091"}],"curies":[{"name":"wp","href":"https:\/\/api.w.org\/{rel}","templated":true}]}}