{"id":13102,"date":"2021-12-14T17:25:54","date_gmt":"2021-12-14T17:25:54","guid":{"rendered":"http:\/\/www.pasadenahoy.com\/primero\/?p=13102"},"modified":"2021-12-14T17:25:56","modified_gmt":"2021-12-14T17:25:56","slug":"la-policia-anuncia-multiples-arrestos-por-el-asesinato-de-jamal-patterson","status":"publish","type":"post","link":"http:\/\/www.pasadenahoy.com\/primero\/la-comunidad\/la-policia-anuncia-multiples-arrestos-por-el-asesinato-de-jamal-patterson\/","title":{"rendered":"La polic\u00eda anuncia m\u00faltiples arrestos por el asesinato de Jamal Patterson"},"content":{"rendered":"\n<figure class=\"wp-block-image alignnone size-large\"><figure class=\"alignnone\"><img loading=\"lazy\" width=\"700\" height=\"378\" src=\"http:\/\/www.pasadenahoy.com\/primero\/wp-content\/uploads\/2021\/12\/pic-3-7.jpg\" alt=\"\" class=\"wp-image-13103\" srcset=\"http:\/\/www.pasadenahoy.com\/primero\/wp-content\/uploads\/2021\/12\/pic-3-7.jpg 700w, http:\/\/www.pasadenahoy.com\/primero\/wp-content\/uploads\/2021\/12\/pic-3-7-300x162.jpg 300w, http:\/\/www.pasadenahoy.com\/primero\/wp-content\/uploads\/2021\/12\/pic-3-7-241x130.jpg 241w, http:\/\/www.pasadenahoy.com\/primero\/wp-content\/uploads\/2021\/12\/pic-3-7-333x180.jpg 333w, http:\/\/www.pasadenahoy.com\/primero\/wp-content\/uploads\/2021\/12\/pic-3-7-360x194.jpg 360w\" sizes=\"100vw\" \/><\/figure><\/figure>\n\n\n\n<p>El Departamento de Polic\u00eda de Pasadena anunci\u00f3 el arresto de tres personas en relaci\u00f3n con el asesinato el 25 de octubre de Pasadenan Jamal Patterson, de 24 a\u00f1os.<\/p>\n\n\n\n<p>Patterson recibi\u00f3 un disparo fatal justo antes de las 10 p.m. en la cuadra 1000 de Summit Avenue. Otra persona tambi\u00e9n recibi\u00f3 un disparo durante el incidente.<\/p>\n\n\n\n<p>El lunes, la polic\u00eda anunci\u00f3 el arresto de Cecilio Hern\u00e1ndez, de 24 a\u00f1os, de Pasadena, y de \u00c1ngel Mart\u00ednez de Phelan, de 40 a\u00f1os. Un joven no identificado de 16 a\u00f1os de Pasadena tambi\u00e9n fue arrestado en relaci\u00f3n con el tiroteo.<\/p>\n\n\n\n<p>Adem\u00e1s, durante la ejecuci\u00f3n de la orden de registro se recuperaron tres rifles, cinco pistolas, chalecos antibalas, municiones y otros elementos de valor probatorio.<\/p>\n\n\n\n<p>Hern\u00e1ndez ha sido acusado de un delito grave de homicidio, un delito grave de intento de homicidio) y un delito grave de un delincuente en posesi\u00f3n de un arma de fuego con una fianza fijada en $ 5.1 millones.<\/p>\n\n\n\n<p>Mart\u00ednez ha sido acusado de seis cargos relacionados con un delincuente en posesi\u00f3n de un arma de fuego y posesi\u00f3n ilegal de municiones. La fianza se ha fijado en 1,1 millones de d\u00f3lares.<\/p>\n\n\n\n<p>El menor no identificado ha sido acusado de un delito grave de homicidio y un delito grave de intento de homicidio del menor sospechoso. Est\u00e1 detenido sin derecho a fianza.<\/p>\n\n\n\n<p>El tiroteo ocurri\u00f3 durante un aumento de la violencia armada local en el noroeste de Pasadena durante los \u00faltimos dos meses.<\/p>\n\n\n\n<p>Mientras la polic\u00eda investigaba una llamada de disparos, recibieron noticias de un hospital local de que dos hombres hab\u00edan llegado al hospital con heridas de bala en estado cr\u00edtico.<\/p>\n\n\n\n<p>Los detectives de la Unidad de Robos \/ Homicidios del Departamento de Polic\u00eda de Pasadena respondieron e inmediatamente comenzaron su investigaci\u00f3n sobre el incidente del tiroteo. La investigaci\u00f3n condujo a la identificaci\u00f3n de varios sospechosos relacionados con una pandilla callejera delictiva local.<\/p>\n\n\n\n<p>El 7 de diciembre, la Unidad de Robos \/ Homicidios del Departamento de Polic\u00eda de Pasadena ejecut\u00f3 una orden de registro en m\u00faltiples residencias en los condados de Los \u00c1ngeles y San Bernardino como resultado de su investigaci\u00f3n. Los equipos de aplicaci\u00f3n de la ley de varias agencias de aplicaci\u00f3n de la ley ayudaron con la operaci\u00f3n t\u00e1ctica.<\/p>\n\n\n\n<p>Cualquier persona con informaci\u00f3n sobre este caso puede llamar a la Polic\u00eda de Pasadena al (626) &#8211; 744-4241 o puede reportar informaci\u00f3n de forma an\u00f3nima llamando a &#8220;Crime Stoppers&#8221; marcando (800) 222-TIPS (8477), use su tel\u00e9fono inteligente descargando el Aplicaci\u00f3n m\u00f3vil \u201cP3 Tips\u201d en Google Play o Apple App Store o mediante el sitio web<a href=\" http:\/\/lacrimestoppers.org.\"> http:\/\/lacrimestoppers.org.<\/a><\/p>\n","protected":false},"excerpt":{"rendered":"<p>El Departamento de Polic\u00eda de Pasadena anunci\u00f3 el arresto de tres personas en relaci\u00f3n con el asesinato el 25 de octubre de Pasadenan Jamal Patterson, de 24 a\u00f1os. Patterson recibi\u00f3 un disparo fatal justo antes de las 10 p.m. en la cuadra 1000 de Summit Avenue. Otra persona tambi\u00e9n recibi\u00f3 un disparo durante el incidente. El lunes, la polic\u00eda anunci\u00f3 el arresto de Cecilio Hern\u00e1ndez, de 24 a\u00f1os, de Pasadena, y de \u00c1ngel Mart\u00ednez de Phelan, de 40 a\u00f1os. Un [&hellip;]<\/p>\n","protected":false},"author":4,"featured_media":13103,"comment_status":"open","ping_status":"closed","sticky":false,"template":"","format":"standard","meta":[],"categories":[4],"tags":[],"acf":[],"_links":{"self":[{"href":"http:\/\/www.pasadenahoy.com\/primero\/wp-json\/wp\/v2\/posts\/13102"}],"collection":[{"href":"http:\/\/www.pasadenahoy.com\/primero\/wp-json\/wp\/v2\/posts"}],"about":[{"href":"http:\/\/www.pasadenahoy.com\/primero\/wp-json\/wp\/v2\/types\/post"}],"author":[{"embeddable":true,"href":"http:\/\/www.pasadenahoy.com\/primero\/wp-json\/wp\/v2\/users\/4"}],"replies":[{"embeddable":true,"href":"http:\/\/www.pasadenahoy.com\/primero\/wp-json\/wp\/v2\/comments?post=13102"}],"version-history":[{"count":2,"href":"http:\/\/www.pasadenahoy.com\/primero\/wp-json\/wp\/v2\/posts\/13102\/revisions"}],"predecessor-version":[{"id":13105,"href":"http:\/\/www.pasadenahoy.com\/primero\/wp-json\/wp\/v2\/posts\/13102\/revisions\/13105"}],"wp:featuredmedia":[{"embeddable":true,"href":"http:\/\/www.pasadenahoy.com\/primero\/wp-json\/wp\/v2\/media\/13103"}],"wp:attachment":[{"href":"http:\/\/www.pasadenahoy.com\/primero\/wp-json\/wp\/v2\/media?parent=13102"}],"wp:term":[{"taxonomy":"category","embeddable":true,"href":"http:\/\/www.pasadenahoy.com\/primero\/wp-json\/wp\/v2\/categories?post=13102"},{"taxonomy":"post_tag","embeddable":true,"href":"http:\/\/www.pasadenahoy.com\/primero\/wp-json\/wp\/v2\/tags?post=13102"}],"curies":[{"name":"wp","href":"https:\/\/api.w.org\/{rel}","templated":true}]}}