{"id":13110,"date":"2021-12-14T17:35:22","date_gmt":"2021-12-14T17:35:22","guid":{"rendered":"http:\/\/www.pasadenahoy.com\/primero\/?p=13110"},"modified":"2021-12-14T17:35:36","modified_gmt":"2021-12-14T17:35:36","slug":"con-el-aumento-de-covid-el-estado-exige-el-uso-de-mascaras-en-interiores-durante-la-temporada-navidena","status":"publish","type":"post","link":"http:\/\/www.pasadenahoy.com\/primero\/la-comunidad\/con-el-aumento-de-covid-el-estado-exige-el-uso-de-mascaras-en-interiores-durante-la-temporada-navidena\/","title":{"rendered":"Con el aumento de COVID, el estado exige el uso de m\u00e1scaras en interiores durante la temporada navide\u00f1a"},"content":{"rendered":"\n<figure class=\"wp-block-image alignnone size-large\"><figure class=\"alignnone\"><img loading=\"lazy\" width=\"700\" height=\"378\" src=\"http:\/\/www.pasadenahoy.com\/primero\/wp-content\/uploads\/2021\/12\/pic-5-6.jpg\" alt=\"\" class=\"wp-image-13111\" srcset=\"http:\/\/www.pasadenahoy.com\/primero\/wp-content\/uploads\/2021\/12\/pic-5-6.jpg 700w, http:\/\/www.pasadenahoy.com\/primero\/wp-content\/uploads\/2021\/12\/pic-5-6-300x162.jpg 300w, http:\/\/www.pasadenahoy.com\/primero\/wp-content\/uploads\/2021\/12\/pic-5-6-241x130.jpg 241w, http:\/\/www.pasadenahoy.com\/primero\/wp-content\/uploads\/2021\/12\/pic-5-6-333x180.jpg 333w, http:\/\/www.pasadenahoy.com\/primero\/wp-content\/uploads\/2021\/12\/pic-5-6-360x194.jpg 360w\" sizes=\"100vw\" \/><\/figure><\/figure>\n\n\n\n<p>Citando un fuerte aumento en las tasas de infecci\u00f3n por COVID-19 desde el D\u00eda de Acci\u00f3n de Gracias, el estado anunci\u00f3 el lunes que a partir del mi\u00e9rcoles, el uso de mascarillas ser\u00e1 obligatorio en todos los entornos p\u00fablicos interiores en California, independientemente del estado de vacunaci\u00f3n. La orden no afectar\u00e1 a Pasadena, donde los funcionarios ordenaron tener durante mucho tiempo el uso de m\u00e1scaras en instalaciones p\u00fablicas interiores.<\/p>\n\n\n\n<p>El mandato de la m\u00e1scara, que refleja un requisito que ya est\u00e1 en vigor en el condado de Los \u00c1ngeles y en otros condados seleccionados en todo el estado, permanecer\u00e1 vigente hasta el 15 de enero.<\/p>\n\n\n\n<p>El estado tambi\u00e9n endurecer\u00e1 la restricci\u00f3n para las personas no vacunadas que asistan a &#8220;megaeventos&#8221; en interiores de 1,000 personas o m\u00e1s, requiriendo que reciban una prueba COVID negativa dentro de un d\u00eda del evento si es una prueba r\u00e1pida de ant\u00edgenos o dentro de dos d\u00edas para una Prueba de PCR. Las reglas actuales requieren una prueba dentro de las 72 horas posteriores al evento.<\/p>\n\n\n\n<p>Los funcionarios estatales tambi\u00e9n recomendar\u00e1n, pero no exigir\u00e1n, que las personas que viajen a California o regresen al estado despu\u00e9s de viajar se realicen la prueba de COVID en un plazo de tres a cinco d\u00edas.<\/p>\n\n\n\n<p>El Dr. Mark Ghaly, secretario de Salud y Servicios Humanos de California, dijo que el cambio en la regla se debe a lo que llam\u00f3 un aumento del 47% en las tasas de casos de COVID-19 en todo el estado desde el D\u00eda de Acci\u00f3n de Gracias. Dijo que durante ese tiempo, la tasa estatal de nuevos casos diarios pas\u00f3 de 9,6 por cada 100.000 habitantes a m\u00e1s de 14 por cada 100.000.<\/p>\n\n\n\n<p>Ghaly dijo que los funcionarios estatales tambi\u00e9n actuaron con la esperanza de evitar el aumento dram\u00e1tico en los casos experimentados en todo el estado el a\u00f1o pasado durante los meses de vacaciones de invierno.<\/p>\n\n\n\n<p>\u201cAl observar la evidencia de que las m\u00e1scaras marcan la diferencia, incluso un aumento del 10% en las m\u00e1scaras en interiores puede reducir la transmisi\u00f3n de casos de manera significativa\u201d, dijo.<\/p>\n\n\n\n<p>Seg\u00fan las pautas estatales actuales, que siguen muchos condados, incluidos Riverside, Orange y San Diego, las m\u00e1scaras solo se requieren en interiores en instalaciones de transporte p\u00fablico como aeropuertos, entornos de atenci\u00f3n m\u00e9dica, instalaciones de atenci\u00f3n para adultos y personas mayores, escuelas, instalaciones correccionales, refugios para personas sin hogar, emergencia. refugios y centros de enfriamiento.<\/p>\n\n\n\n<p>El estado ya exige t\u00e9cnicamente el uso de mascarillas para las personas no vacunadas en instalaciones p\u00fablicas interiores, pero la nueva regla afectar\u00e1 a todos independientemente del estado de la vacuna.<\/p>\n\n\n\n<p>El condado de Los \u00c1ngeles ya ha establecido un mandato de uso de m\u00e1scaras en las instalaciones p\u00fablicas interiores. Ghaly dijo que aproximadamente la mitad de la poblaci\u00f3n de California vive en condados que ya tienen un requisito de uso de mascarillas en interiores.<\/p>\n\n\n\n<p>Entre los espacios p\u00fablicos interiores afectados se encuentran tiendas minoristas, restaurantes, teatros, centros de entretenimiento familiar y oficinas gubernamentales que atienden al p\u00fablico.<\/p>\n","protected":false},"excerpt":{"rendered":"<p>Citando un fuerte aumento en las tasas de infecci\u00f3n por COVID-19 desde el D\u00eda de Acci\u00f3n de Gracias, el estado anunci\u00f3 el lunes que a partir del mi\u00e9rcoles, el uso de mascarillas ser\u00e1 obligatorio en todos los entornos p\u00fablicos interiores en California, independientemente del estado de vacunaci\u00f3n. La orden no afectar\u00e1 a Pasadena, donde los funcionarios ordenaron tener durante mucho tiempo el uso de m\u00e1scaras en instalaciones p\u00fablicas interiores. El mandato de la m\u00e1scara, que refleja un requisito que ya [&hellip;]<\/p>\n","protected":false},"author":4,"featured_media":0,"comment_status":"open","ping_status":"closed","sticky":false,"template":"","format":"standard","meta":[],"categories":[4],"tags":[],"acf":[],"_links":{"self":[{"href":"http:\/\/www.pasadenahoy.com\/primero\/wp-json\/wp\/v2\/posts\/13110"}],"collection":[{"href":"http:\/\/www.pasadenahoy.com\/primero\/wp-json\/wp\/v2\/posts"}],"about":[{"href":"http:\/\/www.pasadenahoy.com\/primero\/wp-json\/wp\/v2\/types\/post"}],"author":[{"embeddable":true,"href":"http:\/\/www.pasadenahoy.com\/primero\/wp-json\/wp\/v2\/users\/4"}],"replies":[{"embeddable":true,"href":"http:\/\/www.pasadenahoy.com\/primero\/wp-json\/wp\/v2\/comments?post=13110"}],"version-history":[{"count":2,"href":"http:\/\/www.pasadenahoy.com\/primero\/wp-json\/wp\/v2\/posts\/13110\/revisions"}],"predecessor-version":[{"id":13113,"href":"http:\/\/www.pasadenahoy.com\/primero\/wp-json\/wp\/v2\/posts\/13110\/revisions\/13113"}],"wp:attachment":[{"href":"http:\/\/www.pasadenahoy.com\/primero\/wp-json\/wp\/v2\/media?parent=13110"}],"wp:term":[{"taxonomy":"category","embeddable":true,"href":"http:\/\/www.pasadenahoy.com\/primero\/wp-json\/wp\/v2\/categories?post=13110"},{"taxonomy":"post_tag","embeddable":true,"href":"http:\/\/www.pasadenahoy.com\/primero\/wp-json\/wp\/v2\/tags?post=13110"}],"curies":[{"name":"wp","href":"https:\/\/api.w.org\/{rel}","templated":true}]}}