{"id":13131,"date":"2021-12-15T15:41:49","date_gmt":"2021-12-15T15:41:49","guid":{"rendered":"http:\/\/www.pasadenahoy.com\/primero\/?p=13131"},"modified":"2021-12-15T15:41:51","modified_gmt":"2021-12-15T15:41:51","slug":"la-comision-de-diseno-aborda-los-detalles-del-proyecto-de-vivienda-inspirado-en-las-bellas-artes-propuesto-frente-al-ayuntamiento","status":"publish","type":"post","link":"http:\/\/www.pasadenahoy.com\/primero\/la-comunidad\/la-comision-de-diseno-aborda-los-detalles-del-proyecto-de-vivienda-inspirado-en-las-bellas-artes-propuesto-frente-al-ayuntamiento\/","title":{"rendered":"La Comisi\u00f3n de Dise\u00f1o aborda los detalles del proyecto de vivienda inspirado en las bellas artes propuesto frente al ayuntamiento"},"content":{"rendered":"\n<figure class=\"wp-block-image alignnone size-large\"><figure class=\"alignnone\"><img loading=\"lazy\" width=\"700\" height=\"378\" src=\"http:\/\/www.pasadenahoy.com\/primero\/wp-content\/uploads\/2021\/12\/pic-3-1.png\" alt=\"\" class=\"wp-image-13132\" srcset=\"http:\/\/www.pasadenahoy.com\/primero\/wp-content\/uploads\/2021\/12\/pic-3-1.png 700w, http:\/\/www.pasadenahoy.com\/primero\/wp-content\/uploads\/2021\/12\/pic-3-1-300x162.png 300w, http:\/\/www.pasadenahoy.com\/primero\/wp-content\/uploads\/2021\/12\/pic-3-1-241x130.png 241w, http:\/\/www.pasadenahoy.com\/primero\/wp-content\/uploads\/2021\/12\/pic-3-1-333x180.png 333w, http:\/\/www.pasadenahoy.com\/primero\/wp-content\/uploads\/2021\/12\/pic-3-1-360x194.png 360w\" sizes=\"100vw\" \/><\/figure><\/figure>\n\n\n\n<p>El martes, la Comisi\u00f3n de Dise\u00f1o discuti\u00f3 el concepto de dise\u00f1o para un proyecto de vivienda asequible de 5 pisos que se propone construir frente al Ayuntamiento de Pasadena.<\/p>\n\n\n\n<p>La consulta preliminar, que es el primer paso en el proceso de revisi\u00f3n del dise\u00f1o, se lleva a cabo para brindar a National Community Renaissance la oportunidad de recibir comentarios iniciales sobre el dise\u00f1o del proyecto.<\/p>\n\n\n\n<p>El proyecto de vivienda de 112 unidades est\u00e1 planificado para 280 Ramona Street, adyacente al antiguo edificio de la YMCA que se encuentra dentro del Centro C\u00edvico de Pasadena.<\/p>\n\n\n\n<p>Actualmente, el sitio consiste en un lote de tierra sin desarrollar en el extremo oeste que a menudo se usa para estacionamiento temporal y montaje durante las actividades de filmaci\u00f3n, con un almacenamiento amurallado al aire libre y un recinto de basura en el centro y paisajismo en los extremos este y sur.<\/p>\n\n\n\n<p>El nuevo proyecto de vivienda est\u00e1 destinado a encajar con los edificios del Centro C\u00edvico circundante y el Plan del Centro C\u00edvico de 1925 dise\u00f1ado por Bennett, Parsons y Frost, com\u00fanmente llamado Plan Bennett.<\/p>\n\n\n\n<p>Seg\u00fan lo descrito por el solicitante, el edificio, de car\u00e1cter similar al edificio existente de la YMCA, refleja el &#8220;estilo Beaux-Arts&#8221; tanto en la planificaci\u00f3n como en el nivel de detalle.<\/p>\n\n\n\n<p>El proyecto comprende la construcci\u00f3n de servicios en el lugar, oficinas de apoyo y un estacionamiento subterr\u00e1neo de un nivel con 44 puestos.<\/p>\n\n\n\n<p>\u201cLos residentes previstos son personas sin hogar o en riesgo de quedarse sin hogar, personas mayores\u201d, dijo Dale Brown, quien represent\u00f3 al solicitante, a la comisi\u00f3n cuando se le pregunt\u00f3 qui\u00e9n se beneficiar\u00eda del proyecto.<\/p>\n\n\n\n<p>Durante la reuni\u00f3n, la comisionada Julianna Delgado expres\u00f3 su preocupaci\u00f3n sobre el estacionamiento limitado propuesto para los cientos de residentes que se prev\u00e9 residir\u00e1n en el edificio.<\/p>\n\n\n\n<p>En respuesta a esto, Brown dijo que la proporci\u00f3n de estacionamiento es &#8220;m\u00e1s que buena&#8221; considerando que los residentes objetivo son de bajos ingresos.<\/p>\n\n\n\n<p>\u201cEn t\u00e9rminos pr\u00e1cticos, si las personas tienen autom\u00f3viles, deben ponerlos en alg\u00fan lugar, por lo que si los residentes tienen autom\u00f3viles, tendr\u00e1n que pagar el estacionamiento en un garaje o en otro lugar\u201d, dijo Delgado.<\/p>\n\n\n\n<p>&#8220;Todav\u00eda estamos en California y las personas de bajos ingresos tambi\u00e9n tienen autom\u00f3viles&#8221;, se\u00f1al\u00f3 Delgado.<\/p>\n\n\n\n<p>El planificador senior de la ciudad Kevin Johnson tambi\u00e9n respondi\u00f3, diciendo que no se requiere estacionamiento para proyectos de viviendas asequibles seg\u00fan la ley estatal.<\/p>\n\n\n\n<p>Durante la reuni\u00f3n, la comisionada Yolanda Sep\u00falveda tambi\u00e9n coment\u00f3 que el solicitante debe asegurarse de que el edificio sea compatible con las estructuras vecinas pero diferenciado de los edificios hist\u00f3ricos del Centro C\u00edvico.<\/p>\n\n\n\n<p>Sep\u00falveda se hizo eco de la recomendaci\u00f3n del personal de que el solicitante deber\u00eda evitar una apariencia monol\u00edtica del nuevo edificio para que pareciera m\u00e1s residencial.<\/p>\n\n\n\n<p>El comisionado tambi\u00e9n se hizo eco de la recomendaci\u00f3n del personal de que se deber\u00eda favorecer el uso de materiales exteriores duraderos y de alta calidad en todo el edificio sobre el uso de detalles y ornamentaci\u00f3n personalizados que intentan imitar los detalles de los edificios hist\u00f3ricos en el contexto circundante.<\/p>\n\n\n\n<p>En la misma reuni\u00f3n, la directora ejecutiva de Pasadena Heritage, Susan Mossman, y el director de preservaci\u00f3n, Andrew Salimian, tambi\u00e9n expresaron sus opiniones sobre el proyecto.<\/p>\n\n\n\n<p>&#8220;Creemos que cualquier edificio nuevo agregado al Centro C\u00edvico debe ser de alta calidad y debe complementar la arquitectura hist\u00f3rica existente en el Distrito&#8221;.<\/p>\n\n\n\n<p>&#8220;En \u00faltima instancia, sentimos que un dise\u00f1o inspirado en las Bellas Artes es la soluci\u00f3n m\u00e1s adecuada, en la que los detalles cuidadosos y la elecci\u00f3n de materiales se convierten en elementos cr\u00edticos del dise\u00f1o&#8221;.<\/p>\n\n\n\n<p>Mientras tanto, Anthony Manousos, cofundador de Making Housing and Community Happen expres\u00f3 su apoyo al proyecto.<\/p>\n\n\n\n<p>&#8220;No puedo esperar a ver la finalizaci\u00f3n de este edificio, que sin duda ganar\u00e1 la atenci\u00f3n de todo el estado y posiblemente nacional&#8221;.<\/p>\n\n\n\n<p>&#8220;Este proyecto establecer\u00e1 un nuevo est\u00e1ndar para viviendas asequibles y, con suerte, inspirar\u00e1 a otras ciudades a seguir el ejemplo de Pasadena&#8221;.<\/p>\n","protected":false},"excerpt":{"rendered":"<p>El martes, la Comisi\u00f3n de Dise\u00f1o discuti\u00f3 el concepto de dise\u00f1o para un proyecto de vivienda asequible de 5 pisos que se propone construir frente al Ayuntamiento de Pasadena. La consulta preliminar, que es el primer paso en el proceso de revisi\u00f3n del dise\u00f1o, se lleva a cabo para brindar a National Community Renaissance la oportunidad de recibir comentarios iniciales sobre el dise\u00f1o del proyecto. El proyecto de vivienda de 112 unidades est\u00e1 planificado para 280 Ramona Street, adyacente al [&hellip;]<\/p>\n","protected":false},"author":4,"featured_media":13132,"comment_status":"open","ping_status":"closed","sticky":false,"template":"","format":"standard","meta":[],"categories":[4],"tags":[],"acf":[],"_links":{"self":[{"href":"http:\/\/www.pasadenahoy.com\/primero\/wp-json\/wp\/v2\/posts\/13131"}],"collection":[{"href":"http:\/\/www.pasadenahoy.com\/primero\/wp-json\/wp\/v2\/posts"}],"about":[{"href":"http:\/\/www.pasadenahoy.com\/primero\/wp-json\/wp\/v2\/types\/post"}],"author":[{"embeddable":true,"href":"http:\/\/www.pasadenahoy.com\/primero\/wp-json\/wp\/v2\/users\/4"}],"replies":[{"embeddable":true,"href":"http:\/\/www.pasadenahoy.com\/primero\/wp-json\/wp\/v2\/comments?post=13131"}],"version-history":[{"count":2,"href":"http:\/\/www.pasadenahoy.com\/primero\/wp-json\/wp\/v2\/posts\/13131\/revisions"}],"predecessor-version":[{"id":13134,"href":"http:\/\/www.pasadenahoy.com\/primero\/wp-json\/wp\/v2\/posts\/13131\/revisions\/13134"}],"wp:featuredmedia":[{"embeddable":true,"href":"http:\/\/www.pasadenahoy.com\/primero\/wp-json\/wp\/v2\/media\/13132"}],"wp:attachment":[{"href":"http:\/\/www.pasadenahoy.com\/primero\/wp-json\/wp\/v2\/media?parent=13131"}],"wp:term":[{"taxonomy":"category","embeddable":true,"href":"http:\/\/www.pasadenahoy.com\/primero\/wp-json\/wp\/v2\/categories?post=13131"},{"taxonomy":"post_tag","embeddable":true,"href":"http:\/\/www.pasadenahoy.com\/primero\/wp-json\/wp\/v2\/tags?post=13131"}],"curies":[{"name":"wp","href":"https:\/\/api.w.org\/{rel}","templated":true}]}}