{"id":13135,"date":"2021-12-15T15:48:14","date_gmt":"2021-12-15T15:48:14","guid":{"rendered":"http:\/\/www.pasadenahoy.com\/primero\/?p=13135"},"modified":"2021-12-15T15:48:16","modified_gmt":"2021-12-15T15:48:16","slug":"politico-gumbo-preocupaciones-principales","status":"publish","type":"post","link":"http:\/\/www.pasadenahoy.com\/primero\/la-comunidad\/politico-gumbo-preocupaciones-principales\/","title":{"rendered":"Pol\u00edtico Gumbo: preocupaciones principales"},"content":{"rendered":"\n<p>Salvo una emergencia, anoche fue la \u00faltima reuni\u00f3n del a\u00f1o programada para el Concejo Municipal.<\/p>\n\n\n\n<div class=\"wp-block-image alignright\"><figure class=\"alignright size-large\"><img loading=\"lazy\" width=\"360\" height=\"194\" src=\"http:\/\/www.pasadenahoy.com\/primero\/wp-content\/uploads\/2021\/12\/pic-4-7.jpg\" alt=\"\" class=\"wp-image-13136\" srcset=\"http:\/\/www.pasadenahoy.com\/primero\/wp-content\/uploads\/2021\/12\/pic-4-7.jpg 360w, http:\/\/www.pasadenahoy.com\/primero\/wp-content\/uploads\/2021\/12\/pic-4-7-300x162.jpg 300w, http:\/\/www.pasadenahoy.com\/primero\/wp-content\/uploads\/2021\/12\/pic-4-7-241x130.jpg 241w, http:\/\/www.pasadenahoy.com\/primero\/wp-content\/uploads\/2021\/12\/pic-4-7-334x180.jpg 334w\" sizes=\"100vw\" \/><\/figure><\/div>\n\n\n\n<p>Parec\u00eda que la mayor\u00eda de las llamadas estaban relacionadas con la propiedad y la vivienda de la iglesia. El alcalde y el administrador de la ciudad ya han dicho que el problema debe surgir pronto, por lo que no estoy seguro de por qu\u00e9 las personas que llaman siguen mencion\u00e1ndolo.<\/p>\n\n\n\n<p>Cr\u00e9ame, nadie se ha olvidado.<\/p>\n\n\n\n<p>Respeto a la administradora interina de la ciudad, Cynthia Kurtz, por comprometerse a contratar \u00fanicamente a jefes de departamento interinos durante su tiempo al frente de la mesa.<\/p>\n\n\n\n<p>Estoy de acuerdo en que el CM permanente deber\u00eda hacer las contrataciones permanentes, especialmente el jefe de polic\u00eda.<\/p>\n\n\n\n<p>Sin lugar a dudas, el mejor polic\u00eda es la contrataci\u00f3n m\u00e1s importante que puede realizar un administrador de la ciudad.<\/p>\n\n\n\n<p>Aunque no trabajo debajo de la c\u00fapula, ofrecer\u00e9 mi perspectiva aprendida.<\/p>\n\n\n\n<p>A mi modo de ver, la elecci\u00f3n de Kurtz fue un acierto por parte del ayuntamiento, ya que la ciudad estaba perdiendo una gran cantidad de conocimiento institucional debido a jubilaciones y renuncias bajo la c\u00fapula.<\/p>\n\n\n\n<p>Lo mismo podr\u00eda aplicarse al departamento de polic\u00eda, que no solo est\u00e1 perdiendo al jefe John P\u00e9rez, quien ha hecho tanto por la polic\u00eda comunitaria como cualquier otro, especialmente en lo que respecta a la transparencia.<\/p>\n\n\n\n<p>El teniente Jason Clawson y otros activos valiosos tambi\u00e9n dejar\u00e1n pronto el departamento de polic\u00eda.<\/p>\n\n\n\n<p>Con eso en mente, puede que ahora no sea el momento para que un extra\u00f1o dirija la polic\u00eda, de manera interina o permanente, especialmente cuando se considera que un nuevo CM est\u00e1 en camino.<\/p>\n\n\n\n<p>S\u00ed, ha sucedido antes con Michael Beck y el Jefe S\u00e1nchez.<\/p>\n\n\n\n<p>Entonces, desde mi perspectiva aprendida, Cheryl Moody deber\u00eda ser la jefa de polic\u00eda interina. En estos d\u00edas, esa perspectiva y un d\u00f3lar cincuenta no te dar\u00e1n mucho, pero ah\u00ed lo tienes, y no, no voy a repartir el d\u00f3lar cincuenta.<\/p>\n\n\n\n<p>Entonces, haz con \u00e9l lo que quieras.<\/p>\n\n\n\n<p>Al final, no es mi elecci\u00f3n, y estoy de acuerdo con el Ayuntamiento en darle a Kurtz la flexibilidad que necesita para tomar la decisi\u00f3n.<\/p>\n\n\n\n<p>En cuanto a la gente que grita para que un forastero se apodere del primer puesto, tenga cuidado con lo que desea.<\/p>\n\n\n\n<p>Los jefes de polic\u00eda externos no son como paquetes de Amazon Prime. Es posible que no obtenga lo que esperaba en el momento de la entrega.<\/p>\n\n\n\n<p>Se necesita tiempo para que las distintas partes de la comunidad, el administrador de la ciudad y otros miembros del departamento de polic\u00eda pongan al d\u00eda a un reci\u00e9n llegado.<\/p>\n\n\n\n<p>A nivel local, un jefe externo tiene que aprender a funcionar en el Ayuntamiento, las iglesias locales, en el noroeste de Pasadena, con todas las diversas organizaciones sin fines de lucro y s\u00ed, con la prensa.<\/p>\n\n\n\n<p>En alg\u00fan momento, todos los jefes de polic\u00eda con los que he trabajado, Bernard Melekian, Phillip S\u00e1nchez y P\u00e9rez junto con el jefe interino Chris Vicino, no han estado contentos con la prensa.<\/p>\n\n\n\n<p>Ah\u00ed es cuando el compromiso con la transparencia y la rendici\u00f3n de cuentas entra en acci\u00f3n en ambos lados. Ninguna de las partes tiene tiempo para hacer pucheros y herir sentimientos.<\/p>\n\n\n\n<p>El jefe de polic\u00eda debe tener la misma actitud con los activistas locales, mientras ignora a los instigadores, y s\u00ed, tambi\u00e9n los tenemos.<\/p>\n\n\n\n<p>Sin mencionar que el nuevo jefe tendr\u00e1 que conectarse con un nuevo jefe en el Administrador de la Ciudad y los varios miembros del consejo y liderar el departamento de polic\u00eda al mismo tiempo.<\/p>\n\n\n\n<p>E incluso despu\u00e9s de todo eso, se producir\u00e1 el inevitable tiroteo policial o el aumento de la violencia y luego comenzar\u00e1 la verdadera prueba en medio de las quejas, las preguntas y el duelo.<\/p>\n\n\n\n<p>Ning\u00fan forastero entrar\u00e1 en la ciudad comprendiendo todas esas partes m\u00f3viles. S\u00ed, es posible ponerse al d\u00eda.<\/p>\n\n\n\n<p>Como dije antes, la decisi\u00f3n no es m\u00eda.<\/p>\n\n\n\n<p>Pero, desafortunadamente, si se toma la decisi\u00f3n incorrecta, ser\u00e1 toda nuestra carga.<\/p>\n","protected":false},"excerpt":{"rendered":"<p>Salvo una emergencia, anoche fue la \u00faltima reuni\u00f3n del a\u00f1o programada para el Concejo Municipal. Parec\u00eda que la mayor\u00eda de las llamadas estaban relacionadas con la propiedad y la vivienda de la iglesia. El alcalde y el administrador de la ciudad ya han dicho que el problema debe surgir pronto, por lo que no estoy seguro de por qu\u00e9 las personas que llaman siguen mencion\u00e1ndolo. Cr\u00e9ame, nadie se ha olvidado. Respeto a la administradora interina de la ciudad, Cynthia Kurtz, [&hellip;]<\/p>\n","protected":false},"author":4,"featured_media":0,"comment_status":"open","ping_status":"closed","sticky":false,"template":"","format":"standard","meta":[],"categories":[4],"tags":[],"acf":[],"_links":{"self":[{"href":"http:\/\/www.pasadenahoy.com\/primero\/wp-json\/wp\/v2\/posts\/13135"}],"collection":[{"href":"http:\/\/www.pasadenahoy.com\/primero\/wp-json\/wp\/v2\/posts"}],"about":[{"href":"http:\/\/www.pasadenahoy.com\/primero\/wp-json\/wp\/v2\/types\/post"}],"author":[{"embeddable":true,"href":"http:\/\/www.pasadenahoy.com\/primero\/wp-json\/wp\/v2\/users\/4"}],"replies":[{"embeddable":true,"href":"http:\/\/www.pasadenahoy.com\/primero\/wp-json\/wp\/v2\/comments?post=13135"}],"version-history":[{"count":2,"href":"http:\/\/www.pasadenahoy.com\/primero\/wp-json\/wp\/v2\/posts\/13135\/revisions"}],"predecessor-version":[{"id":13138,"href":"http:\/\/www.pasadenahoy.com\/primero\/wp-json\/wp\/v2\/posts\/13135\/revisions\/13138"}],"wp:attachment":[{"href":"http:\/\/www.pasadenahoy.com\/primero\/wp-json\/wp\/v2\/media?parent=13135"}],"wp:term":[{"taxonomy":"category","embeddable":true,"href":"http:\/\/www.pasadenahoy.com\/primero\/wp-json\/wp\/v2\/categories?post=13135"},{"taxonomy":"post_tag","embeddable":true,"href":"http:\/\/www.pasadenahoy.com\/primero\/wp-json\/wp\/v2\/tags?post=13135"}],"curies":[{"name":"wp","href":"https:\/\/api.w.org\/{rel}","templated":true}]}}