{"id":13139,"date":"2021-12-15T15:52:38","date_gmt":"2021-12-15T15:52:38","guid":{"rendered":"http:\/\/www.pasadenahoy.com\/primero\/?p=13139"},"modified":"2021-12-15T15:52:39","modified_gmt":"2021-12-15T15:52:39","slug":"smash-n-grab-thieves-llega-a-la-tienda-de-telefonos-moviles","status":"publish","type":"post","link":"http:\/\/www.pasadenahoy.com\/primero\/la-comunidad\/smash-n-grab-thieves-llega-a-la-tienda-de-telefonos-moviles\/","title":{"rendered":"Smash &#8216;n Grab Thieves llega a la tienda de tel\u00e9fonos m\u00f3viles"},"content":{"rendered":"\n<figure class=\"wp-block-image alignnone size-large\"><figure class=\"alignnone\"><img loading=\"lazy\" width=\"700\" height=\"378\" src=\"http:\/\/www.pasadenahoy.com\/primero\/wp-content\/uploads\/2021\/12\/pic-5-3.png\" alt=\"\" class=\"wp-image-13140\" srcset=\"http:\/\/www.pasadenahoy.com\/primero\/wp-content\/uploads\/2021\/12\/pic-5-3.png 700w, http:\/\/www.pasadenahoy.com\/primero\/wp-content\/uploads\/2021\/12\/pic-5-3-300x162.png 300w, http:\/\/www.pasadenahoy.com\/primero\/wp-content\/uploads\/2021\/12\/pic-5-3-241x130.png 241w, http:\/\/www.pasadenahoy.com\/primero\/wp-content\/uploads\/2021\/12\/pic-5-3-333x180.png 333w, http:\/\/www.pasadenahoy.com\/primero\/wp-content\/uploads\/2021\/12\/pic-5-3-360x194.png 360w\" sizes=\"100vw\" \/><figcaption><span class=\"caption-text\">\u00a9 Colaboradores de OpenStreetMap<\/span><\/figcaption><\/figure><\/figure>\n\n\n\n<p>La polic\u00eda de Pasadena dijo que dos ladrones descarados armados con martillos cometieron un robo en una tienda T-Mobile en la cuadra 1200 de North Lake Avenue el lunes por la noche.<\/p>\n\n\n\n<p>La pareja fue vista por un empleado alerta de T-Mobile antes de que ingresaran a la tienda alrededor de las 6:21, dijo la polic\u00eda.<\/p>\n\n\n\n<p>El empleado hizo sonar la alarma, pero los ladrones pudieron destrozar cajas, agarrar mercader\u00eda y huir muy r\u00e1pidamente. El teniente Anthony Burgess de la polic\u00eda de Pasadena dijo que los ladrones se llevaron productos por valor de $ 5,000 antes de huir hacia el sur por Lake Avenue.<\/p>\n\n\n\n<p>La p\u00e9rdida se describi\u00f3 como cuatro relojes, un iPad y tres tel\u00e9fonos celulares.<\/p>\n\n\n\n<p>La descripci\u00f3n de los sospechosos fue m\u00ednima, dijo. Un sospechoso vest\u00eda una sudadera con capucha oscura, el otro una sudadera con capucha de color claro.<\/p>\n\n\n\n<p>Ambos sospechosos siguen pr\u00f3fugos, dijo Burgess.<\/p>\n","protected":false},"excerpt":{"rendered":"<p>La polic\u00eda de Pasadena dijo que dos ladrones descarados armados con martillos cometieron un robo en una tienda T-Mobile en la cuadra 1200 de North Lake Avenue el lunes por la noche. La pareja fue vista por un empleado alerta de T-Mobile antes de que ingresaran a la tienda alrededor de las 6:21, dijo la polic\u00eda. El empleado hizo sonar la alarma, pero los ladrones pudieron destrozar cajas, agarrar mercader\u00eda y huir muy r\u00e1pidamente. El teniente Anthony Burgess de la [&hellip;]<\/p>\n","protected":false},"author":4,"featured_media":0,"comment_status":"open","ping_status":"closed","sticky":false,"template":"","format":"standard","meta":[],"categories":[4],"tags":[],"acf":[],"_links":{"self":[{"href":"http:\/\/www.pasadenahoy.com\/primero\/wp-json\/wp\/v2\/posts\/13139"}],"collection":[{"href":"http:\/\/www.pasadenahoy.com\/primero\/wp-json\/wp\/v2\/posts"}],"about":[{"href":"http:\/\/www.pasadenahoy.com\/primero\/wp-json\/wp\/v2\/types\/post"}],"author":[{"embeddable":true,"href":"http:\/\/www.pasadenahoy.com\/primero\/wp-json\/wp\/v2\/users\/4"}],"replies":[{"embeddable":true,"href":"http:\/\/www.pasadenahoy.com\/primero\/wp-json\/wp\/v2\/comments?post=13139"}],"version-history":[{"count":2,"href":"http:\/\/www.pasadenahoy.com\/primero\/wp-json\/wp\/v2\/posts\/13139\/revisions"}],"predecessor-version":[{"id":13142,"href":"http:\/\/www.pasadenahoy.com\/primero\/wp-json\/wp\/v2\/posts\/13139\/revisions\/13142"}],"wp:attachment":[{"href":"http:\/\/www.pasadenahoy.com\/primero\/wp-json\/wp\/v2\/media?parent=13139"}],"wp:term":[{"taxonomy":"category","embeddable":true,"href":"http:\/\/www.pasadenahoy.com\/primero\/wp-json\/wp\/v2\/categories?post=13139"},{"taxonomy":"post_tag","embeddable":true,"href":"http:\/\/www.pasadenahoy.com\/primero\/wp-json\/wp\/v2\/tags?post=13139"}],"curies":[{"name":"wp","href":"https:\/\/api.w.org\/{rel}","templated":true}]}}