{"id":13143,"date":"2021-12-15T15:55:54","date_gmt":"2021-12-15T15:55:54","guid":{"rendered":"http:\/\/www.pasadenahoy.com\/primero\/?p=13143"},"modified":"2021-12-15T15:55:57","modified_gmt":"2021-12-15T15:55:57","slug":"partes-de-pasadena-se-empaparon-con-2-7-de-lluvia-en-la-tormenta-del-martes","status":"publish","type":"post","link":"http:\/\/www.pasadenahoy.com\/primero\/la-comunidad\/partes-de-pasadena-se-empaparon-con-2-7-de-lluvia-en-la-tormenta-del-martes\/","title":{"rendered":"Partes de Pasadena se empaparon con 2.7 \u201dde lluvia en la tormenta del martes"},"content":{"rendered":"\n<figure class=\"wp-block-image alignnone size-large\"><figure class=\"alignnone\"><img loading=\"lazy\" width=\"700\" height=\"378\" src=\"http:\/\/www.pasadenahoy.com\/primero\/wp-content\/uploads\/2021\/12\/pick-6.jpg\" alt=\"\" class=\"wp-image-13144\" srcset=\"http:\/\/www.pasadenahoy.com\/primero\/wp-content\/uploads\/2021\/12\/pick-6.jpg 700w, http:\/\/www.pasadenahoy.com\/primero\/wp-content\/uploads\/2021\/12\/pick-6-300x162.jpg 300w, http:\/\/www.pasadenahoy.com\/primero\/wp-content\/uploads\/2021\/12\/pick-6-241x130.jpg 241w, http:\/\/www.pasadenahoy.com\/primero\/wp-content\/uploads\/2021\/12\/pick-6-333x180.jpg 333w, http:\/\/www.pasadenahoy.com\/primero\/wp-content\/uploads\/2021\/12\/pick-6-360x194.jpg 360w\" sizes=\"100vw\" \/><\/figure><\/figure>\n\n\n\n<p>Kathy Degner de Pasadena atrap\u00f3 un tenue arco iris durante una tormenta del martes 14 de diciembre de 2021 que arroj\u00f3 m\u00e1s de 2.7 \u2033 de lluvia en partes de Paadena. [V\u00eda Twitter]<br>Un gran sistema de tormentas empap\u00f3 Pasadena el martes, arrojando 2.73 \u201dde lluvia en el este de Pasadena pero causando pocos da\u00f1os en toda la ciudad.<br>&#8220;Por lo general, vemos un mayor n\u00famero de accidentes de tr\u00e1fico, algunos cortes de energ\u00eda breves e inundaciones menores, pero nada que no anticipamos&#8221;, inform\u00f3 la portavoz de la ciudad Lisa Derderian. &#8220;Nuestras cuadrillas estar\u00e1n hoy evaluando m\u00e1s a fondo los canales de inundaci\u00f3n, los vecindarios al pie de las colinas y las \u00e1reas propensas a inundaciones y alentar\u00e1n a los residentes a llamar al centro de servicio al ciudadano al (626) 744-7311 para informar da\u00f1os o inquietudes a la propiedad p\u00fablica&#8221;.<\/p>\n\n\n\n<p>La tormenta ha disminuido a lo que los pronosticadores del Servicio Meteorol\u00f3gico Nacional dijeron que ser\u00e1 un mi\u00e9rcoles soleado, pero con un 30% de probabilidad de lluvia el jueves por la tarde.<\/p>\n\n\n\n<p>Las temperaturas han bajado una octava, con m\u00e1ximas en los 50 y 60 bajas.<\/p>\n\n\n\n<p>A continuaci\u00f3n, se muestra una vista detallada del pron\u00f3stico de NWS:<\/p>\n\n\n\n<p>Mi\u00e9rcoles: Soleado, la m\u00e1xima alrededor de 54. Sensaci\u00f3n t\u00e9rmica del viento alrededor de 30 temprano. Viento del noreste alrededor de 5 mph y llegar\u00e1 del sur suroeste por la tarde.<\/p>\n\n\n\n<p>Mi\u00e9. Por la Noche: Mayormente despejado, la m\u00ednima alrededor de 40. Viento en calma y llegar\u00e1 del norte alrededor de 5 mph.<\/p>\n\n\n\n<p>Jueves: 30 por ciento de probabilidad de lluvia, principalmente entre las 11 a.m. y las 5 p.m. Parcialmente soleado, la m\u00e1xima alrededor de 51. Viento del sur sureste alrededor de 5 mph.<\/p>\n\n\n\n<p>Jue. Por la Noche: Una probabilidad de 20 por ciento de lluvia antes de las 11 p.m. Medio nublado, la m\u00ednima alrededor de 40. Viento del nor noreste alrededor de 5 mph.<\/p>\n\n\n\n<p>Viernes: Soleado, la m\u00e1xima alrededor de 60.<\/p>\n\n\n\n<p>Por la Noche: Mayormente despejado, la m\u00ednima alrededor de 40.<\/p>\n\n\n\n<p>S\u00e1bado: Soleado, la m\u00e1xima alrededor de 62.<\/p>\n\n\n\n<p>S\u00e1b. Por la Noche: Mayormente despejado, la m\u00ednima alrededor de 41.<\/p>\n\n\n\n<p>Domingo: Soleado, la m\u00e1xima alrededor de 62.<\/p>\n\n\n\n<p>Dom. Por la Noche: Mayormente nublado, la m\u00ednima alrededor de 42.<\/p>\n\n\n\n<p>Lunes: Mayormente nublado, la m\u00e1xima alrededor de 59.<\/p>\n\n\n\n<p>Por la Noche: Poca probabilidad de lluvia. Mayormente nublado, la m\u00ednima alrededor de 44.<\/p>\n\n\n\n<p>Martes: Probabilidad de lluvia. Parcialmente soleado, la m\u00e1xima alrededor de 59.<\/p>\n","protected":false},"excerpt":{"rendered":"<p>Kathy Degner de Pasadena atrap\u00f3 un tenue arco iris durante una tormenta del martes 14 de diciembre de 2021 que arroj\u00f3 m\u00e1s de 2.7 \u2033 de lluvia en partes de Paadena. [V\u00eda Twitter]Un gran sistema de tormentas empap\u00f3 Pasadena el martes, arrojando 2.73 \u201dde lluvia en el este de Pasadena pero causando pocos da\u00f1os en toda la ciudad.&#8220;Por lo general, vemos un mayor n\u00famero de accidentes de tr\u00e1fico, algunos cortes de energ\u00eda breves e inundaciones menores, pero nada que no [&hellip;]<\/p>\n","protected":false},"author":4,"featured_media":0,"comment_status":"open","ping_status":"closed","sticky":false,"template":"","format":"standard","meta":[],"categories":[4],"tags":[],"acf":[],"_links":{"self":[{"href":"http:\/\/www.pasadenahoy.com\/primero\/wp-json\/wp\/v2\/posts\/13143"}],"collection":[{"href":"http:\/\/www.pasadenahoy.com\/primero\/wp-json\/wp\/v2\/posts"}],"about":[{"href":"http:\/\/www.pasadenahoy.com\/primero\/wp-json\/wp\/v2\/types\/post"}],"author":[{"embeddable":true,"href":"http:\/\/www.pasadenahoy.com\/primero\/wp-json\/wp\/v2\/users\/4"}],"replies":[{"embeddable":true,"href":"http:\/\/www.pasadenahoy.com\/primero\/wp-json\/wp\/v2\/comments?post=13143"}],"version-history":[{"count":2,"href":"http:\/\/www.pasadenahoy.com\/primero\/wp-json\/wp\/v2\/posts\/13143\/revisions"}],"predecessor-version":[{"id":13146,"href":"http:\/\/www.pasadenahoy.com\/primero\/wp-json\/wp\/v2\/posts\/13143\/revisions\/13146"}],"wp:attachment":[{"href":"http:\/\/www.pasadenahoy.com\/primero\/wp-json\/wp\/v2\/media?parent=13143"}],"wp:term":[{"taxonomy":"category","embeddable":true,"href":"http:\/\/www.pasadenahoy.com\/primero\/wp-json\/wp\/v2\/categories?post=13143"},{"taxonomy":"post_tag","embeddable":true,"href":"http:\/\/www.pasadenahoy.com\/primero\/wp-json\/wp\/v2\/tags?post=13143"}],"curies":[{"name":"wp","href":"https:\/\/api.w.org\/{rel}","templated":true}]}}