{"id":13154,"date":"2021-12-16T15:10:47","date_gmt":"2021-12-16T15:10:47","guid":{"rendered":"http:\/\/www.pasadenahoy.com\/primero\/?p=13154"},"modified":"2021-12-16T15:10:50","modified_gmt":"2021-12-16T15:10:50","slug":"las-hospitalizaciones-por-covid-continuan-aumentando-en-el-condado-de-los-angeles-casos-de-doble-variante-de-omicron","status":"publish","type":"post","link":"http:\/\/www.pasadenahoy.com\/primero\/la-comunidad\/las-hospitalizaciones-por-covid-continuan-aumentando-en-el-condado-de-los-angeles-casos-de-doble-variante-de-omicron\/","title":{"rendered":"Las hospitalizaciones por COVID contin\u00faan aumentando en el condado de Los \u00c1ngeles, casos de doble variante de Omicron"},"content":{"rendered":"\n<figure class=\"wp-block-image alignnone size-large\"><figure class=\"alignnone\"><img loading=\"lazy\" width=\"700\" height=\"378\" src=\"http:\/\/www.pasadenahoy.com\/primero\/wp-content\/uploads\/2021\/12\/pic-2-9.jpg\" alt=\"\" class=\"wp-image-13155\" srcset=\"http:\/\/www.pasadenahoy.com\/primero\/wp-content\/uploads\/2021\/12\/pic-2-9.jpg 700w, http:\/\/www.pasadenahoy.com\/primero\/wp-content\/uploads\/2021\/12\/pic-2-9-300x162.jpg 300w, http:\/\/www.pasadenahoy.com\/primero\/wp-content\/uploads\/2021\/12\/pic-2-9-241x130.jpg 241w, http:\/\/www.pasadenahoy.com\/primero\/wp-content\/uploads\/2021\/12\/pic-2-9-333x180.jpg 333w, http:\/\/www.pasadenahoy.com\/primero\/wp-content\/uploads\/2021\/12\/pic-2-9-360x194.jpg 360w\" sizes=\"100vw\" \/><\/figure><\/figure>\n\n\n\n<p>Las hospitalizaciones por COVID-19 en el condado de Los \u00c1ngeles continuaron con un inquietante aumento a medida que las nuevas infecciones continuaron aumentando en medio de las crecientes preocupaciones sobre un aumento del virus invernal, seg\u00fan los datos m\u00e1s recientes.<\/p>\n\n\n\n<p>Mientras tanto, los casos locales de la variante Omicron de COVID-19 se duplicaron oficialmente, seg\u00fan datos publicados recientemente, ya que el condado de Los \u00c1ngeles anunci\u00f3 ocho infecciones adicionales de la mutaci\u00f3n del virus y despu\u00e9s de que los funcionarios de salud de Pasadena verificaran el primer caso de la ciudad.<\/p>\n\n\n\n<p>Los nuevos casos confirmados por el Departamento de Salud P\u00fablica del condado elevaron el n\u00famero de casos de Omicron en la jurisdicci\u00f3n de esa agencia a 15. Long Beach y Pasadena, que operan sus propios departamentos de salud separados del condado, ahora han confirmado cada uno un caso de Omicron.<\/p>\n\n\n\n<p>Se cree que el paciente de Pasadena recientemente identificado adquiri\u00f3 la infecci\u00f3n localmente. La persona estaba completamente vacunada, incluida una vacuna de refuerzo, y desarroll\u00f3 una enfermedad leve que no requiri\u00f3 hospitalizaci\u00f3n, seg\u00fan la ciudad.<\/p>\n\n\n\n<p>Las \u00faltimas cifras estatales muestran que hab\u00eda 770 pacientes con COVID positivo en los hospitales del condado hasta el mi\u00e9rcoles, frente a los 751 del martes, pero un aumento de aproximadamente 100 desde hace una semana y aproximadamente 200 por encima del n\u00famero de fines de noviembre.<\/p>\n\n\n\n<p>De los pacientes hospitalizados, 179 estaban siendo tratados en cuidados intensivos, frente a los 184 del martes.<\/p>\n\n\n\n<p>El condado inform\u00f3 el mi\u00e9rcoles otras 19 muertes por COVID, lo que le dio al condado un n\u00famero total de muertes relacionadas con el virus de 27,369.<\/p>\n\n\n\n<p>El condado tambi\u00e9n confirm\u00f3 otras 1.850 nuevas infecciones por COVID, elevando el total acumulativo de la pandemia a 1.551.117.<\/p>\n\n\n\n<p>La tasa diaria promedio m\u00f3vil de personas que dieron positivo por el virus se mantuvo relativamente baja, en 1.2%.<\/p>\n\n\n\n<p>Los funcionarios de salud han estado apuntando a un aumento posterior al D\u00eda de Acci\u00f3n de Gracias en las tasas de infecciones y casos, lo que llev\u00f3 al estado a volver a imponer un mandato de uso de m\u00e1scaras en interiores en todo el estado el mi\u00e9rcoles. El condado de Los \u00c1ngeles ya ten\u00eda un mandato de este tipo, pero la regla obligar\u00e1 a las personas en condados vecinos como Orange y Riverside a ocultarse, aunque no estaba claro si esos condados har\u00edan cumplir la regla.<\/p>\n\n\n\n<p>La directora de salud p\u00fablica del condado, Barbara Ferrer, dijo la semana pasada que la tendencia en los n\u00fameros de COVID marc\u00f3 lo que podr\u00eda ser el inicio de un aumento repentino de casos en el invierno, y ha instado a m\u00e1s personas a vacunarse o recibir inyecciones de refuerzo.<\/p>\n\n\n\n<p>El mi\u00e9rcoles, Ferrer elogi\u00f3 el trabajo de las organizaciones comunitarias por su ayuda para alentar a los residentes en las \u00e1reas m\u00e1s afectadas a vacunarse.<\/p>\n\n\n\n<p>\u201cLas inequidades de larga data en el acceso a las oportunidades de afirmaci\u00f3n de la salud han jugado un papel importante en contribuir a las tasas m\u00e1s altas de casos, hospitalizaci\u00f3n y muerte experimentadas por las comunidades negras y latinx durante el curso de la pandemia\u201d, dijo Ferrer en un comunicado. \u201cPara superar estas desigualdades, debemos trabajar para abordar m\u00faltiples desaf\u00edos en la distribuci\u00f3n equitativa de los mismos recursos que todos necesitamos para estar saludables: aire y agua limpios, alimentos saludables, parques seguros, viviendas asequibles, buenos trabajos y atenci\u00f3n m\u00e9dica de calidad.<\/p>\n\n\n\n<p>\u201cEste es el trabajo que tendremos que hacer si realmente queremos generar confianza con los residentes y trabajadores en nuestras comunidades\u201d, dijo. \u201cNuestras alianzas con organizaciones comunitarias nos han ense\u00f1ado la importancia de fortalecer las relaciones y alinear los recursos con aquellos que a menudo han sido marginados y dejados atr\u00e1s\u201d.<\/p>\n\n\n\n<p>Los residentes negros y latinos se han quedado constantemente a la zaga de sus hom\u00f3logos blancos y asi\u00e1ticos en cuanto a vacunarse contra el COVID-19, aunque ha habido un movimiento ascendente en las cifras de vacunaci\u00f3n.<\/p>\n\n\n\n<p>Hasta la semana pasada, el 83% de los residentes del condado de Los \u00c1ngeles de 12 a\u00f1os o m\u00e1s hab\u00edan recibido al menos una dosis de vacuna y el 75% estaban completamente vacunados. De todos los residentes elegibles de 5 a\u00f1os o m\u00e1s, el 77% ha recibido al menos una dosis y el 69% est\u00e1 completamente vacunado.<\/p>\n\n\n\n<p>De las m\u00e1s de 6,15 millones de personas completamente vacunadas en el condado, 84,931 dieron positivo, o alrededor del 1,38%. Un total de 2.798 personas vacunadas han sido hospitalizadas, con una tasa del 0,046%, y han fallecido 537, con una tasa del 0,009%.<\/p>\n\n\n\n<p>El condado confirm\u00f3 el martes ocho casos adicionales de la variante Omicron de COVID-19, elevando el total del condado a 15. Long Beach y Pasadena, que operan sus propios departamentos de salud separados del condado, han confirmado cada uno un caso Omicron.<\/p>\n\n\n\n<p>La variante Omicron se detect\u00f3 por primera vez en Sud\u00e1frica, pero se ha extendido r\u00e1pidamente a docenas de pa\u00edses en todo el mundo. Si bien se culpa a la variante de un aumento en los casos en Sud\u00e1frica, contin\u00faan los estudios sobre si Omicron es m\u00e1s peligroso, se transmite m\u00e1s f\u00e1cilmente o es potencialmente resistente a las vacunas.<\/p>\n\n\n\n<p>Hasta ahora, los funcionarios de salud han dicho que las vacunas actuales parecen ser efectivas contra la variante.<\/p>\n\n\n\n<p>Omicron ha sido considerado una &#8220;variante de preocupaci\u00f3n&#8221; por la Organizaci\u00f3n Mundial de la Salud y los Centros para el Control y la Prevenci\u00f3n de Enfermedades de EE. UU.<\/p>\n","protected":false},"excerpt":{"rendered":"<p>Las hospitalizaciones por COVID-19 en el condado de Los \u00c1ngeles continuaron con un inquietante aumento a medida que las nuevas infecciones continuaron aumentando en medio de las crecientes preocupaciones sobre un aumento del virus invernal, seg\u00fan los datos m\u00e1s recientes. Mientras tanto, los casos locales de la variante Omicron de COVID-19 se duplicaron oficialmente, seg\u00fan datos publicados recientemente, ya que el condado de Los \u00c1ngeles anunci\u00f3 ocho infecciones adicionales de la mutaci\u00f3n del virus y despu\u00e9s de que los funcionarios [&hellip;]<\/p>\n","protected":false},"author":4,"featured_media":13155,"comment_status":"open","ping_status":"closed","sticky":false,"template":"","format":"standard","meta":[],"categories":[4],"tags":[],"acf":[],"_links":{"self":[{"href":"http:\/\/www.pasadenahoy.com\/primero\/wp-json\/wp\/v2\/posts\/13154"}],"collection":[{"href":"http:\/\/www.pasadenahoy.com\/primero\/wp-json\/wp\/v2\/posts"}],"about":[{"href":"http:\/\/www.pasadenahoy.com\/primero\/wp-json\/wp\/v2\/types\/post"}],"author":[{"embeddable":true,"href":"http:\/\/www.pasadenahoy.com\/primero\/wp-json\/wp\/v2\/users\/4"}],"replies":[{"embeddable":true,"href":"http:\/\/www.pasadenahoy.com\/primero\/wp-json\/wp\/v2\/comments?post=13154"}],"version-history":[{"count":2,"href":"http:\/\/www.pasadenahoy.com\/primero\/wp-json\/wp\/v2\/posts\/13154\/revisions"}],"predecessor-version":[{"id":13157,"href":"http:\/\/www.pasadenahoy.com\/primero\/wp-json\/wp\/v2\/posts\/13154\/revisions\/13157"}],"wp:featuredmedia":[{"embeddable":true,"href":"http:\/\/www.pasadenahoy.com\/primero\/wp-json\/wp\/v2\/media\/13155"}],"wp:attachment":[{"href":"http:\/\/www.pasadenahoy.com\/primero\/wp-json\/wp\/v2\/media?parent=13154"}],"wp:term":[{"taxonomy":"category","embeddable":true,"href":"http:\/\/www.pasadenahoy.com\/primero\/wp-json\/wp\/v2\/categories?post=13154"},{"taxonomy":"post_tag","embeddable":true,"href":"http:\/\/www.pasadenahoy.com\/primero\/wp-json\/wp\/v2\/tags?post=13154"}],"curies":[{"name":"wp","href":"https:\/\/api.w.org\/{rel}","templated":true}]}}