{"id":13177,"date":"2021-12-17T15:02:54","date_gmt":"2021-12-17T15:02:54","guid":{"rendered":"http:\/\/www.pasadenahoy.com\/primero\/?p=13177"},"modified":"2021-12-17T15:02:57","modified_gmt":"2021-12-17T15:02:57","slug":"funcionarios-anuncian-reglas-de-seguridad-para-el-regreso-del-rose-parade","status":"publish","type":"post","link":"http:\/\/www.pasadenahoy.com\/primero\/la-comunidad\/funcionarios-anuncian-reglas-de-seguridad-para-el-regreso-del-rose-parade\/","title":{"rendered":"Funcionarios anuncian reglas de seguridad para el regreso del Rose Parade"},"content":{"rendered":"\n<figure class=\"wp-block-embed-vimeo wp-block-embed is-type-video is-provider-vimeo wp-embed-aspect-16-9 wp-has-aspect-ratio\"><div class=\"wp-block-embed__wrapper\">\n<iframe loading=\"lazy\" title=\"Safety First on New Year&amp;rsquo;s Day\" src=\"https:\/\/player.vimeo.com\/video\/657616705?h=c0adcfb05e&amp;dnt=1&amp;app_id=122963\" width=\"740\" height=\"416\" frameborder=\"0\" allow=\"autoplay; fullscreen; picture-in-picture\" allowfullscreen><\/iframe>\n<\/div><\/figure>\n\n\n\n<p>El Desfile de las Rosas de 2022 podr\u00eda verse igual cuando vuelva a florecer el 1 de enero, pero se tomar\u00e1n una serie de nuevas precauciones para mantener seguros a los espectadores y participantes.<\/p>\n\n\n\n<p>Los oficiales del torneo, las fuerzas del orden y los socorristas anunciaron el jueves las nuevas reglas en una conferencia de prensa en los escalones del Ayuntamiento de Pasadena.<\/p>\n\n\n\n<p>El desfile de 2021 fue cancelado debido a la pandemia. Esa cancelaci\u00f3n marc\u00f3 la primera desde la Segunda Guerra Mundial, cuando el desfile fue cancelado en 1942 d\u00edas despu\u00e9s de que el ataque a Pearl Harbor hundiera a la naci\u00f3n en la guerra.<\/p>\n\n\n\n<p>Algunas reglas, como la prohibici\u00f3n de los drones cerca de la ruta del desfile, la prohibici\u00f3n de los sof\u00e1s en las aceras y la prohibici\u00f3n de las hogueras, se han aplicado durante a\u00f1os.<\/p>\n\n\n\n<p>Pero las reglas inducidas por la pandemia est\u00e1n generando grandes cambios para los espectadores de Parade.<\/p>\n\n\n\n<p>Se espera que los espectadores del desfile en las gradas de &#8220;TV Corner&#8221; en Orange Grove y Colorado Boulevards, as\u00ed como los fan\u00e1ticos que asistan al juego del Rose Bowl, muestren un comprobante de vacunaci\u00f3n o una prueba COVID-19 negativa tomada dentro de las 72 horas del d\u00eda de A\u00f1o Nuevo.<\/p>\n\n\n\n<p>El director ejecutivo de Tournament of Roses, David Eads, dijo que la intersecci\u00f3n y el juego han sido designados como &#8220;mega&#8221; eventos, que se definen como una reuni\u00f3n de 10,000 o m\u00e1s.<\/p>\n\n\n\n<p>Todos los participantes en el desfile, ya sea que est\u00e9n marchando, montando o en un equipo de carrozas, tambi\u00e9n deber\u00e1n estar vacunados.<\/p>\n\n\n\n<p>Sin embargo, no habr\u00e1 tales requisitos de vacunaci\u00f3n m\u00e1s al este a lo largo de la ruta del desfile, dijo Eads.<\/p>\n\n\n\n<p>&#8220;Nuestra prioridad n\u00famero uno es la seguridad de todos nuestros hu\u00e9spedes y voluntarios&#8221;, dijo el director ejecutivo de Tournament of Roses, David Eads.<\/p>\n\n\n\n<p>\u201cUna vez m\u00e1s, damos la bienvenida al mundo a Pasadena\u201d, dijo el jefe de polic\u00eda que se jubila, John P\u00e9rez.<\/p>\n\n\n\n<p>M\u00e1s de 2,000 polic\u00edas de Pasadena y agencias locales estar\u00e1n respaldados por oficiales del Departamento de Patrulla de Carreteras de California, el Departamento del Sheriff del Condado de Los \u00c1ngeles y funcionarios del Departamento de Seguridad Nacional y otras agencias federales para patrullar y monitorear la ruta del desfile el 1 de enero, dijo P\u00e9rez. .<\/p>\n\n\n\n<p>P\u00e9rez sugiri\u00f3 que los asistentes al desfile guarden dos n\u00fameros de tel\u00e9fono para la ciudad y el departamento de polic\u00eda en su tel\u00e9fono m\u00f3vil: (626) 744-7311 para la ciudad de Pasadena, y (626) 744-4241, para el departamento de polic\u00eda.<\/p>\n\n\n\n<p>&#8220;Queremos asegurarnos de que todos se cuiden unos a otros&#8221;, agreg\u00f3, &#8220;y que somos una comunidad, y que estamos aqu\u00ed el uno para el otro en t\u00e9rminos de seguridad&#8221;.<\/p>\n\n\n\n<p>El jefe de bomberos de Pasadena, Chad Augustin, profundiz\u00f3 en algunos detalles.<\/p>\n\n\n\n<p>&#8220;El pron\u00f3stico extendido para el d\u00eda de A\u00f1o Nuevo es de m\u00e1ximos alrededor de los sesenta con m\u00ednimos entre los treinta y los cuarenta&#8221;, dijo Augustin, y agreg\u00f3: &#8220;Les animo a cada uno de ustedes a que miren el pron\u00f3stico a medida que nos acercamos y est\u00e9n preparados. Te animo a que te prepares con m\u00e1s agua, protector solar y capas de vendaje &#8220;.<\/p>\n\n\n\n<p>Los asistentes al desfile deben estar preparados para actuar si hay una emergencia, dijo Augustin.<\/p>\n\n\n\n<p>\u201cLlame al 9 1 1 de inmediato\u201d, dijo. \u201cY si es posible, conozca su ubicaci\u00f3n. Sin conocer su ubicaci\u00f3n exacta, eso puede causar un retraso de segundos a un minuto. Y esos segundos a minutos pueden marcar la diferencia entre la vida y la muerte &#8220;.<\/p>\n\n\n\n<p>Pasadena ha visto un aumento del 100% en las llamadas al servicio de emergencia del Departamento de Bomberos en las \u00faltimas v\u00edsperas de A\u00f1o Nuevo y los d\u00edas de A\u00f1o Nuevo.<\/p>\n\n\n\n<p>La amenaza de incendios causados \u200b\u200bpor los asistentes al desfile que intentan mantenerse calientes es una gran preocupaci\u00f3n.<\/p>\n\n\n\n<p>Las barbacoas peque\u00f1as fabricadas profesionalmente o los aparatos de calentamiento similares que est\u00e1n al menos a un pie del suelo y a 25 pies de distancia de las estructuras est\u00e1n aprobados para su uso a lo largo de la ruta del desfile, dijo Augustin, pero alent\u00f3 a aquellos con aparatos de calentamiento a tener un extintor de incendios disponible en el lugar. .<\/p>\n\n\n\n<p>\u201cLas hogueras son ilegales y no est\u00e1n aprobadas\u201d, enfatiz\u00f3.<\/p>\n\n\n\n<p>\u201cNuestro objetivo es infundir confianza en el desfile y el juego para que cada uno de nuestros espectadores pueda disfrutar de un gran evento familiar y de una larga tradici\u00f3n\u201d.<\/p>\n","protected":false},"excerpt":{"rendered":"<p>El Desfile de las Rosas de 2022 podr\u00eda verse igual cuando vuelva a florecer el 1 de enero, pero se tomar\u00e1n una serie de nuevas precauciones para mantener seguros a los espectadores y participantes. Los oficiales del torneo, las fuerzas del orden y los socorristas anunciaron el jueves las nuevas reglas en una conferencia de prensa en los escalones del Ayuntamiento de Pasadena. El desfile de 2021 fue cancelado debido a la pandemia. Esa cancelaci\u00f3n marc\u00f3 la primera desde la [&hellip;]<\/p>\n","protected":false},"author":4,"featured_media":13178,"comment_status":"open","ping_status":"closed","sticky":false,"template":"","format":"standard","meta":[],"categories":[4],"tags":[],"acf":[],"_links":{"self":[{"href":"http:\/\/www.pasadenahoy.com\/primero\/wp-json\/wp\/v2\/posts\/13177"}],"collection":[{"href":"http:\/\/www.pasadenahoy.com\/primero\/wp-json\/wp\/v2\/posts"}],"about":[{"href":"http:\/\/www.pasadenahoy.com\/primero\/wp-json\/wp\/v2\/types\/post"}],"author":[{"embeddable":true,"href":"http:\/\/www.pasadenahoy.com\/primero\/wp-json\/wp\/v2\/users\/4"}],"replies":[{"embeddable":true,"href":"http:\/\/www.pasadenahoy.com\/primero\/wp-json\/wp\/v2\/comments?post=13177"}],"version-history":[{"count":2,"href":"http:\/\/www.pasadenahoy.com\/primero\/wp-json\/wp\/v2\/posts\/13177\/revisions"}],"predecessor-version":[{"id":13180,"href":"http:\/\/www.pasadenahoy.com\/primero\/wp-json\/wp\/v2\/posts\/13177\/revisions\/13180"}],"wp:featuredmedia":[{"embeddable":true,"href":"http:\/\/www.pasadenahoy.com\/primero\/wp-json\/wp\/v2\/media\/13178"}],"wp:attachment":[{"href":"http:\/\/www.pasadenahoy.com\/primero\/wp-json\/wp\/v2\/media?parent=13177"}],"wp:term":[{"taxonomy":"category","embeddable":true,"href":"http:\/\/www.pasadenahoy.com\/primero\/wp-json\/wp\/v2\/categories?post=13177"},{"taxonomy":"post_tag","embeddable":true,"href":"http:\/\/www.pasadenahoy.com\/primero\/wp-json\/wp\/v2\/tags?post=13177"}],"curies":[{"name":"wp","href":"https:\/\/api.w.org\/{rel}","templated":true}]}}