{"id":13181,"date":"2021-12-17T15:07:11","date_gmt":"2021-12-17T15:07:11","guid":{"rendered":"http:\/\/www.pasadenahoy.com\/primero\/?p=13181"},"modified":"2021-12-17T15:07:13","modified_gmt":"2021-12-17T15:07:13","slug":"el-fbi-y-la-policia-de-pasadena-no-estan-al-tanto-de-amenazas-creibles-para-las-escuelas-de-southland","status":"publish","type":"post","link":"http:\/\/www.pasadenahoy.com\/primero\/la-comunidad\/el-fbi-y-la-policia-de-pasadena-no-estan-al-tanto-de-amenazas-creibles-para-las-escuelas-de-southland\/","title":{"rendered":"El FBI y la polic\u00eda de Pasadena no est\u00e1n al tanto de amenazas cre\u00edbles para las escuelas de Southland"},"content":{"rendered":"\n<figure class=\"wp-block-image alignnone size-large\"><figure class=\"alignnone\"><img loading=\"lazy\" width=\"700\" height=\"378\" src=\"http:\/\/www.pasadenahoy.com\/primero\/wp-content\/uploads\/2021\/12\/pic-2-10.jpg\" alt=\"\" class=\"wp-image-13182\" srcset=\"http:\/\/www.pasadenahoy.com\/primero\/wp-content\/uploads\/2021\/12\/pic-2-10.jpg 700w, http:\/\/www.pasadenahoy.com\/primero\/wp-content\/uploads\/2021\/12\/pic-2-10-300x162.jpg 300w, http:\/\/www.pasadenahoy.com\/primero\/wp-content\/uploads\/2021\/12\/pic-2-10-241x130.jpg 241w, http:\/\/www.pasadenahoy.com\/primero\/wp-content\/uploads\/2021\/12\/pic-2-10-333x180.jpg 333w, http:\/\/www.pasadenahoy.com\/primero\/wp-content\/uploads\/2021\/12\/pic-2-10-360x194.jpg 360w\" sizes=\"100vw\" \/><\/figure><\/figure>\n\n\n\n<p>La oficina del FBI en Los \u00c1ngeles dijo que no tiene conocimiento de ninguna amenaza cre\u00edble conocida a las escuelas de la regi\u00f3n el viernes despu\u00e9s de que publicaciones en las redes sociales indicaron que se producir\u00e1n tiroteos y atentados con bombas en los campus de todo el pa\u00eds.<\/p>\n\n\n\n<p>El teniente Bill Grisafe dijo el jueves que la polic\u00eda de Pasadena no estaba al tanto de ninguna amenaza cre\u00edble espec\u00edfica de Pasadena a las escuelas locales, pero se hab\u00eda comunicado con el Distrito Unificado de Pasadena y estaba monitoreando la situaci\u00f3n.<\/p>\n\n\n\n<p>En un correo electr\u00f3nico a los padres del Distrito Escolar Unificado de Pasadena, el Distrito dijo el jueves \u201clo estamos\u2026 tomando en serio. Las patrullas de la polic\u00eda de Pasadena tendr\u00e1n una mayor presencia alrededor de nuestros campus el viernes como precauci\u00f3n adicional &#8220;.<\/p>\n\n\n\n<p>La publicaci\u00f3n en la plataforma de redes sociales TikTok se refiri\u00f3 a una amenaza a la seguridad escolar &#8220;para todas las escuelas en los EE. UU., Incluso la primaria&#8221; el viernes 17 de diciembre.<\/p>\n\n\n\n<p>El Distrito Escolar Unificado de Pasadena dijo en su correo electr\u00f3nico que la publicaci\u00f3n \u201cparece ser parte de una tendencia nacional de TikTok y no es espec\u00edfica de nuestras escuelas. Hemos escuchado de otros distritos que el mismo correo est\u00e1 circulando en sus escuelas \u201d.<\/p>\n\n\n\n<p>El superintendente de Burbank, Matt Hill, escribi\u00f3 a los padres de estudiantes del Distrito Escolar Unificado de Burbank que las amenazas &#8220;parecen ser el \u00faltimo enga\u00f1o y numerosos departamentos de polic\u00eda de todo el pa\u00eds ya han investigado y han dicho p\u00fablicamente que no existe una amenaza cre\u00edble&#8221;.<\/p>\n","protected":false},"excerpt":{"rendered":"<p>La oficina del FBI en Los \u00c1ngeles dijo que no tiene conocimiento de ninguna amenaza cre\u00edble conocida a las escuelas de la regi\u00f3n el viernes despu\u00e9s de que publicaciones en las redes sociales indicaron que se producir\u00e1n tiroteos y atentados con bombas en los campus de todo el pa\u00eds. El teniente Bill Grisafe dijo el jueves que la polic\u00eda de Pasadena no estaba al tanto de ninguna amenaza cre\u00edble espec\u00edfica de Pasadena a las escuelas locales, pero se hab\u00eda comunicado [&hellip;]<\/p>\n","protected":false},"author":4,"featured_media":13182,"comment_status":"open","ping_status":"closed","sticky":false,"template":"","format":"standard","meta":[],"categories":[4],"tags":[],"acf":[],"_links":{"self":[{"href":"http:\/\/www.pasadenahoy.com\/primero\/wp-json\/wp\/v2\/posts\/13181"}],"collection":[{"href":"http:\/\/www.pasadenahoy.com\/primero\/wp-json\/wp\/v2\/posts"}],"about":[{"href":"http:\/\/www.pasadenahoy.com\/primero\/wp-json\/wp\/v2\/types\/post"}],"author":[{"embeddable":true,"href":"http:\/\/www.pasadenahoy.com\/primero\/wp-json\/wp\/v2\/users\/4"}],"replies":[{"embeddable":true,"href":"http:\/\/www.pasadenahoy.com\/primero\/wp-json\/wp\/v2\/comments?post=13181"}],"version-history":[{"count":2,"href":"http:\/\/www.pasadenahoy.com\/primero\/wp-json\/wp\/v2\/posts\/13181\/revisions"}],"predecessor-version":[{"id":13184,"href":"http:\/\/www.pasadenahoy.com\/primero\/wp-json\/wp\/v2\/posts\/13181\/revisions\/13184"}],"wp:featuredmedia":[{"embeddable":true,"href":"http:\/\/www.pasadenahoy.com\/primero\/wp-json\/wp\/v2\/media\/13182"}],"wp:attachment":[{"href":"http:\/\/www.pasadenahoy.com\/primero\/wp-json\/wp\/v2\/media?parent=13181"}],"wp:term":[{"taxonomy":"category","embeddable":true,"href":"http:\/\/www.pasadenahoy.com\/primero\/wp-json\/wp\/v2\/categories?post=13181"},{"taxonomy":"post_tag","embeddable":true,"href":"http:\/\/www.pasadenahoy.com\/primero\/wp-json\/wp\/v2\/tags?post=13181"}],"curies":[{"name":"wp","href":"https:\/\/api.w.org\/{rel}","templated":true}]}}