{"id":13197,"date":"2021-12-17T15:22:14","date_gmt":"2021-12-17T15:22:14","guid":{"rendered":"http:\/\/www.pasadenahoy.com\/primero\/?p=13197"},"modified":"2021-12-17T15:22:15","modified_gmt":"2021-12-17T15:22:15","slug":"el-comite-de-seguridad-publica-establece-una-nueva-fecha-de-reunion","status":"publish","type":"post","link":"http:\/\/www.pasadenahoy.com\/primero\/el-gobierno-local\/el-comite-de-seguridad-publica-establece-una-nueva-fecha-de-reunion\/","title":{"rendered":"El Comit\u00e9 de Seguridad P\u00fablica establece una nueva fecha de reuni\u00f3n"},"content":{"rendered":"\n<figure class=\"wp-block-image alignnone size-large\"><figure class=\"alignnone\"><img loading=\"lazy\" width=\"700\" height=\"378\" src=\"http:\/\/www.pasadenahoy.com\/primero\/wp-content\/uploads\/2021\/12\/pic-6-6.jpg\" alt=\"\" class=\"wp-image-13198\" srcset=\"http:\/\/www.pasadenahoy.com\/primero\/wp-content\/uploads\/2021\/12\/pic-6-6.jpg 700w, http:\/\/www.pasadenahoy.com\/primero\/wp-content\/uploads\/2021\/12\/pic-6-6-300x162.jpg 300w, http:\/\/www.pasadenahoy.com\/primero\/wp-content\/uploads\/2021\/12\/pic-6-6-241x130.jpg 241w, http:\/\/www.pasadenahoy.com\/primero\/wp-content\/uploads\/2021\/12\/pic-6-6-333x180.jpg 333w, http:\/\/www.pasadenahoy.com\/primero\/wp-content\/uploads\/2021\/12\/pic-6-6-360x194.jpg 360w\" sizes=\"100vw\" \/><\/figure><\/figure>\n\n\n\n<p>El Comit\u00e9 de Seguridad P\u00fablica vot\u00f3 para establecer un horario de reuniones que ver\u00e1 al comit\u00e9 reunirse a las 4 p.m. el tercer mi\u00e9rcoles de cada mes.<\/p>\n\n\n\n<p>El Comit\u00e9 de Seguridad P\u00fablica es el comit\u00e9 permanente del Ayuntamiento encargado de supervisar la Polic\u00eda de Pasadena y los Departamentos de Bomberos de Pasadena.<\/p>\n\n\n\n<p>\u201cEl personal ha coordinado este tiempo con todas nuestras otras responsabilidades\u201d, dijo el alcalde V\u00edctor Gordo, quien preside el comit\u00e9, a los otros miembros del comit\u00e9.<\/p>\n\n\n\n<p>El concejal Tyron Hampton se\u00f1al\u00f3 que el comit\u00e9 generalmente ha programado dos reuniones al mes el primer y tercer mi\u00e9rcoles de cada mes y expres\u00f3 su preocupaci\u00f3n por reducir a una reuni\u00f3n al mes con el aumento de tiroteos que han ocurrido en toda la ciudad durante los \u00faltimos dos meses.<\/p>\n\n\n\n<p>El comit\u00e9 no se ha reunido dos veces en un mes desde abril.<\/p>\n\n\n\n<p>Hampton solicit\u00f3 un marcador de posici\u00f3n para una segunda reuni\u00f3n cada dos meses en caso de que fuera necesario.<\/p>\n\n\n\n<p>&#8220;Siempre estamos preparados para reunirnos si las circunstancias lo requieren&#8221;, dijo Gordo. &#8220;Pero solo quer\u00edamos poner en los libros un horario de reuni\u00f3n regular y creemos que esto es suficiente&#8221;.<\/p>\n\n\n\n<p>El comit\u00e9, junto con los otros comit\u00e9s del Concejo Municipal, la pol\u00edtica legislativa, los servicios municipales, el desarrollo econ\u00f3mico y la tecnolog\u00eda y el comit\u00e9 de finanzas, son mandatos en los estatutos de la ciudad.<\/p>\n\n\n\n<p>De acuerdo con los estatutos de la ciudad, el comit\u00e9 de seguridad p\u00fablica es responsable de revisar los asuntos relacionados con la seguridad p\u00fablica, incluidos los servicios de polic\u00eda y bomberos y los programas de prevenci\u00f3n del crimen, as\u00ed como otros asuntos relacionados que el comit\u00e9, presidente, concejo municipal o personas designadas por el concejo municipal determinen que son dentro del alcance de la revisi\u00f3n del comit\u00e9.<\/p>\n\n\n\n<p>Actualmente, el comit\u00e9 est\u00e1 presidido por el alcalde Gordo y est\u00e1 compuesto por los concejales Hampton, Steve Madison y John Kennedy.<\/p>\n","protected":false},"excerpt":{"rendered":"<p>El Comit\u00e9 de Seguridad P\u00fablica vot\u00f3 para establecer un horario de reuniones que ver\u00e1 al comit\u00e9 reunirse a las 4 p.m. el tercer mi\u00e9rcoles de cada mes. El Comit\u00e9 de Seguridad P\u00fablica es el comit\u00e9 permanente del Ayuntamiento encargado de supervisar la Polic\u00eda de Pasadena y los Departamentos de Bomberos de Pasadena. \u201cEl personal ha coordinado este tiempo con todas nuestras otras responsabilidades\u201d, dijo el alcalde V\u00edctor Gordo, quien preside el comit\u00e9, a los otros miembros del comit\u00e9. El concejal [&hellip;]<\/p>\n","protected":false},"author":4,"featured_media":0,"comment_status":"open","ping_status":"closed","sticky":false,"template":"","format":"standard","meta":[],"categories":[6],"tags":[],"acf":[],"_links":{"self":[{"href":"http:\/\/www.pasadenahoy.com\/primero\/wp-json\/wp\/v2\/posts\/13197"}],"collection":[{"href":"http:\/\/www.pasadenahoy.com\/primero\/wp-json\/wp\/v2\/posts"}],"about":[{"href":"http:\/\/www.pasadenahoy.com\/primero\/wp-json\/wp\/v2\/types\/post"}],"author":[{"embeddable":true,"href":"http:\/\/www.pasadenahoy.com\/primero\/wp-json\/wp\/v2\/users\/4"}],"replies":[{"embeddable":true,"href":"http:\/\/www.pasadenahoy.com\/primero\/wp-json\/wp\/v2\/comments?post=13197"}],"version-history":[{"count":2,"href":"http:\/\/www.pasadenahoy.com\/primero\/wp-json\/wp\/v2\/posts\/13197\/revisions"}],"predecessor-version":[{"id":13200,"href":"http:\/\/www.pasadenahoy.com\/primero\/wp-json\/wp\/v2\/posts\/13197\/revisions\/13200"}],"wp:attachment":[{"href":"http:\/\/www.pasadenahoy.com\/primero\/wp-json\/wp\/v2\/media?parent=13197"}],"wp:term":[{"taxonomy":"category","embeddable":true,"href":"http:\/\/www.pasadenahoy.com\/primero\/wp-json\/wp\/v2\/categories?post=13197"},{"taxonomy":"post_tag","embeddable":true,"href":"http:\/\/www.pasadenahoy.com\/primero\/wp-json\/wp\/v2\/tags?post=13197"}],"curies":[{"name":"wp","href":"https:\/\/api.w.org\/{rel}","templated":true}]}}