{"id":13236,"date":"2021-12-20T15:44:34","date_gmt":"2021-12-20T15:44:34","guid":{"rendered":"http:\/\/www.pasadenahoy.com\/primero\/?p=13236"},"modified":"2021-12-20T15:44:37","modified_gmt":"2021-12-20T15:44:37","slug":"peaton-masculino-asesinado-en-la-autopista-210-en-pasadena-esta-manana-el-trafico-retrocedio","status":"publish","type":"post","link":"http:\/\/www.pasadenahoy.com\/primero\/la-comunidad\/peaton-masculino-asesinado-en-la-autopista-210-en-pasadena-esta-manana-el-trafico-retrocedio\/","title":{"rendered":"Peat\u00f3n masculino asesinado en la autopista 210 en Pasadena esta ma\u00f1ana, el tr\u00e1fico retrocedi\u00f3"},"content":{"rendered":"\n<figure class=\"wp-block-image alignnone size-large\"><figure class=\"alignnone\"><img loading=\"lazy\" width=\"700\" height=\"378\" src=\"http:\/\/www.pasadenahoy.com\/primero\/wp-content\/uploads\/2021\/12\/pic-8.png\" alt=\"\" class=\"wp-image-13237\" srcset=\"http:\/\/www.pasadenahoy.com\/primero\/wp-content\/uploads\/2021\/12\/pic-8.png 700w, http:\/\/www.pasadenahoy.com\/primero\/wp-content\/uploads\/2021\/12\/pic-8-300x162.png 300w, http:\/\/www.pasadenahoy.com\/primero\/wp-content\/uploads\/2021\/12\/pic-8-241x130.png 241w, http:\/\/www.pasadenahoy.com\/primero\/wp-content\/uploads\/2021\/12\/pic-8-333x180.png 333w, http:\/\/www.pasadenahoy.com\/primero\/wp-content\/uploads\/2021\/12\/pic-8-360x194.png 360w\" sizes=\"100vw\" \/><\/figure><\/figure>\n\n\n\n<p>Un peat\u00f3n muri\u00f3 el lunes por la ma\u00f1ana cuando fue atropellado por al menos un veh\u00edculo en la autopista I-210 Foothill Freeway en Pasadena.<\/p>\n\n\n\n<p>El accidente se inform\u00f3 a las 4:02 a.m.en la autopista Foothill Freeway en direcci\u00f3n oeste en Lake Avenue, seg\u00fan la oficial de la Patrulla de Caminos de California, Elizabeth Kravig.<\/p>\n\n\n\n<p>El hombre fue declarado muerto en el lugar, dijo Kravig.<\/p>\n\n\n\n<p>Una SigAlert permaneci\u00f3 vigente a partir de las 6 a.m., cerrando el carril HOV y los carriles 1, 2 y 3.<\/p>\n\n\n\n<p>SigAlert.com dijo que los conductores deben esperar retrasos de hasta 30 minutos en los carriles en direcci\u00f3n oeste.<\/p>\n","protected":false},"excerpt":{"rendered":"<p>Un peat\u00f3n muri\u00f3 el lunes por la ma\u00f1ana cuando fue atropellado por al menos un veh\u00edculo en la autopista I-210 Foothill Freeway en Pasadena. El accidente se inform\u00f3 a las 4:02 a.m.en la autopista Foothill Freeway en direcci\u00f3n oeste en Lake Avenue, seg\u00fan la oficial de la Patrulla de Caminos de California, Elizabeth Kravig. El hombre fue declarado muerto en el lugar, dijo Kravig. Una SigAlert permaneci\u00f3 vigente a partir de las 6 a.m., cerrando el carril HOV y los [&hellip;]<\/p>\n","protected":false},"author":4,"featured_media":0,"comment_status":"open","ping_status":"closed","sticky":false,"template":"","format":"standard","meta":[],"categories":[4],"tags":[],"acf":[],"_links":{"self":[{"href":"http:\/\/www.pasadenahoy.com\/primero\/wp-json\/wp\/v2\/posts\/13236"}],"collection":[{"href":"http:\/\/www.pasadenahoy.com\/primero\/wp-json\/wp\/v2\/posts"}],"about":[{"href":"http:\/\/www.pasadenahoy.com\/primero\/wp-json\/wp\/v2\/types\/post"}],"author":[{"embeddable":true,"href":"http:\/\/www.pasadenahoy.com\/primero\/wp-json\/wp\/v2\/users\/4"}],"replies":[{"embeddable":true,"href":"http:\/\/www.pasadenahoy.com\/primero\/wp-json\/wp\/v2\/comments?post=13236"}],"version-history":[{"count":2,"href":"http:\/\/www.pasadenahoy.com\/primero\/wp-json\/wp\/v2\/posts\/13236\/revisions"}],"predecessor-version":[{"id":13239,"href":"http:\/\/www.pasadenahoy.com\/primero\/wp-json\/wp\/v2\/posts\/13236\/revisions\/13239"}],"wp:attachment":[{"href":"http:\/\/www.pasadenahoy.com\/primero\/wp-json\/wp\/v2\/media?parent=13236"}],"wp:term":[{"taxonomy":"category","embeddable":true,"href":"http:\/\/www.pasadenahoy.com\/primero\/wp-json\/wp\/v2\/categories?post=13236"},{"taxonomy":"post_tag","embeddable":true,"href":"http:\/\/www.pasadenahoy.com\/primero\/wp-json\/wp\/v2\/tags?post=13236"}],"curies":[{"name":"wp","href":"https:\/\/api.w.org\/{rel}","templated":true}]}}