{"id":13253,"date":"2021-12-21T14:22:13","date_gmt":"2021-12-21T14:22:13","guid":{"rendered":"http:\/\/www.pasadenahoy.com\/primero\/?p=13253"},"modified":"2021-12-21T14:22:15","modified_gmt":"2021-12-21T14:22:15","slug":"grupo-islamico-condena-folletos-antisemitas-distribuidos-en-pasadena","status":"publish","type":"post","link":"http:\/\/www.pasadenahoy.com\/primero\/la-comunidad\/grupo-islamico-condena-folletos-antisemitas-distribuidos-en-pasadena\/","title":{"rendered":"Grupo isl\u00e1mico condena folletos antisemitas distribuidos en Pasadena"},"content":{"rendered":"\n<figure class=\"wp-block-image alignnone size-large\"><figure class=\"alignnone\"><img loading=\"lazy\" width=\"700\" height=\"378\" src=\"http:\/\/www.pasadenahoy.com\/primero\/wp-content\/uploads\/2021\/12\/pic-1-4.png\" alt=\"\" class=\"wp-image-13254\" srcset=\"http:\/\/www.pasadenahoy.com\/primero\/wp-content\/uploads\/2021\/12\/pic-1-4.png 700w, http:\/\/www.pasadenahoy.com\/primero\/wp-content\/uploads\/2021\/12\/pic-1-4-300x162.png 300w, http:\/\/www.pasadenahoy.com\/primero\/wp-content\/uploads\/2021\/12\/pic-1-4-241x130.png 241w, http:\/\/www.pasadenahoy.com\/primero\/wp-content\/uploads\/2021\/12\/pic-1-4-333x180.png 333w, http:\/\/www.pasadenahoy.com\/primero\/wp-content\/uploads\/2021\/12\/pic-1-4-360x194.png 360w\" sizes=\"100vw\" \/><\/figure><\/figure>\n\n\n\n<p>Mientras la polic\u00eda de Pasadena investigaba la fuente de folletos llenos de teor\u00edas antisemitas sobre COVID-19 que se distribuyeron en una parte de la ciudad, un grupo isl\u00e1mico de libertades civiles se pronunci\u00f3 el lunes contra el discurso de odio.<\/p>\n\n\n\n<p>La oficina del Consejo de Relaciones Estadounidenses-Isl\u00e1micas del \u00c1rea del Gran Los \u00c1ngeles dijo que apoya a la comunidad jud\u00eda y espera con inter\u00e9s los arrestos en el caso.<\/p>\n\n\n\n<p>\u201cDesde el comienzo de la pandemia de COVID-19, hemos visto un aumento en el odio y la culpa dirigida a las comunidades marginadas. Nos solidarizamos con la comunidad jud\u00eda, la comunidad asi\u00e1tico-estadounidense y todas las minor\u00edas que han sido blanco injustamente del miedo irracional y la intolerancia \u201d, dijo Masih Fouladi, subdirector ejecutivo de CAIR-LA.<\/p>\n\n\n\n<p>Los folletos conten\u00edan un discurso de odio de estilo propagand\u00edstico que relacionaba la pandemia de COVID con el pueblo jud\u00edo y se metieron en bolsas de pl\u00e1stico y se dejaron en los caminos de entrada en un \u00e1rea de cuatro cuadras de la ciudad, seg\u00fan el teniente Anthony Burgess de la polic\u00eda de Pasadena.<\/p>\n\n\n\n<p>Fueron encontrados en Washington Boulevard, Mentor Avenue, Catalina Avenue y Wilson Avenue, seg\u00fan la portavoz de la ciudad de Pasadena, Lisa Derderian.<\/p>\n\n\n\n<p>Burgess le dijo al Los Angeles Times que los volantes nombraban a varias agencias, funcionarios corporativos y de salud federales y afirmaban que &#8220;cada aspecto de la agenda de COVID es jud\u00edo&#8221;.<\/p>\n\n\n\n<p>El Ayuntamiento de Pasadena emiti\u00f3 un comunicado diciendo que se mantuvo firme contra el discurso de odio de cualquier tipo.<\/p>\n\n\n\n<p>\u201cLa distribuci\u00f3n de folletos antisemitas en Pasadena y otras comunidades del sur de California durante el fin de semana es aborrecible y totalmente ant\u00edtesis de los valores de nuestra ciudad y sus residentes\u201d, dijo la ciudad en su comunicado.<\/p>\n\n\n\n<p>\u201cNuestros pensamientos est\u00e1n con nuestros residentes y aquellos heridos por estos actos repugnantes. Sabemos que los residentes de Pasadena de todas las religiones se mantendr\u00e1n unidos y hablar\u00e1n contra el odio en todas sus formas &#8220;.<\/p>\n\n\n\n<p>Se estaba investigando un incidente de odio similar en Beverly Hills, donde se distribuyeron m\u00e1s de 200 volantes antisemitas relacionados con COVID-19 en todo el lado suroeste de la ciudad.<\/p>\n\n\n\n<p>CAIR-LA lanz\u00f3 recientemente el Centro para la Prevenci\u00f3n del Odio y la Intimidaci\u00f3n para abordar de manera proactiva un n\u00famero creciente de incidentes de odio dirigidos a personas de fe, as\u00ed como a residentes negros, asi\u00e1ticos americanos de las islas del Pac\u00edfico, del Medio Oriente e inmigrantes.<\/p>\n\n\n\n<p>Se pidi\u00f3 a cualquier persona con informaci\u00f3n sobre qui\u00e9n estaba detr\u00e1s de los volantes que llamara a la polic\u00eda de Pasadena al 626-744-4241.<\/p>\n","protected":false},"excerpt":{"rendered":"<p>Mientras la polic\u00eda de Pasadena investigaba la fuente de folletos llenos de teor\u00edas antisemitas sobre COVID-19 que se distribuyeron en una parte de la ciudad, un grupo isl\u00e1mico de libertades civiles se pronunci\u00f3 el lunes contra el discurso de odio. La oficina del Consejo de Relaciones Estadounidenses-Isl\u00e1micas del \u00c1rea del Gran Los \u00c1ngeles dijo que apoya a la comunidad jud\u00eda y espera con inter\u00e9s los arrestos en el caso. \u201cDesde el comienzo de la pandemia de COVID-19, hemos visto un [&hellip;]<\/p>\n","protected":false},"author":4,"featured_media":13254,"comment_status":"open","ping_status":"closed","sticky":false,"template":"","format":"standard","meta":[],"categories":[4],"tags":[],"acf":[],"_links":{"self":[{"href":"http:\/\/www.pasadenahoy.com\/primero\/wp-json\/wp\/v2\/posts\/13253"}],"collection":[{"href":"http:\/\/www.pasadenahoy.com\/primero\/wp-json\/wp\/v2\/posts"}],"about":[{"href":"http:\/\/www.pasadenahoy.com\/primero\/wp-json\/wp\/v2\/types\/post"}],"author":[{"embeddable":true,"href":"http:\/\/www.pasadenahoy.com\/primero\/wp-json\/wp\/v2\/users\/4"}],"replies":[{"embeddable":true,"href":"http:\/\/www.pasadenahoy.com\/primero\/wp-json\/wp\/v2\/comments?post=13253"}],"version-history":[{"count":2,"href":"http:\/\/www.pasadenahoy.com\/primero\/wp-json\/wp\/v2\/posts\/13253\/revisions"}],"predecessor-version":[{"id":13256,"href":"http:\/\/www.pasadenahoy.com\/primero\/wp-json\/wp\/v2\/posts\/13253\/revisions\/13256"}],"wp:featuredmedia":[{"embeddable":true,"href":"http:\/\/www.pasadenahoy.com\/primero\/wp-json\/wp\/v2\/media\/13254"}],"wp:attachment":[{"href":"http:\/\/www.pasadenahoy.com\/primero\/wp-json\/wp\/v2\/media?parent=13253"}],"wp:term":[{"taxonomy":"category","embeddable":true,"href":"http:\/\/www.pasadenahoy.com\/primero\/wp-json\/wp\/v2\/categories?post=13253"},{"taxonomy":"post_tag","embeddable":true,"href":"http:\/\/www.pasadenahoy.com\/primero\/wp-json\/wp\/v2\/tags?post=13253"}],"curies":[{"name":"wp","href":"https:\/\/api.w.org\/{rel}","templated":true}]}}